{"id":143776,"date":"2025-06-01T10:10:10","date_gmt":"2025-06-01T10:10:10","guid":{"rendered":"https:\/\/www.europesays.com\/fr\/143776\/"},"modified":"2025-06-01T10:10:10","modified_gmt":"2025-06-01T10:10:10","slug":"de-nouveau-sorti-des-la-q1-ocon-estime-que-le-gp-est-encore-loin-detre-fini","status":"publish","type":"post","link":"https:\/\/www.europesays.com\/fr\/143776\/","title":{"rendered":"De nouveau sorti d\u00e8s la Q1, Ocon estime que le GP est \u00ab\u00a0encore loin d&rsquo;\u00eatre fini\u00a0\u00bb"},"content":{"rendered":"<p>Les qualifications se suivent pas ne se ressemblent d\u00e9cid\u00e9ment pas pour <a href=\"https:\/\/fr.motorsport.com\/driver\/esteban-ocon\/95096\/\" target=\"_blank\" rel=\"noopener\">Esteban Ocon<\/a>. Une semaine apr\u00e8s s&rsquo;\u00eatre hiss\u00e9 au huiti\u00e8me rang dans les rues de Monaco, le Fran\u00e7ais n&rsquo;a pu faire mieux que la 17e place \u00e0 Barcelone ce samedi, \u00e9tant \u00e9limin\u00e9 en Q1 pour la cinqui\u00e8me fois de la saison, soit un Grand Prix sur deux depuis le d\u00e9but de la saison.<\/p>\n<p>Toutefois, le pilote <a href=\"https:\/\/fr.motorsport.com\/team\/haas\/1949\/\" target=\"_blank\" rel=\"noopener\">Haas<\/a> n&rsquo;affichait pas une trop grande d\u00e9ception \u00e0 sa sortie du cockpit, estimant que le GP d&rsquo;Espagne, sur une piste notoirement difficile pour les pneus et qui devrait se d\u00e9rouler avec au moins deux arr\u00eats, lui offrira des opportunit\u00e9s<\/p>\n<p>\u00ab\u00a0Ce n&rsquo;est pas la m\u00eame piste [que Monaco], il y a beaucoup de challenges qui sont diff\u00e9rents\u00a0\u00bb, a-t-il d&rsquo;abord r\u00e9pondu au micro de Canal+, qui il lui a \u00e9t\u00e9 demand\u00e9 pourquoi il y avait un tel \u00e9cart entre ses qualifications de Monte-Carlo et celles de Catalogne.<\/p>\n<p>\u00ab\u00a0Maintenant, c&rsquo;\u00e9tait assez serr\u00e9 aujourd&rsquo;hui, on \u00e9tait juste du mauvais c\u00f4t\u00e9 malheureusement.\u00a0Il nous a manqu\u00e9 ce petit dixi\u00e8me pour esp\u00e9rer rentrer en Q2. Donc oui, on va essayer de faire la meilleure course possible demain et \u00e7a va \u00eatre une longue course avec beaucoup de d\u00e9gradation. Donc voil\u00e0, notre week-end n&rsquo;est pas fini &#8211; compar\u00e9 \u00e0 Monaco si on s&rsquo;\u00e9tait mal qualifi\u00e9s &#8211; donc \u00e0 nous de faire bien demain.\u00a0\u00bb<\/p>\n<p>Interrog\u00e9 sur les cl\u00e9s de la course, il a ajout\u00e9 : \u00ab\u00a0Une bonne gestion des pneus, je pense, une bonne strat\u00e9gie aussi &#8211; rentrer au bon moment, regarder ce que les autres font \u00e9galement. Si on optimise cette course, on sait qu&rsquo;elle est longue, il peut se passer \u00e9norm\u00e9ment de choses. C&rsquo;est encore loin d&rsquo;\u00eatre fini.\u00a0\u00bb<\/p>\n<p>Plus tard, il a \u00e9galement d\u00e9clar\u00e9 : \u00ab\u00a0C&rsquo;\u00e9tait serr\u00e9, il ne m&rsquo;a manqu\u00e9 qu&rsquo;un dixi\u00e8me pour me qualifier en Q2. Mais ce week-end est loin d&rsquo;\u00eatre termin\u00e9, la course est longue, il faut m\u00e9nager ses pneus et il y aura beaucoup de strat\u00e9gies au niveau des arr\u00eats aux stands. Il reste encore beaucoup de chemin \u00e0 parcourir et j&rsquo;esp\u00e8re que nous pourrons optimiser les choses et progresser.\u00a0\u00bb<\/p>\n<p>Dans le m\u00eame temps, Oliver Bearman a acc\u00e9d\u00e9 \u00e0 la Q2 mais n&rsquo;a pu faire mieux que 15e.<\/p>\n<p>Lire aussi :<\/p>\n<p>Dans cet article<\/p>\n<p>    Fabien Gaillard\n<\/p>\n<p>    Formule 1\n<\/p>\n<p>    Esteban Ocon\n<\/p>\n<p>    Haas\n<\/p>\n<p>Soyez le premier inform\u00e9 et souscrivez aux alertes mails pour recevoir les infos en temps r\u00e9el<\/p>\n<p>    S&rsquo;abonner aux alertes de news<\/p>\n","protected":false},"excerpt":{"rendered":"Les qualifications se suivent pas ne se ressemblent d\u00e9cid\u00e9ment pas pour Esteban Ocon. Une semaine apr\u00e8s s&rsquo;\u00eatre hiss\u00e9&hellip;\n","protected":false},"author":2,"featured_media":143777,"comment_status":"","ping_status":"","sticky":false,"template":"","format":"standard","meta":{"footnotes":""},"categories":[1412],"tags":[25466,2249,1451,1452,1453,1454,1455,1011,27,12529,4443,60],"class_list":{"0":"post-143776","1":"post","2":"type-post","3":"status-publish","4":"format-standard","5":"has-post-thumbnail","7":"category-f1","8":"tag-circuit-de-barcelona-catalunya","9":"tag-esteban-ocon","10":"tag-f1","11":"tag-formula-1","12":"tag-formula1","13":"tag-formule-1","14":"tag-formule1","15":"tag-fr","16":"tag-france","17":"tag-gp-despagne","18":"tag-haas","19":"tag-sports"},"share_on_mastodon":{"url":"https:\/\/pubeurope.com\/@fr\/114607569720362576","error":""},"_links":{"self":[{"href":"https:\/\/www.europesays.com\/fr\/wp-json\/wp\/v2\/posts\/143776","targetHints":{"allow":["GET"]}}],"collection":[{"href":"https:\/\/www.europesays.com\/fr\/wp-json\/wp\/v2\/posts"}],"about":[{"href":"https:\/\/www.europesays.com\/fr\/wp-json\/wp\/v2\/types\/post"}],"author":[{"embeddable":true,"href":"https:\/\/www.europesays.com\/fr\/wp-json\/wp\/v2\/users\/2"}],"replies":[{"embeddable":true,"href":"https:\/\/www.europesays.com\/fr\/wp-json\/wp\/v2\/comments?post=143776"}],"version-history":[{"count":0,"href":"https:\/\/www.europesays.com\/fr\/wp-json\/wp\/v2\/posts\/143776\/revisions"}],"wp:featuredmedia":[{"embeddable":true,"href":"https:\/\/www.europesays.com\/fr\/wp-json\/wp\/v2\/media\/143777"}],"wp:attachment":[{"href":"https:\/\/www.europesays.com\/fr\/wp-json\/wp\/v2\/media?parent=143776"}],"wp:term":[{"taxonomy":"category","embeddable":true,"href":"https:\/\/www.europesays.com\/fr\/wp-json\/wp\/v2\/categories?post=143776"},{"taxonomy":"post_tag","embeddable":true,"href":"https:\/\/www.europesays.com\/fr\/wp-json\/wp\/v2\/tags?post=143776"}],"curies":[{"name":"wp","href":"https:\/\/api.w.org\/{rel}","templated":true}]}}