{"id":143782,"date":"2025-06-01T10:13:11","date_gmt":"2025-06-01T10:13:11","guid":{"rendered":"https:\/\/www.europesays.com\/fr\/143782\/"},"modified":"2025-06-01T10:13:11","modified_gmt":"2025-06-01T10:13:11","slug":"elon-musk-sindigne-des-revelations-sur-son-addiction","status":"publish","type":"post","link":"https:\/\/www.europesays.com\/fr\/143782\/","title":{"rendered":"Elon Musk s&rsquo;indigne des r\u00e9v\u00e9lations sur son addiction"},"content":{"rendered":"<p><a href=\"http:\/\/www.ledauphine.com\/p\/elon-musk\" target=\"_blank\" rel=\"nofollow noopener\">Elon Musk<\/a> serait un grand consommateur de drogues, a r\u00e9v\u00e9l\u00e9 le r\u00e9put\u00e9 <a href=\"https:\/\/www.nytimes.com\/2025\/05\/30\/us\/elon-musk-drugs-children-trump.html\" target=\"_blank\" rel=\"nofollow noopener\">New York Times<\/a> dans une longue enqu\u00eate parue vendredi. Des informations que le milliardaire a r\u00e9fut\u00e9 avec v\u00e9h\u00e9mence sur son r\u00e9seau social X, ce samedi.\u00a0<\/p>\n<p>Ce contenu est bloqu\u00e9 car vous n&rsquo;avez pas accept\u00e9 les cookies et autres traceurs.<\/p>\n<p>En cliquant sur \u00ab J\u2019accepte \u00bb, les cookies et autres traceurs seront d\u00e9pos\u00e9s et vous pourrez visualiser les contenus  (<a href=\"\" class=\"consentModule_policy\" target=\"_blank\" title=\"Consulter la politique de protection des donn\u00e9es du fournisseur\">plus d&rsquo;informations<\/a>).<\/p>\n<p>En cliquant sur \u00ab J\u2019accepte tous les cookies \u00bb, vous autorisez des d\u00e9p\u00f4ts de cookies et autres traceurs pour le stockage de vos donn\u00e9es sur nos sites et applications \u00e0 des fins de personnalisation et de ciblage publicitaire.<\/p>\n<p class=\"consentModule_secondaryText\">Vous gardez la possibilit\u00e9 de retirer votre consentement \u00e0 tout moment en consultant notre <a href=\"http:\/\/www.ledauphine.com\/protection-des-donnees\" target=\"_blank\" title=\"Consulter notre politique de protection des donn\u00e9es\" rel=\"nofollow noopener\">politique de protection des donn\u00e9es<\/a>. <br \/>&#13;<br \/>\n            <a href=\"http:\/\/www.ledauphine.com\/politique\/2025\/06\/01\/javascript:Didomi.notice.show()\" class=\"consentModule_cmp\" rel=\"nofollow noopener\" target=\"_blank\">G\u00e9rer mes choix<\/a>&#13;\n        <\/p>\n<p>&#13;<br \/>\n                        J&rsquo;accepte&#13;<br \/>\n            J&rsquo;accepte tous les cookies&#13;\n        <\/p>\n<p>\u00ab Pour \u00eatre clair, je ne prends PAS de drogues ! Le New York Times ment comme un arracheur de dents. J&rsquo;ai essay\u00e9 la k\u00e9tamine \u00ab\u00a0sur ordonnance\u00a0\u00bb il y a quelques ann\u00e9es et je l&rsquo;ai dit sur X, donc ce n&rsquo;est pas nouveau. Cela aide \u00e0 sortir de p\u00e9riodes sombres, mais je n&rsquo;en ai pas pris depuis lors \u00bb, a \u00e9crit l&rsquo;homme le plus riche du monde.<\/p>\n<p><a href=\"http:\/\/www.ledauphine.com\/politique\/2025\/05\/30\/depart-de-musk-du-gouvernement-ce-qu-il-faut-retenir-de-la-conference-de-presse-commune-avec-trump\" target=\"_blank\" rel=\"nofollow noopener\">Lors de la conf\u00e9rence de presse<\/a> organis\u00e9e conjointement avec <a href=\"http:\/\/www.ledauphine.com\/p\/donald-trump\" target=\"_blank\" rel=\"nofollow noopener\">Donald Trump<\/a> vendredi pour avaliser son d\u00e9part du gouvernement, Elon Musk avait d\u00e9j\u00e0 balay\u00e9 les informations du New York Times sur sa pr\u00e9tendue consommation de drogue, mais sans y r\u00e9pondre sur le fond.<\/p>\n<p>Donald Trump pas au courant<\/p>\n<p>Il avait plut\u00f4t accus\u00e9 le grand quotidien new-yorkais d&rsquo;avoir propag\u00e9 des \u00ab mensonges \u00bb sur les relations entre Donald Trump et la Russie : \u00ab C&rsquo;est de ce New York Times dont on parle ? Passons \u00e0 autre chose \u00bb, avait-il \u00e9lud\u00e9. Dans son article vendredi, le journal affirme que, pendant la campagne \u00e9lectorale, l&rsquo;entrepreneur consommait d&rsquo;importantes quantit\u00e9s de k\u00e9tamine, un anesth\u00e9siant aux effets stimulants, mais aussi de l&rsquo;ecstasy, des champignons hallucinog\u00e8nes et des m\u00e9dicaments.<\/p>\n<p>Quand un journaliste a demand\u00e9 vendredi soir \u00e0 Donald Trump s&rsquo;il \u00e9tait \u00ab au courant de l&rsquo;usage r\u00e9gulier de drogues par Elon Musk \u00bb, le pr\u00e9sident am\u00e9ricain a r\u00e9pondu : \u00ab Je ne l&rsquo;\u00e9tais pas \u00bb. Avant d&rsquo;ajouter : \u00ab Je pense qu&rsquo;Elon est un type fantastique \u00bb. Elon Musk, patron de X, Tesla et SpaceX, avait d\u00e9j\u00e0 d\u00e9clar\u00e9 publiquement qu&rsquo;il consommait \u00e0 petites doses de la k\u00e9tamine afin de lutter contre des tendances d\u00e9pressives, et que cela l&rsquo;aidait \u00e0 \u00eatre plus efficace dans son travail.<\/p>\n","protected":false},"excerpt":{"rendered":"Elon Musk serait un grand consommateur de drogues, a r\u00e9v\u00e9l\u00e9 le r\u00e9put\u00e9 New York Times dans une longue&hellip;\n","protected":false},"author":2,"featured_media":143783,"comment_status":"","ping_status":"","sticky":false,"template":"","format":"standard","meta":{"footnotes":""},"categories":[1359],"tags":[58,59,107,1011,27,329,973,316],"class_list":{"0":"post-143782","1":"post","2":"type-post","3":"status-publish","4":"format-standard","5":"has-post-thumbnail","7":"category-people","8":"tag-divertissement","9":"tag-entertainment","10":"tag-fil-info","11":"tag-fr","12":"tag-france","13":"tag-france-monde","14":"tag-people","15":"tag-politique"},"share_on_mastodon":{"url":"https:\/\/pubeurope.com\/@fr\/114607581068482974","error":""},"_links":{"self":[{"href":"https:\/\/www.europesays.com\/fr\/wp-json\/wp\/v2\/posts\/143782","targetHints":{"allow":["GET"]}}],"collection":[{"href":"https:\/\/www.europesays.com\/fr\/wp-json\/wp\/v2\/posts"}],"about":[{"href":"https:\/\/www.europesays.com\/fr\/wp-json\/wp\/v2\/types\/post"}],"author":[{"embeddable":true,"href":"https:\/\/www.europesays.com\/fr\/wp-json\/wp\/v2\/users\/2"}],"replies":[{"embeddable":true,"href":"https:\/\/www.europesays.com\/fr\/wp-json\/wp\/v2\/comments?post=143782"}],"version-history":[{"count":0,"href":"https:\/\/www.europesays.com\/fr\/wp-json\/wp\/v2\/posts\/143782\/revisions"}],"wp:featuredmedia":[{"embeddable":true,"href":"https:\/\/www.europesays.com\/fr\/wp-json\/wp\/v2\/media\/143783"}],"wp:attachment":[{"href":"https:\/\/www.europesays.com\/fr\/wp-json\/wp\/v2\/media?parent=143782"}],"wp:term":[{"taxonomy":"category","embeddable":true,"href":"https:\/\/www.europesays.com\/fr\/wp-json\/wp\/v2\/categories?post=143782"},{"taxonomy":"post_tag","embeddable":true,"href":"https:\/\/www.europesays.com\/fr\/wp-json\/wp\/v2\/tags?post=143782"}],"curies":[{"name":"wp","href":"https:\/\/api.w.org\/{rel}","templated":true}]}}