{"id":143784,"date":"2025-06-01T10:14:11","date_gmt":"2025-06-01T10:14:11","guid":{"rendered":"https:\/\/www.europesays.com\/fr\/143784\/"},"modified":"2025-06-01T10:14:11","modified_gmt":"2025-06-01T10:14:11","slug":"joel-belin-premier-homme-volant-de-saint-claude-et-sculpteur-libre","status":"publish","type":"post","link":"https:\/\/www.europesays.com\/fr\/143784\/","title":{"rendered":"Jo\u00ebl Belin, \u00ab\u00a0premier homme volant \u00bb de Saint-Claude et sculpteur libre"},"content":{"rendered":"<p>D\u00e9crit comme \u00ab\u00a0le premier homme volant de Saint-Claude\u00a0\u00bb dans la presse locale des ann\u00e9es 70, Jo\u00ebl Belin, 79 ans reste toujours le m\u00eame, accueillant, marrant et entreprenant\u00a0! Et c\u2019est de famille\u00a0! Son fr\u00e8re Yvon, d\u00e9c\u00e9d\u00e9 \u00e0 90 ans en 2022, avait mont\u00e9 son entreprise en 1972. Jo\u00ebl l\u2019avait aid\u00e9 dans ses cr\u00e9ations d\u2019outils au carbure de tungst\u00e8ne.<\/p>\n<p>  Un gratteur de bois<\/p>\n<p>Le Progr\u00e8s l\u2019a rencontr\u00e9 dans sa boutique, r\u00e9cemment rouverte, contenant divers tr\u00e9sors d\u2019artisanat et souvenirs en tous genres\u00a0: machines \u00e0 polir la pipe, affiches, t-shirts ou photos du Delta-club, ancien appareil-photo sur pied, avion fabriqu\u00e9 <a href=\"https:\/\/www.leprogres.fr\/jura\/2015\/06\/13\/joel-belin-honore-son-maitre-et-ami-paul-lanier\" target=\"_blank\" rel=\"noopener\">par son grand ami, Paul Lanier<\/a> et m\u00eame des sculptures personnelles<\/p>\n<p>Il aime gratter le bois, graver des couteaux<a href=\"https:\/\/www.leprogres.fr\/jura-39-edition-saint-claude-et-haut-jura\/2019\/06\/20\/un-membre-de-la-famille-opinel-en-visite-dans-la-cite-pipiere\" target=\"_blank\" rel=\"noopener\"> graver des couteaux<\/a> et fa\u00e7onner des objets en s\u00e9rie ou uniques, parfois d\u2019une taille surdimensionn\u00e9e, comme cette morille g\u00e9ante personnifi\u00e9e ou cette grosse pipe de 150\u00a0kg qui tr\u00f4ne dans son magasin.<\/p>\n<p>L\u2019habilet\u00e9 de ses mains, Jo\u00ebl la doit \u00e0 ses parents. Sa m\u00e8re \u00e9tait polisseuse de pipes \u00e0 domicile et son p\u00e8re \u00e9tait coiffeur \u00e0 Saint-Hubert. Ce dernier est venu \u00ab\u00a0en ville\u00a0\u00bb, l\u00e0 m\u00eame o\u00f9 l\u2019artisan a sa boutique, tenue pendant ces derni\u00e8res ann\u00e9es par la famille Mermet-Mar\u00e9chal. \u00ab\u00a0J\u2019allais chez Paul Lanier, le voisin et ami de mon p\u00e8re, sculpteur sur pipe. On travaillait le matin et l\u2019apr\u00e8s-midi on allait faire des vols en avion. Avec Paul c\u2019\u00e9tait le bonheur\u00a0! Sympathie, gentillesse et humour, passionn\u00e9 de sculpture et d\u2019aviation. Il connaissait beaucoup de personnalit\u00e9s qui avaient \u00e9t\u00e9 intronis\u00e9es et il les emmenait dans son avion\u00a0!\u00a0\u00bb<\/p>\n<p>  Un pionnier et le \u00ab\u00a0Poulidor\u00a0\u00bb du delta-plane<\/p>\n<p>D\u2019o\u00f9 peut-\u00eatre sa deuxi\u00e8me passion pour le vol libre. Car Jo\u00ebl, il est comme Max, il est libre. Apr\u00e8s des ann\u00e9es pass\u00e9es \u00e0 pratiquer le kayak, il a r\u00e9pondu \u00e0 une annonce dans  Le Progr\u00e8s pour commander <a href=\"https:\/\/www.leprogres.fr\/jura\/2017\/01\/06\/le-fou-volant-joel-belin-invente-un-systeme-de-securite-pour-le-deltaplane\" target=\"_blank\" rel=\"noopener\">un kit de deltaplane<\/a>, cet objet volant non identifi\u00e9 et sans notice\u00a0! \u00ab\u00a0J\u2019ai tout appris sur le tas, au Marais, je courais, je faisais des essais. J\u2019ai effectu\u00e9 mon premier vol le 27\u00a0octobre 1973 aux Bouchoux, avec Paul Lanier, et son fils\u00a0\u00bb, se souvient l\u2019amateur de randonn\u00e9e et de ski de fond.<\/p>\n<p>  Du Br\u00e9sil \u00e0 l\u2019Argentine en passant par l\u2019Espagne<\/p>\n<p>De vols en rencontres, le Delta-club s\u2019est cr\u00e9\u00e9 en 1975 et une poign\u00e9e de membres a tourn\u00e9 la pub pour Hollywood chewing-gum en 1982, en Jama\u00efque, avec \u00ab\u00a0le Jo\u00ebl\u00a0\u00bb et ses fameuses cascades. Des souvenirs, il en a des tas dont des s\u00e9jours en Espagne pendant 35 ann\u00e9es, au c\u00f4t\u00e9 de ses amis.<\/p>\n","protected":false},"excerpt":{"rendered":"D\u00e9crit comme \u00ab\u00a0le premier homme volant de Saint-Claude\u00a0\u00bb dans la presse locale des ann\u00e9es 70, Jo\u00ebl Belin, 79&hellip;\n","protected":false},"author":2,"featured_media":143785,"comment_status":"","ping_status":"","sticky":false,"template":"","format":"standard","meta":{"footnotes":""},"categories":[1358],"tags":[1348,1384,1385,1386,58,2274,59,1011,27,1757,1826,2272,2273],"class_list":{"0":"post-143784","1":"post","2":"type-post","3":"status-publish","4":"format-standard","5":"has-post-thumbnail","7":"category-arts-et-design","8":"tag-arts","9":"tag-arts-and-design","10":"tag-arts-et-design","11":"tag-design","12":"tag-divertissement","13":"tag-edition-jura-sud","14":"tag-entertainment","15":"tag-fr","16":"tag-france","17":"tag-insolite","18":"tag-jura","19":"tag-saint-claude","20":"tag-saint-claude-bassin"},"share_on_mastodon":{"url":"https:\/\/pubeurope.com\/@fr\/114607585537863635","error":""},"_links":{"self":[{"href":"https:\/\/www.europesays.com\/fr\/wp-json\/wp\/v2\/posts\/143784","targetHints":{"allow":["GET"]}}],"collection":[{"href":"https:\/\/www.europesays.com\/fr\/wp-json\/wp\/v2\/posts"}],"about":[{"href":"https:\/\/www.europesays.com\/fr\/wp-json\/wp\/v2\/types\/post"}],"author":[{"embeddable":true,"href":"https:\/\/www.europesays.com\/fr\/wp-json\/wp\/v2\/users\/2"}],"replies":[{"embeddable":true,"href":"https:\/\/www.europesays.com\/fr\/wp-json\/wp\/v2\/comments?post=143784"}],"version-history":[{"count":0,"href":"https:\/\/www.europesays.com\/fr\/wp-json\/wp\/v2\/posts\/143784\/revisions"}],"wp:featuredmedia":[{"embeddable":true,"href":"https:\/\/www.europesays.com\/fr\/wp-json\/wp\/v2\/media\/143785"}],"wp:attachment":[{"href":"https:\/\/www.europesays.com\/fr\/wp-json\/wp\/v2\/media?parent=143784"}],"wp:term":[{"taxonomy":"category","embeddable":true,"href":"https:\/\/www.europesays.com\/fr\/wp-json\/wp\/v2\/categories?post=143784"},{"taxonomy":"post_tag","embeddable":true,"href":"https:\/\/www.europesays.com\/fr\/wp-json\/wp\/v2\/tags?post=143784"}],"curies":[{"name":"wp","href":"https:\/\/api.w.org\/{rel}","templated":true}]}}