{"id":14379,"date":"2025-04-10T07:16:14","date_gmt":"2025-04-10T07:16:14","guid":{"rendered":"https:\/\/www.europesays.com\/fr\/14379\/"},"modified":"2025-04-10T07:16:14","modified_gmt":"2025-04-10T07:16:14","slug":"du-podcast-au-theatre-cest-le-pari-reussi-de-philippe-collin-avec-leon-blum-une-vie-heroique-a-voir-a-nice","status":"publish","type":"post","link":"https:\/\/www.europesays.com\/fr\/14379\/","title":{"rendered":"Du podcast au th\u00e9\u00e2tre, c\u2019est le pari r\u00e9ussi de Philippe Collin avec \u00ab\u00a0L\u00e9on Blum, une vie h\u00e9ro\u00efque\u00a0\u00bb, \u00e0 voir \u00e0 Nice"},"content":{"rendered":"<p>Philippe Collin est devenu, en quelques ann\u00e9es, une voix incontournable de l\u2019Histoire. Journaliste, mais aussi producteur de radio, auteur (et m\u00eame sc\u00e9nariste de BD), l\u2019homme qui officie sur les ondes de France Inter est \u00e0 l\u2019origine d\u2019une s\u00e9rie de podcasts, Face \u00e0 l\u2019Histoire, consacr\u00e9s aux hommes et femmes qui font l\u2019Histoire donc. Instructifs, p\u00e9dagogiques, ces moments de radio sont, pour certains, aujourd\u2019hui d\u00e9clin\u00e9s sous d\u2019autres formats. On fait le point.<\/p>\n<p>1. \u00ab\u00a0L\u00e9on Blum, une vie h\u00e9ro\u00efque\u00a0\u00bb au th\u00e9\u00e2tre<\/p>\n<p><strong>C\u2019\u00e9tait un podcast parmi les plus \u00e9cout\u00e9s du journaliste, adapt\u00e9 en livre<\/strong>. C\u2019est devenu, sous la collaboration de Charles Berling, directeur de la sc\u00e8ne nationale Ch\u00e2teauvallon-Libert\u00e9 (Ollioules-Toulon) et Philippe Collin lui-m\u00eame, un \u00e9v\u00e9nement th\u00e9\u00e2tral hors norme, participatif, m\u00ealant le travail d\u2019un dessinateur, d\u2019un historien, d\u2019une chorale, mais aussi de musiciens, danseurs et com\u00e9diens amateurs dans une ronde participative qui salue les frustrations d\u2019aujourd\u2019hui, les espoirs d\u2019hier et peut-\u00eatre ceux de demain.<\/p>\n<p>L\u00e9on Blum, une vie h\u00e9ro\u00efque r\u00e9cit\u00e9 par Philippe Collin lui-m\u00eame, interpr\u00e9t\u00e9 par Charles Berling, se d\u00e9roule en plusieurs parties th\u00e9\u00e2trales ponctu\u00e9es de moment de partage. On va pouvoir le d\u00e9couvrir au Th\u00e9\u00e2tre national de Nice ce samedi. Entr\u00e9e en sc\u00e8ne \u00e0 14h, salle de La Cuisine. Pause \u00e0 17h avec l\u2019organisation d\u2019un bal populaire (collation offerte) avant la deuxi\u00e8me partie, qui d\u00e9butera \u00e0 18h, pour prendre fin \u00e0 20h. Banquet r\u00e9publicain jusqu\u2019\u00e0 21h30 (certains auront r\u00e9serv\u00e9 le panier-repas au pr\u00e9alable, d\u2019autres am\u00e8neront leur propre pique-nique) avant la troisi\u00e8me et derni\u00e8re partie pr\u00e9vue pour s\u2019achever \u00e0 23h30.<\/p>\n<p>Th\u00e9\u00e2tre national de Nice &#8211; La Cuisine. Samedi 5 avril \u00e0 14h. Dur\u00e9e: 9 heures. 35 euros, r\u00e9duit de 5 \u00e0 30 euros. Rens. 04.93.13.19.00.<\/p>\n<p>2. \u00ab\u00a0Les R\u00e9sistantes\u00a0\u00bb adapt\u00e9 en livre et \u00e0 la t\u00e9l\u00e9<\/p>\n<p>\u00ab\u00a0Ces r\u00e9sistantes ont d\u00e9fendu une nation au sein de laquelle elles n\u2019avaient m\u00eame pas le droit de vote comme si, d\u2019un point de vue civique, elles n\u2019avaient pas atteint la majorit\u00e9&#8230;\u00a0\u00bb C\u2019\u00e9tait, l\u00e0 aussi, un podcast de Philippe Collin. Les R\u00e9sistantes <strong>pour en finir avec certains clich\u00e9s qui accompagnent l\u2019image des femmes dans la R\u00e9sistance<\/strong>. Elles s\u2019appellent Genevi\u00e8ve de Gaulle (ni\u00e8ce du g\u00e9n\u00e9ral), Simonne Mathieu, Ren\u00e9e Davelly, Mila Racine et, plus connue du grand public, Lucie Aubrac.<\/p>\n<p><strong>Au-del\u00e0 de leur r\u00f4le dans la R\u00e9sistance, Philippe Collin retrace leur parcours de vie<\/strong>: comment une jeune fille, Mila Racine, n\u00e9e en Russie dans une famille de la bourgeoisie russe, se retrouve \u00e0 fuir le r\u00e9gime avec sa famille pour devenir plus tard, une figure de l\u2019engagement f\u00e9minin dans un combat qui la d\u00e9passe. Elle rejoindra d\u2019ailleurs le camp de Ravensbr\u00fcck dans le m\u00eame convoi que&#8230; Genevi\u00e8ve de Gaulle. Comment Simonne Mathieu, un brin ch\u00e9tive enfant, grande joueuse de tennis adulte, finira par cr\u00e9er le Corps des volontaires fran\u00e7aises dans les Forces fran\u00e7aises libres.<\/p>\n<p>Le r\u00e9cit de Philippe Collin, qui replace ces femmes dans leur propre histoire, est appuy\u00e9 par <strong>des archives rares<\/strong> dont beaucoup ont \u00e9t\u00e9 confi\u00e9es par les familles de ces h\u00e9ro\u00efnes, mais aussi par le travail d\u2019historien(ne)s dont Claire Andrieu et Catherine Lacour-Astol.<\/p>\n<p>Ce podcast fait aussi l\u2019objet d\u2019une adaptation t\u00e9l\u00e9vis\u00e9e. La s\u00e9rie documentaire, de 4 \u00e9pisodes Face \u00e0 l\u2019Histoire; les R\u00e9sistantes sera propos\u00e9e sur la plateforme France TV et diffus\u00e9e sur France 5 le 13 avril \u00e0 partir de 21h.<\/p>\n<p>Le r\u00f4le crucial des femmes face au nazisme, de Philippe Collin. \u00c9ditions Albin Michel. 447 pages. 25,90 euros.<\/p>\n<p>              <img ci-src=\"https:\/\/www.varmatin.com\/theatre\/protec\/DATA_ART_15268585-tCmIWzbT.jpg?vh=c9c9c7&amp;ci_seal=6f7d071c52\" alt=\"\"\/><br \/>\n        Les R\u00e9sistantes de Philippe Collin. <strong>Photo DR.<\/strong> <\/p>\n<p>                                3. \u00ab\u00a01945. Les d\u00e9port\u00e9s\u00a0\u00bb \u00e0 \u00e9couter<\/p>\n<p>Faut-il encore rappeler \u00e0 quel point les podcasts de Philippe Collin, Face \u00e0 l\u2019Histoire, sont n\u00e9cessaires? Apr\u00e8s celui consacr\u00e9 \u00e0 l\u2019affaire Dreyfus sorti en 2025, voici <strong>une nouvelle salve de huit \u00e9pisodes autour de la d\u00e9portation pendant la Seconde Guerre mondiale<\/strong>. 80 ans apr\u00e8s la lib\u00e9ration des camps, ce podcast retrace <strong>le destin de trois d\u00e9port\u00e9s fran\u00e7ais, illustrant la diversit\u00e9 des victimes du syst\u00e8me concentrationnaire nazi<\/strong>: Edmond Michelet, d\u00e9port\u00e9 catholique et gaulliste, Gis\u00e8le Guillemot, d\u00e9port\u00e9e communiste et Denise Kahn, d\u00e9port\u00e9e dite \u00ab\u00a0raciale\u00a0\u00bb. Dans un monde de plus en plus confus, o\u00f9 les derniers survivants vont dispara\u00eetre, les trajectoires de ces trois d\u00e9port\u00e9s doivent aussi nous rappeler ce que fut la r\u00e9alit\u00e9 de la d\u00e9portation dans leur vie. Une collection d\u2019utilit\u00e9 publique.<\/p>\n<p>Disponible sur l\u2019application Radio France et franceinter.fr<\/p>\n","protected":false},"excerpt":{"rendered":"Philippe Collin est devenu, en quelques ann\u00e9es, une voix incontournable de l\u2019Histoire. Journaliste, mais aussi producteur de radio,&hellip;\n","protected":false},"author":2,"featured_media":14380,"comment_status":"","ping_status":"","sticky":false,"template":"","format":"standard","meta":{"footnotes":""},"categories":[2819],"tags":[1111,11,251,1777,674,1011,27,12,2401,882,1825,25,1347],"class_list":{"0":"post-14379","1":"post","2":"type-post","3":"status-publish","4":"format-standard","5":"has-post-thumbnail","7":"category-nice","8":"tag-actu","9":"tag-actualites","10":"tag-culture","11":"tag-eu","12":"tag-europe","13":"tag-fr","14":"tag-france","15":"tag-news","16":"tag-nice","17":"tag-provence-alpes-cote-dazur","18":"tag-radio","19":"tag-republique-francaise","20":"tag-theatre"},"share_on_mastodon":{"url":"https:\/\/pubeurope.com\/@fr\/114312444945523755","error":""},"_links":{"self":[{"href":"https:\/\/www.europesays.com\/fr\/wp-json\/wp\/v2\/posts\/14379","targetHints":{"allow":["GET"]}}],"collection":[{"href":"https:\/\/www.europesays.com\/fr\/wp-json\/wp\/v2\/posts"}],"about":[{"href":"https:\/\/www.europesays.com\/fr\/wp-json\/wp\/v2\/types\/post"}],"author":[{"embeddable":true,"href":"https:\/\/www.europesays.com\/fr\/wp-json\/wp\/v2\/users\/2"}],"replies":[{"embeddable":true,"href":"https:\/\/www.europesays.com\/fr\/wp-json\/wp\/v2\/comments?post=14379"}],"version-history":[{"count":0,"href":"https:\/\/www.europesays.com\/fr\/wp-json\/wp\/v2\/posts\/14379\/revisions"}],"wp:featuredmedia":[{"embeddable":true,"href":"https:\/\/www.europesays.com\/fr\/wp-json\/wp\/v2\/media\/14380"}],"wp:attachment":[{"href":"https:\/\/www.europesays.com\/fr\/wp-json\/wp\/v2\/media?parent=14379"}],"wp:term":[{"taxonomy":"category","embeddable":true,"href":"https:\/\/www.europesays.com\/fr\/wp-json\/wp\/v2\/categories?post=14379"},{"taxonomy":"post_tag","embeddable":true,"href":"https:\/\/www.europesays.com\/fr\/wp-json\/wp\/v2\/tags?post=14379"}],"curies":[{"name":"wp","href":"https:\/\/api.w.org\/{rel}","templated":true}]}}