{"id":143798,"date":"2025-06-01T10:21:10","date_gmt":"2025-06-01T10:21:10","guid":{"rendered":"https:\/\/www.europesays.com\/fr\/143798\/"},"modified":"2025-06-01T10:21:10","modified_gmt":"2025-06-01T10:21:10","slug":"jamais-de-la-vie-helena-star-academy-sa-verite-sur-sa-robe-du-festival-de-cannes-qui-a-fait-jaser","status":"publish","type":"post","link":"https:\/\/www.europesays.com\/fr\/143798\/","title":{"rendered":"\u00ab\u00a0Jamais de la vie\u00a0\u00bb Helena (Star Academy), sa v\u00e9rit\u00e9 sur sa robe du Festival de Cannes qui a fait jaser"},"content":{"rendered":"<p>      R\u00e9sum\u00e9<\/p>\n<p>Helena Bailly a \u00e9voqu\u00e9 sa premi\u00e8re mont\u00e9e des marches au Festival de Cannes, soulignant son choix audacieux de robe et son message d\u2019acceptation de soi li\u00e9 \u00e0 sa chanson \u00ab\u00a0Summer Body\u00a0\u00bb.<\/p>\n<p>        Sommaire<\/p>\n<p>Le 14 mai dernier, <a href=\"https:\/\/www.public.fr\/exclu-public-pierre-garnier-et-helena-plus-proches-que-jamais-arrivent-ensemble-au-concert-de-tate-mcrae\" rel=\"nofollow noopener\" target=\"_blank\">Helena Bailly<\/a> faisait <strong>sa toute premi\u00e8re mont\u00e9e des marches au Festival de Cannes<\/strong>, dans une robe moulante grise qui a fait cr\u00e9piter les flashs. Quelques semaines plus tard, au micro d\u2019Aur\u00e9lie Casse sur France 5, elle revient sur ce moment fort en toute transparence.<\/p>\n<p>Helena Bailly et \u00ab\u00a0Summer Body\u00a0\u00bb : de la chanson au geste<\/p>\n<p>\u00a0\u00ab\u00a0Jamais de ma vie, il y a quelques ann\u00e9es j\u2019aurais os\u00e9 porter ce genre de robe. Je suis trop fi\u00e8re de l\u2019avoir fait et de m\u2019\u00eatre sentie belle dedans\u00a0\u00bb. Une d\u00e9claration forte, pour <strong>une artiste engag\u00e9e qui transforme chaque moment m\u00e9diatique en message assum\u00e9<\/strong>.<\/p>\n<p>Cette prise de parole fait \u00e9cho \u00e0 l\u2019un de ses titres phares : \u00ab\u00a0Summer Body\u00a0\u00bb, hymne \u00e0 l\u2019acceptation de soi. \u00ab\u00a0C\u2019est une chanson que j\u2019ai faite pour moi, et qui a r\u00e9sonn\u00e9 chez beaucoup de personnes\u00a0\u00bb, explique <a href=\"https:\/\/www.public.fr\/ce-quon-a-vecu-cest-humainement-helena-bailly-ce-quelle-a-tres-mal-vecu-a-cause-de-la-star-academy\" rel=\"nofollow noopener\" target=\"_blank\">l&rsquo;artiste belge de 23 ans<\/a>. <\/p>\n<blockquote class=\"twitter-tweet\">\n<p>\u00ab Jamais de ma vie je n\u2019aurais os\u00e9 porter ce genre de robe. \u201cSummer body\u201d a r\u00e9sonn\u00e9 chez beaucoup de personnes. J\u2019ai eu l\u2019impression d\u2019\u00eatre porteuse d\u2019un message, et qu\u2019il fallait que j\u2019y croie \u00e0 fond pour que les gens y croient en retour. \u00bb<br \/>Helena sur sa robe de Cannes <a href=\"https:\/\/twitter.com\/hashtag\/CLHebdo?src=hash&amp;ref_src=twsrc%5Etfw\" rel=\"nofollow noopener\" target=\"_blank\">#CLHebdo<\/a> <a href=\"https:\/\/t.co\/wNzNiKfSwx\" rel=\"nofollow\">pic.twitter.com\/wNzNiKfSwx<\/a><\/p>\n<p>\u2014 C l\u2019hebdo (@clhebdo5) <a href=\"https:\/\/twitter.com\/clhebdo5\/status\/1928886194106167428?ref_src=twsrc%5Etfw\" rel=\"nofollow noopener\" target=\"_blank\">May 31, 2025<\/a><\/p><\/blockquote>\n<p>Helena Bailly au Festival de Cannes ou le symbole de la confiance retrouv\u00e9e<\/p>\n<p>En effet, <strong>monter les marches du Festival de Cannes dans une robe aussi audacieuse est l\u2019illustration parfaite du message de sa chanson <\/strong>: croire en soi, pour permettre aux autres d\u2019y croire aussi : \u00ab\u00a0Je prouve \u00e0 toutes celles et ceux qui ont \u00e9cout\u00e9 Summer Body qu\u2019on peut tous y arriver, et qu\u2019on va le faire ensemble\u00a0\u00bb, lance Helena Bailly sur le plateau d&rsquo;Aur\u00e9lie Casse. <\/p>\n<p><strong>Son look a rapidement fait le tour des r\u00e9seaux sociaux<\/strong>, o\u00f9 les internautes se sont montr\u00e9s nombreux \u00e0 saluer son sens du style. <a href=\"https:\/\/www.public.fr\/camille-cerf-apres-larrestation-pour-atteinte-a-la-pudeur-lannonce-totalement-inattendue-concernant-son-cheri\" rel=\"nofollow noopener\" target=\"_blank\">Camille Cerf<\/a>, Miss France 2015, avec qui Helena a r\u00e9cemment partag\u00e9 l\u2019affiche du clip \u00ab\u00a0Summer Body\u00a0\u00bb, a comment\u00e9 : \u00ab\u00a0Tellement belle\u00a0\u00bb. <\/p>\n<p><strong>Interrog\u00e9e par Leslie Benaroch dans sa pastille Instagram <\/strong><strong>\u00ab\u00a0Le Point Mode<\/strong>\u00ab\u00a0, la jeune femme avait confi\u00e9 avec simplicit\u00e9 : \u00ab\u00a0Quand on se sent bien coiff\u00e9e, bien maquill\u00e9e&#8230; C&rsquo;est la premi\u00e8re fois que je mets une robe aussi moulante.\u00a0\u00bb<\/p>\n<p>Entre affirmation de soi et body positivisme, <strong>la jeune chanteuse semble tracer son chemin avec naturel et \u00e9l\u00e9gance<\/strong>, s&rsquo;affirmant comme une valeur s\u00fbre de la nouvelle chanson fran\u00e7aise.<\/p>\n<p>      Mentionn\u00e9s dans cet article<\/p>\n<p>\u00c0 lire aussi<\/p>\n<p><script async src=\"https:\/\/platform.twitter.com\/widgets.js\" charset=\"utf-8\"><\/script><\/p>\n","protected":false},"excerpt":{"rendered":"R\u00e9sum\u00e9 Helena Bailly a \u00e9voqu\u00e9 sa premi\u00e8re mont\u00e9e des marches au Festival de Cannes, soulignant son choix audacieux&hellip;\n","protected":false},"author":2,"featured_media":143799,"comment_status":"","ping_status":"","sticky":false,"template":"","format":"standard","meta":{"footnotes":""},"categories":[8],"tags":[58,59,5634,1011,27,5098,5095],"class_list":{"0":"post-143798","1":"post","2":"type-post","3":"status-publish","4":"format-standard","5":"has-post-thumbnail","7":"category-divertissement","8":"tag-divertissement","9":"tag-entertainment","10":"tag-festival-de-cannes","11":"tag-fr","12":"tag-france","13":"tag-helena-bailly","14":"tag-star-academy"},"share_on_mastodon":{"url":"https:\/\/pubeurope.com\/@fr\/114607612676430771","error":""},"_links":{"self":[{"href":"https:\/\/www.europesays.com\/fr\/wp-json\/wp\/v2\/posts\/143798","targetHints":{"allow":["GET"]}}],"collection":[{"href":"https:\/\/www.europesays.com\/fr\/wp-json\/wp\/v2\/posts"}],"about":[{"href":"https:\/\/www.europesays.com\/fr\/wp-json\/wp\/v2\/types\/post"}],"author":[{"embeddable":true,"href":"https:\/\/www.europesays.com\/fr\/wp-json\/wp\/v2\/users\/2"}],"replies":[{"embeddable":true,"href":"https:\/\/www.europesays.com\/fr\/wp-json\/wp\/v2\/comments?post=143798"}],"version-history":[{"count":0,"href":"https:\/\/www.europesays.com\/fr\/wp-json\/wp\/v2\/posts\/143798\/revisions"}],"wp:featuredmedia":[{"embeddable":true,"href":"https:\/\/www.europesays.com\/fr\/wp-json\/wp\/v2\/media\/143799"}],"wp:attachment":[{"href":"https:\/\/www.europesays.com\/fr\/wp-json\/wp\/v2\/media?parent=143798"}],"wp:term":[{"taxonomy":"category","embeddable":true,"href":"https:\/\/www.europesays.com\/fr\/wp-json\/wp\/v2\/categories?post=143798"},{"taxonomy":"post_tag","embeddable":true,"href":"https:\/\/www.europesays.com\/fr\/wp-json\/wp\/v2\/tags?post=143798"}],"curies":[{"name":"wp","href":"https:\/\/api.w.org\/{rel}","templated":true}]}}