{"id":143808,"date":"2025-06-01T10:26:10","date_gmt":"2025-06-01T10:26:10","guid":{"rendered":"https:\/\/www.europesays.com\/fr\/143808\/"},"modified":"2025-06-01T10:26:10","modified_gmt":"2025-06-01T10:26:10","slug":"10-departements-places-en-vigilance-orange-pour-des-risques-dorages","status":"publish","type":"post","link":"https:\/\/www.europesays.com\/fr\/143808\/","title":{"rendered":"10 d\u00e9partements plac\u00e9s en vigilance orange pour des risques d&rsquo;orages"},"content":{"rendered":"<p class=\"article-p mdl\">Dix d\u00e9partements ont \u00e9t\u00e9 plac\u00e9s en vigilance orange par M\u00e9t\u00e9o France pour orages violents, dimanche 1er juin.<\/p>\n<p class=\"article-p mdl\">Il s&rsquo;agit du Doubs, du Jura, de la Sa\u00f4ne-et-Loire, de l&rsquo;Ain, du Rh\u00f4ne, de la Loire, de la Haute-Loire, de l&rsquo;Ard\u00e8che, de l&rsquo;Is\u00e8re et de la Dr\u00f4me. La vigilance entrera en vigueur \u00e0 16h. Un \u00e9pisode fortement orageux est attendu.\u00a0<a class=\"link\" href=\"https:\/\/www.rtl.fr\/actu\/meteo\/meteo-en-france-l-ete-2025-sera-probablement-plus-chaud-que-la-normale-selon-meteo-france-7900509611\" title=\"M\u00e9t\u00e9o en France : l&#039;\u00e9t\u00e9 2025 sera probablement &quot;plus chaud que la normale&quot; selon M\u00e9t\u00e9o France\" target=\"_blank\" rel=\"noopener\">M\u00e9t\u00e9o France<\/a>\u00a0appelle \u00e0 une \u00ab\u00a0vigilance particuli\u00e8re compte tenu du risque de ph\u00e9nom\u00e8nes violents\u00a0\u00bb.<\/p>\n<p class=\"article-p mdl\">Selon les pr\u00e9visions, <strong>les orages les plus violents vont concerner les r\u00e9gions de l&rsquo;est de Rh\u00f4ne-Alpes, la Franche-Comt\u00e9 ainsi que le sud de la Bourgogne,\u00a0<\/strong>\u00e0 partir de l&rsquo;apr\u00e8s-midi et jusque dans la soir\u00e9e.<\/p>\n<p class=\"article-p mdl\">Des rafales jusque 100km\/h sont \u00e9galement attendues, ainsi que de la gr\u00eale et des fortes pluie.\u00a0Dans le reste du pays, pr\u00e8s des trois-quarts de l&rsquo;Hexagone sont \u00e9galement en <strong>vigilance jaune pour orages, dans le Sud et l&rsquo;Est.<\/strong><\/p>\n<p>    La r\u00e9daction vous recommande<\/p>\n<p class=\"s-newsletter__title\">\n                L\u2019actualit\u00e9 par la r\u00e9daction de RTL dans votre bo\u00eete mail.\n            <\/p>\n<p class=\"s-newsletter__subtitle\">\n                Gr\u00e2ce \u00e0 votre compte RTL abonnez-vous \u00e0 la newsletter RTL info pour suivre toute l&rsquo;actualit\u00e9 au quotidien\n            <\/p>\n<p>\n                                    Lire la suite\n                                <\/p>\n","protected":false},"excerpt":{"rendered":"Dix d\u00e9partements ont \u00e9t\u00e9 plac\u00e9s en vigilance orange par M\u00e9t\u00e9o France pour orages violents, dimanche 1er juin. Il&hellip;\n","protected":false},"author":2,"featured_media":143809,"comment_status":"","ping_status":"","sticky":false,"template":"","format":"standard","meta":{"footnotes":""},"categories":[2],"tags":[11,107,1011,27,2487,12,4594,27202],"class_list":{"0":"post-143808","1":"post","2":"type-post","3":"status-publish","4":"format-standard","5":"has-post-thumbnail","7":"category-actualites","8":"tag-actualites","9":"tag-fil-info","10":"tag-fr","11":"tag-france","12":"tag-meteo","13":"tag-news","14":"tag-orages","15":"tag-vigilance-orange"},"share_on_mastodon":{"url":"https:\/\/pubeurope.com\/@fr\/114607632138266365","error":""},"_links":{"self":[{"href":"https:\/\/www.europesays.com\/fr\/wp-json\/wp\/v2\/posts\/143808","targetHints":{"allow":["GET"]}}],"collection":[{"href":"https:\/\/www.europesays.com\/fr\/wp-json\/wp\/v2\/posts"}],"about":[{"href":"https:\/\/www.europesays.com\/fr\/wp-json\/wp\/v2\/types\/post"}],"author":[{"embeddable":true,"href":"https:\/\/www.europesays.com\/fr\/wp-json\/wp\/v2\/users\/2"}],"replies":[{"embeddable":true,"href":"https:\/\/www.europesays.com\/fr\/wp-json\/wp\/v2\/comments?post=143808"}],"version-history":[{"count":0,"href":"https:\/\/www.europesays.com\/fr\/wp-json\/wp\/v2\/posts\/143808\/revisions"}],"wp:featuredmedia":[{"embeddable":true,"href":"https:\/\/www.europesays.com\/fr\/wp-json\/wp\/v2\/media\/143809"}],"wp:attachment":[{"href":"https:\/\/www.europesays.com\/fr\/wp-json\/wp\/v2\/media?parent=143808"}],"wp:term":[{"taxonomy":"category","embeddable":true,"href":"https:\/\/www.europesays.com\/fr\/wp-json\/wp\/v2\/categories?post=143808"},{"taxonomy":"post_tag","embeddable":true,"href":"https:\/\/www.europesays.com\/fr\/wp-json\/wp\/v2\/tags?post=143808"}],"curies":[{"name":"wp","href":"https:\/\/api.w.org\/{rel}","templated":true}]}}