{"id":143810,"date":"2025-06-01T10:27:10","date_gmt":"2025-06-01T10:27:10","guid":{"rendered":"https:\/\/www.europesays.com\/fr\/143810\/"},"modified":"2025-06-01T10:27:10","modified_gmt":"2025-06-01T10:27:10","slug":"la-circulation-sera-perturbee-sur-les-autoroutes","status":"publish","type":"post","link":"https:\/\/www.europesays.com\/fr\/143810\/","title":{"rendered":"la circulation sera perturb\u00e9e sur les autoroutes"},"content":{"rendered":"<p>Sur l&rsquo;A47<\/p>\n<p>\u00c0 Saint-Chamond<\/p>\n<p><a href=\"https:\/\/www.leprogres.fr\/economie\/2024\/03\/15\/a-47-la-bande-d-arret-d-urgence-a-hauteur-de-l-horme-bientot-elargie\" target=\"_blank\" rel=\"nofollow noopener\">Les travaux d&rsquo;\u00e9largissement de bande d\u2019arr\u00eat d\u2019urgence<\/a> se poursuivent. La circulation se fait sur donc des voies de largeurs r\u00e9duites jusqu\u2019au 11 septembre, dans le sens Saint-Etienne\/Lyon.<\/p>\n<p>Par ailleurs, la vitesse est r\u00e9duite \u00e0 70 km\/h avec interdiction de d\u00e9passement pour les v\u00e9hicules de plus de 3,5 tonnes.<\/p>\n<p>\u00c0 Rive-de-Gier<\/p>\n<p>La bande d&rsquo;arr\u00eat d&rsquo;urgence est \u00e9galement \u00e9largie au niveau de Rive-de-Gier. Dans le sens Lyon\/Saint-Etienne, la circulation se fait donc sur voies de largeurs r\u00e9duites pendant la dur\u00e9e des travaux, jusqu\u2019au 9 juillet. Par ailleurs, la vitesse est r\u00e9duite \u00e0 70 km\/h avec interdiction de d\u00e9passement pour les v\u00e9hicules de plus de 3,5 tonnes.<\/p>\n<p>D&rsquo;autre part, toujours dans le sens Lyon\/Saint-Etienne, l\u2019A47 sera ferm\u00e9e \u00e0 la circulation les nuits du lundi 2, du mardi 3, du mercredi 4 et du jeudi 5 juin de 21 heures \u00e0 6 heures, pour r\u00e9aliser des travaux d&rsquo;am\u00e9nagement. La sortie \u00e0 l\u2019\u00e9changeur n\u00b011 \u00ab Rive-de-Gier \u00bb sera obligatoire, avant une reprise de l\u2019A47 \u00e0 l\u2019\u00e9changeur n\u00b012 \u00ab Lorette \u00bb.<\/p>\n<p>Sur la N88<\/p>\n<p>\u00c0 Saint-Chamond<\/p>\n<p>En raison d&rsquo;un relev\u00e9 de police, dans le sens Saint-Etienne\/Lyon, la voie de gauche et\/ou de droite sera neutralis\u00e9e, la journ\u00e9e du mercredi 4 juin, de 10 heures \u00e0 12 heures.<\/p>\n<p>En outre, pour r\u00e9aliser une \u00e9tude de chauss\u00e9e, la voie de droite sera neutralis\u00e9e, alternativement, dans les deux sens de circulation, les journ\u00e9es du mardi 3 juin et du jeudi 5 juin de 9 heures \u00e0 16 heures.<\/p>\n<p>Enfin, toujours au niveau de Saint-Chamond, un carottage de chauss\u00e9e doit \u00eatre effectu\u00e9, dans le sens Saint-Etienne\/Lyon. La voie de droite sera donc neutralis\u00e9e la nuit du jeudi 5 juin de 21 heures \u00e0 6 heures.<\/p>\n<p>\u00c0 Saint-Etienne<\/p>\n<p>En raison d&rsquo;un balayage de chauss\u00e9e dans le sens Firminy\/Saint-Etienne, la voie de gauche sera neutralis\u00e9e les nuits du lundi 2, du mardi 3, du mercredi 4 et du jeudi 5 juin de 21 heures \u00e0 6 heures.<\/p>\n<p>Sur l&rsquo;A89<\/p>\n<p>Entre Balbigny et La Tour-de-Savagny<\/p>\n<p><a href=\"https:\/\/www.leprogres.fr\/transport\/2025\/05\/30\/une-portion-de-l-a89-fermee-plusieurs-nuits-pour-cause-de-travaux-dans-des-tunnels\" target=\"_blank\" rel=\"nofollow noopener\">Les trois tunnels situ\u00e9s sur l\u2019A89 entre Balbigny et La Tour-de-Savagny<\/a> vont \u00eatre r\u00e9nov\u00e9s, du 2 au 5 juin. L&rsquo;autoroute sera ferm\u00e9e de 20 heures \u00e0 6 heures.<\/p>\n<p>Sur l&rsquo;A72<\/p>\n<p>\u00c0 Villars<\/p>\n<p>En raison d&rsquo;un carottage de chauss\u00e9e, la voie de droite sera neutralis\u00e9e, alternativement dans les deux sens de circulation, la nuit du mercredi 4 juin de 21 heures \u00e0 6 heures.<\/p>\n<p class=\"note\">Pour plus d\u2019informations sur les conditions de circulation sur le r\u00e9seau de la DIR Centre-Est\u00a0: <a href=\"http:\/\/www.dir-centre-est.fr\" rel=\"nofollow noopener\" target=\"_blank\">www.dir-centre-est.fr<\/a>.<\/p>\n","protected":false},"excerpt":{"rendered":"Sur l&rsquo;A47 \u00c0 Saint-Chamond Les travaux d&rsquo;\u00e9largissement de bande d\u2019arr\u00eat d\u2019urgence se poursuivent. La circulation se fait sur&hellip;\n","protected":false},"author":2,"featured_media":143811,"comment_status":"","ping_status":"","sticky":false,"template":"","format":"standard","meta":{"footnotes":""},"categories":[9653],"tags":[1111,11,2430,3542,7539,1777,674,1011,27,3367,12,25,9669,4001],"class_list":{"0":"post-143810","1":"post","2":"type-post","3":"status-publish","4":"format-standard","5":"has-post-thumbnail","7":"category-saint-etienne","8":"tag-actu","9":"tag-actualites","10":"tag-auvergne-rhone-alpes","11":"tag-circulation","12":"tag-edition-loire-sud","13":"tag-eu","14":"tag-europe","15":"tag-fr","16":"tag-france","17":"tag-loire","18":"tag-news","19":"tag-republique-francaise","20":"tag-saint-chamond","21":"tag-saint-etienne"},"share_on_mastodon":{"url":"https:\/\/pubeurope.com\/@fr\/114607636032968438","error":""},"_links":{"self":[{"href":"https:\/\/www.europesays.com\/fr\/wp-json\/wp\/v2\/posts\/143810","targetHints":{"allow":["GET"]}}],"collection":[{"href":"https:\/\/www.europesays.com\/fr\/wp-json\/wp\/v2\/posts"}],"about":[{"href":"https:\/\/www.europesays.com\/fr\/wp-json\/wp\/v2\/types\/post"}],"author":[{"embeddable":true,"href":"https:\/\/www.europesays.com\/fr\/wp-json\/wp\/v2\/users\/2"}],"replies":[{"embeddable":true,"href":"https:\/\/www.europesays.com\/fr\/wp-json\/wp\/v2\/comments?post=143810"}],"version-history":[{"count":0,"href":"https:\/\/www.europesays.com\/fr\/wp-json\/wp\/v2\/posts\/143810\/revisions"}],"wp:featuredmedia":[{"embeddable":true,"href":"https:\/\/www.europesays.com\/fr\/wp-json\/wp\/v2\/media\/143811"}],"wp:attachment":[{"href":"https:\/\/www.europesays.com\/fr\/wp-json\/wp\/v2\/media?parent=143810"}],"wp:term":[{"taxonomy":"category","embeddable":true,"href":"https:\/\/www.europesays.com\/fr\/wp-json\/wp\/v2\/categories?post=143810"},{"taxonomy":"post_tag","embeddable":true,"href":"https:\/\/www.europesays.com\/fr\/wp-json\/wp\/v2\/tags?post=143810"}],"curies":[{"name":"wp","href":"https:\/\/api.w.org\/{rel}","templated":true}]}}