{"id":143822,"date":"2025-06-01T10:34:28","date_gmt":"2025-06-01T10:34:28","guid":{"rendered":"https:\/\/www.europesays.com\/fr\/143822\/"},"modified":"2025-06-01T10:34:28","modified_gmt":"2025-06-01T10:34:28","slug":"montpellier-le-carre-sainte-anne-soffre-une-seconde-vie","status":"publish","type":"post","link":"https:\/\/www.europesays.com\/fr\/143822\/","title":{"rendered":"Montpellier, le Carr\u00e9 Sainte-Anne s\u2019offre une seconde vie"},"content":{"rendered":"\n<p>En ce mois de juin\u00a02025, le Carr\u00e9 Sainte-Anne, ferm\u00e9 au public depuis plus de 7 ans, entame une nouvelle vie au terme d\u2019un chantier de restauration exceptionnel, qui a rendu tout son \u00e9clat \u00e0 cette \u00e9glise n\u00e9ogothique d\u00e9sacralis\u00e9e construite \u00e0 la fin du XIXe\u00a0si\u00e8cle et qui s\u2019\u00e9l\u00e8ve au 2, rue Philippy. Deux ans d\u2019\u00e9tudes et trois ans de travaux, au cours desquels ont \u00e9t\u00e9 mobilis\u00e9s pas moins de 30\u00a0entreprises et 200\u00a0ouvriers sp\u00e9cialis\u00e9s, ont \u00e9t\u00e9 n\u00e9cessaires pour conduire cette r\u00e9habilitation \u00e0 5\u00a0millions d\u2019euros r\u00e9alis\u00e9e \u00ab\u00a0dans les r\u00e8gles de l\u2019art\u00a0\u00bb. Outre des travaux de consolidation (reconstruction de piliers, remplacement de poutres d\u00e9grad\u00e9es, r\u00e9vision de la toiture&#8230;), l\u2019\u00e9difice a fait l\u2019objet d\u2019une restauration totale, des fa\u00e7ades (int\u00e9rieures et ext\u00e9rieures) aux menuiseries en passant par les d\u00e9cors peints du plafond et les 30\u00a0vitraux. Une seconde phase de travaux a port\u00e9 sur l\u2019am\u00e9nagement du lieu en centre d\u2019art (reprise compl\u00e8te des sols, installation de cimaises, de poutres sc\u00e9niques, de sanitaires, de locaux techniques&#8230;), <br \/>\u00ab\u00a0avec l\u2019ambition d\u2019ouvrir au maximum les quatre chapelles, le ch\u0153ur et la totalit\u00e9 de la nef pour un espace d\u2019exposition avoisinant les 700m\u00b2\u00a0\u00bb. Dans cette nouvelle configuration, l\u2019acc\u00e8s \u00e0 la salle d\u2019exposition, qui se faisait auparavant par la nef, se fera d\u00e9sormais par l\u2019entr\u00e9e principale, o\u00f9 sera install\u00e9 l\u2019accueil.<\/p>\n<p>Jusqu\u2019au 15\u00a0juin, les Montpelli\u00e9rains peuvent (re)d\u00e9couvrir, via une expo photos install\u00e9e place Sainte-Anne, ce lieu embl\u00e9matique du patrimoine. Avant qu\u2019il n\u2019accueille, \u00e0 partir du 27\u00a0juin,<br \/>son exposition inaugurale consacr\u00e9e<br \/>\u00e0 JR, artiste fran\u00e7ais de renomm\u00e9e internationale qui expose sur les murs du monde entier ses \u0153uvres monumentales r\u00e9alis\u00e9es gr\u00e2ce \u00e0 la technique du collage photographique. Des \u0153uvres auxquelles il associe le plus souvent des anonymes, conf\u00e9rant \u00e0 ce travail par nature \u00e9ph\u00e9m\u00e8re une dimension participative. Ce sera \u00e9galement le cas \u00e0 Montpellier,<br \/>o\u00f9 l\u2019installation imagin\u00e9e par JR sp\u00e9cifiquement pour le Carr\u00e9 Sainte-Anne sera compos\u00e9e, en partie, de mains de visiteurs imprim\u00e9es*.<\/p>\n<p>* Pour participer\u00a0: faire une photocopie en noir et blanc de sa main sans bijou, en d\u00e9couper les contours et la d\u00e9poser jusqu\u2019au 15\u00a0juin dans un des points de collecte suivants\u00a0: hall d\u2018accueil de l\u2018h\u00f4tel de ville, hall d\u2019accueil de l\u2019h\u00f4tel de M\u00e9tropole ou office de tourisme.<\/p>\n","protected":false},"excerpt":{"rendered":"En ce mois de juin\u00a02025, le Carr\u00e9 Sainte-Anne, ferm\u00e9 au public depuis plus de 7 ans, entame une&hellip;\n","protected":false},"author":2,"featured_media":143823,"comment_status":"","ping_status":"","sticky":false,"template":"","format":"standard","meta":{"footnotes":""},"categories":[9599],"tags":[1111,11,1777,674,1011,27,2208,12,2680,13979,25],"class_list":{"0":"post-143822","1":"post","2":"type-post","3":"status-publish","4":"format-standard","5":"has-post-thumbnail","7":"category-montpellier","8":"tag-actu","9":"tag-actualites","10":"tag-eu","11":"tag-europe","12":"tag-fr","13":"tag-france","14":"tag-montpellier","15":"tag-news","16":"tag-occitanie","17":"tag-reouverture","18":"tag-republique-francaise"},"share_on_mastodon":{"url":"https:\/\/pubeurope.com\/@fr\/114607663781806183","error":""},"_links":{"self":[{"href":"https:\/\/www.europesays.com\/fr\/wp-json\/wp\/v2\/posts\/143822","targetHints":{"allow":["GET"]}}],"collection":[{"href":"https:\/\/www.europesays.com\/fr\/wp-json\/wp\/v2\/posts"}],"about":[{"href":"https:\/\/www.europesays.com\/fr\/wp-json\/wp\/v2\/types\/post"}],"author":[{"embeddable":true,"href":"https:\/\/www.europesays.com\/fr\/wp-json\/wp\/v2\/users\/2"}],"replies":[{"embeddable":true,"href":"https:\/\/www.europesays.com\/fr\/wp-json\/wp\/v2\/comments?post=143822"}],"version-history":[{"count":0,"href":"https:\/\/www.europesays.com\/fr\/wp-json\/wp\/v2\/posts\/143822\/revisions"}],"wp:featuredmedia":[{"embeddable":true,"href":"https:\/\/www.europesays.com\/fr\/wp-json\/wp\/v2\/media\/143823"}],"wp:attachment":[{"href":"https:\/\/www.europesays.com\/fr\/wp-json\/wp\/v2\/media?parent=143822"}],"wp:term":[{"taxonomy":"category","embeddable":true,"href":"https:\/\/www.europesays.com\/fr\/wp-json\/wp\/v2\/categories?post=143822"},{"taxonomy":"post_tag","embeddable":true,"href":"https:\/\/www.europesays.com\/fr\/wp-json\/wp\/v2\/tags?post=143822"}],"curies":[{"name":"wp","href":"https:\/\/api.w.org\/{rel}","templated":true}]}}