{"id":143824,"date":"2025-06-01T10:35:08","date_gmt":"2025-06-01T10:35:08","guid":{"rendered":"https:\/\/www.europesays.com\/fr\/143824\/"},"modified":"2025-06-01T10:35:08","modified_gmt":"2025-06-01T10:35:08","slug":"dans-des-logements-sociaux-en-seine-maritime-cette-innovation-permet-de-grosses-economies","status":"publish","type":"post","link":"https:\/\/www.europesays.com\/fr\/143824\/","title":{"rendered":"Dans des logements sociaux en Seine-Maritime, cette innovation permet de grosses \u00e9conomies"},"content":{"rendered":"<p>            Par<br \/>\n        <strong><br \/>\n            <a href=\"https:\/\/actu.fr\/auteur\/adrien-filoche\" title=\"Consulter tous les articles de Adrien Filoche\" target=\"_blank\" rel=\"noopener\">Adrien Filoche<\/a><br \/>\n        <\/strong><\/p>\n<p>        Publi\u00e9 le<\/p>\n<p>            1 juin 2025 \u00e0 12h00        <\/p>\n<p>C\u2019est un simple bo\u00eetier qui s\u2019accroche sur le chauffe-eau et<strong> le rend plus intelligent.<\/strong> D\u00e9velopp\u00e9 par la start-up fran\u00e7aise Elax Energie, ce<strong> thermostat connect\u00e9<\/strong> permet de mieux r\u00e9guler la temp\u00e9rature du ballon d\u2019eau chaude et donc de <strong>r\u00e9duire sa consommation d\u2019\u00e9nergie.<\/strong> Au final, ce sont <strong>des \u00e9conomies r\u00e9alis\u00e9es sur la facture.<\/strong>\u00a0En Seine-Maritime, plusieurs <a href=\"https:\/\/actu.fr\/normandie\/rouen_76540\/carte-pourquoi-les-logements-sociaux-sont-devenus-une-denree-rare-a-rouen-il-y-a-des-disparites_62576161.html\" target=\"_blank\" rel=\"noopener\">bailleurs sociaux<\/a> ont fait appel \u00e0 Elax Energie pour \u00e9quiper leurs logements. \u00ab\u2009On est parti d\u2019un constat qu\u2019il faut consommer mieux, et surtout, au bon moment. On a donc d\u00e9velopp\u00e9 un thermostat connect\u00e9 qui rend intelligent notre chauffe-eau\u2009\u00bb, pr\u00e9sente Thomas Tirtiaux, directeur g\u00e9n\u00e9ral d\u2019Elax \u00c9nergie.<\/p>\n<p>Une centaine d\u2019euros \u00e9conomis\u00e9s par an<\/p>\n<p class=\" wall-content\">\u00ab\u2009En moyenne, notre thermostat permet de <strong>r\u00e9duire de 25\u2009% la consommation<\/strong> et de r\u00e9aliser <strong>une centaine d\u2019euros d\u2019\u00e9conomies par an\u2009\u00bb<\/strong>, pr\u00e9sente le directeur g\u00e9n\u00e9ral d\u2019Elax \u00c9nergie.<\/p>\n<p class=\" wall-content\">L\u2019autre avantage pour les utilisateurs, <strong>le thermostat fonctionne tout seul<\/strong>, en parfaite autonomie. \u00ab\u2009Il s\u2019adapte selon la consommation du foyer.\u2009\u00bb Et s\u2019il le souhaite, le locataire tout de m\u00eame le r\u00e9gler manuellement. \u00ab\u2009On peut demander un boost, selon nos besoins, si on a des invit\u00e9s par exemple\u2009\u00bb, note Thomas Tirtiaux<\/p>\n<p class=\" wall-content\">Autre caract\u00e9ristique du bo\u00eetier, celui-ci permet de suivre quotidiennement sa consommation.<\/p>\n<p>Un outil gagnant-gagnant<\/p>\n<p class=\" wall-content\">Depuis sa cr\u00e9ation en 2021, Elax \u00c9nergie travaille <strong>exclusivement avec des bailleurs sociaux,<\/strong> dont la majorit\u00e9 est en \u00cele-de-France, dans les Hauts-de-France et en Seine-Maritime. En France, pr\u00e8s de 32\u2009000 chauffe-eau ont d\u00e9j\u00e0 \u00e9t\u00e9 \u00e9quip\u00e9s.<\/p>\n<p class=\" wall-content\">\u00ab\u2009Le locataire y gagne en r\u00e9duisant sa facture, et le bailleur s\u2019y retrouve lui aussi car le thermostat permet, en r\u00e9gulant la temp\u00e9rature, de r\u00e9duire la calcification et la corrosion du ballon, et donc d\u2019augmenter sa dur\u00e9e de vie\u2009\u00bb, souligne Thomas Tirtiaux.<\/p>\n<p class=\" wall-content\">En Seine-Maritime, Logeo Seine compte parmi les partenaires d\u2019Elax Energie. Plus de 1000 logements sociaux du bailleur sont d\u00e9j\u00e0 \u00e9quip\u00e9s du fameux bo\u00eetier, et environ <strong>1300 de plus<\/strong> le seront au cours de l\u2019ann\u00e9e. La nouveaut\u00e9, c\u2019est que <strong>l\u2019installation est d\u00e9sormais gratuite pour les locataires<\/strong>, enti\u00e8rement prise en charge par le bailleur social.<\/p>\n<p class=\" wall-content\">\u00ab\u2009On a commenc\u00e9 en 2023 avec un immeuble test \u00e0 Darn\u00e9tal. 80 bo\u00eetiers ont \u00e9t\u00e9 install\u00e9s. Aujourd\u2019hui, on est tr\u00e8s content de ce d\u00e9ploiement qui permet un vrai gain pour les locataires\u2009\u00bb, appuie Marie Nguyen Khoa. Et la directrice environnement de Logeo Seine de conclure\u2009: \u00ab\u2009\u00c0 terme, l\u2019objectif est d\u2019en installer dans tous les logements o\u00f9 c\u2019est possible\u2009\u00bb.<\/p>\n<p>Suivez l\u2019actualit\u00e9 de <a href=\"https:\/\/www.whatsapp.com\/channel\/0029VaKfnf99hXF2ddApFB1D\" target=\"_blank\" rel=\"noopener\">Rouen<\/a> et du\u00a0<a href=\"https:\/\/www.whatsapp.com\/channel\/0029VaFqJYE8aKvLBwVrEe0o\" target=\"_blank\" rel=\"noopener\">Havre<\/a> sur nos cha\u00eenes WhatsApp et sur <a href=\"https:\/\/www.tiktok.com\/@76actu.fr?lang=fr\" target=\"_blank\" rel=\"noopener\">notre compte TikTok<\/a><\/p>\n<p class=\" wall-content\">Suivez toute l\u2019actualit\u00e9 de vos villes et m\u00e9dias favoris en vous inscrivant \u00e0 <a href=\"https:\/\/moncompte.actu.fr\" title=\"D\u00e9couvez Mon Actu\" rel=\"nofollow noopener\" data-trk=\"{&quot;cta&quot;:{&quot;action&quot;:&quot;https:\\\/\\\/moncompte.actu.fr&quot;,&quot;category&quot;:&quot;mon compte&quot;,&quot;from&quot;:&quot;article footer&quot;,&quot;name&quot;:&quot;Mon actu&quot;,&quot;type&quot;:&quot;cta&quot;}}\" target=\"_blank\">Mon Actu<\/a>.<\/p>\n<p>                    <script async src=\"\/\/www.tiktok.com\/embed.js\"><\/script><\/p>\n","protected":false},"excerpt":{"rendered":"Par Adrien Filoche Publi\u00e9 le 1 juin 2025 \u00e0 12h00 C\u2019est un simple bo\u00eetier qui s\u2019accroche sur le&hellip;\n","protected":false},"author":2,"featured_media":143825,"comment_status":"","ping_status":"","sticky":false,"template":"","format":"standard","meta":{"footnotes":""},"categories":[9587],"tags":[1111,11,130,33,1777,674,1011,27,6459,12,5161,25,9590,4426],"class_list":{"0":"post-143824","1":"post","2":"type-post","3":"status-publish","4":"format-standard","5":"has-post-thumbnail","7":"category-rouen","8":"tag-actu","9":"tag-actualites","10":"tag-consommation","11":"tag-economie","12":"tag-eu","13":"tag-europe","14":"tag-fr","15":"tag-france","16":"tag-logements-sociaux","17":"tag-news","18":"tag-normandie","19":"tag-republique-francaise","20":"tag-rouen","21":"tag-transition-energetique"},"share_on_mastodon":{"url":"https:\/\/pubeurope.com\/@fr\/114607667471508261","error":""},"_links":{"self":[{"href":"https:\/\/www.europesays.com\/fr\/wp-json\/wp\/v2\/posts\/143824","targetHints":{"allow":["GET"]}}],"collection":[{"href":"https:\/\/www.europesays.com\/fr\/wp-json\/wp\/v2\/posts"}],"about":[{"href":"https:\/\/www.europesays.com\/fr\/wp-json\/wp\/v2\/types\/post"}],"author":[{"embeddable":true,"href":"https:\/\/www.europesays.com\/fr\/wp-json\/wp\/v2\/users\/2"}],"replies":[{"embeddable":true,"href":"https:\/\/www.europesays.com\/fr\/wp-json\/wp\/v2\/comments?post=143824"}],"version-history":[{"count":0,"href":"https:\/\/www.europesays.com\/fr\/wp-json\/wp\/v2\/posts\/143824\/revisions"}],"wp:featuredmedia":[{"embeddable":true,"href":"https:\/\/www.europesays.com\/fr\/wp-json\/wp\/v2\/media\/143825"}],"wp:attachment":[{"href":"https:\/\/www.europesays.com\/fr\/wp-json\/wp\/v2\/media?parent=143824"}],"wp:term":[{"taxonomy":"category","embeddable":true,"href":"https:\/\/www.europesays.com\/fr\/wp-json\/wp\/v2\/categories?post=143824"},{"taxonomy":"post_tag","embeddable":true,"href":"https:\/\/www.europesays.com\/fr\/wp-json\/wp\/v2\/tags?post=143824"}],"curies":[{"name":"wp","href":"https:\/\/api.w.org\/{rel}","templated":true}]}}