{"id":143836,"date":"2025-06-01T10:43:15","date_gmt":"2025-06-01T10:43:15","guid":{"rendered":"https:\/\/www.europesays.com\/fr\/143836\/"},"modified":"2025-06-01T10:43:15","modified_gmt":"2025-06-01T10:43:15","slug":"ce-quartier-est-tourne-vers-la-mer-le-cros-de-cagnes-est-il-encore-un-village-de-pecheur","status":"publish","type":"post","link":"https:\/\/www.europesays.com\/fr\/143836\/","title":{"rendered":"\u00ab\u00a0Ce quartier est tourn\u00e9 vers la mer\u00a0\u00bb: le Cros-de-Cagnes est-il encore un village de p\u00eacheur?"},"content":{"rendered":"<p>Blasph\u00e8me, provocation, ineptie\u2026 Les r\u00e9actions face \u00e0 une simple question peuvent d\u00e9passer ce que l\u2019on avait imagin\u00e9. L\u2019interrogation de d\u00e9part n\u2019\u00e9tait pourtant pas pi\u00e9geuse (et les interlocuteurs n\u2019ont pas mal r\u00e9agi, qu\u2019on se rassure): le Cros est-il encore un village de p\u00eacheurs?<\/p>\n<p>Le dimanche 25 mai, de tr\u00e8s nombreux Crossois s\u2019\u00e9taient rassembl\u00e9s pour la Stella Maris. Une f\u00eate traditionnelle au cours de laquelle les bateaux sont de sortie, la foule suit la procession de la Vierge Marie et l\u2019on termine, apr\u00e8s la messe, avec un moment convivial. L\u2019occasion parfaite pour sonder les int\u00e9ress\u00e9s. La r\u00e9ponse est unanime: \u00ab\u00a0Bien s\u00fbr que le Cros est encore un village\u00a0\u00bb. De p\u00eacheurs? \u00ab\u00a0Oui!\u00a0\u00bb Ils s\u2019expliquent.<\/p>\n<p>\u00ab\u00a0Je passe ma vie au Cros\u00a0\u00bb<\/p>\n<p>Pierre, 76 ans dont 53 pass\u00e9s au Cros, l\u2019affirme: \u00ab\u00a0Il reste quelques p\u00eacheurs mais ce n\u2019est pas le nombre qui compte, c\u2019est l\u2019esprit. Et il est toujours l\u00e0. Ce quartier est tourn\u00e9 vers la mer, vers le poisson. Mes enfants et mes petits-enfants sont n\u00e9s ici et j\u2019en suis fier. Comment ne pas l\u2019\u00eatre? C\u2019est si beau: un port magnifique d\u2019un c\u00f4t\u00e9, la vue sur les montages enneig\u00e9s de l\u2019autre. C\u2019est unique!\u00a0\u00bb<\/p>\n<p>Ren\u00e9e, \u00ab\u00a085 printemps le 2 ao\u00fbt\u00a0\u00bb, s\u2019est install\u00e9e l\u00e0 lorsqu\u2019elle a \u00e9pous\u00e9 son Gilbert dans les ann\u00e9es 1960: \u00ab\u00a0Ma belle-m\u00e8re tenait la poissonnerie \u00e0 c\u00f4t\u00e9 de l\u2019ancienne pharmacie. \u00c0 l\u2019\u00e9poque, \u00e7a grouillait. L\u2019esprit village est un peu moins fort, peut-\u00eatre cela int\u00e9resse-t-il moins les jeunes. Quoique\u2026 Regardez le monde qu\u2019il y a pour la Stella Maris: la foule est pr\u00e9sente pour honorer les traditions.\u00a0\u00bb Si cette retrait\u00e9e \u00ab\u00a0adore le Cros\u00a0\u00bb qu\u2019elle consid\u00e8re \u00eatre \u00ab\u00a0le plus beau pays du monde\u00a0\u00bb, elle se livre \u00e0 une confession: \u00ab\u00a0On a d\u00e9m\u00e9nag\u00e9 il y a peu, murmure-t-elle. \u00c0 150m\u00e8tres\u2026 Mais je ne supporte pas. Alors je passe ma vie au Cros, hors de question d\u2019aller vers Saint-Laurent-du-Var!\u00a0\u00bb<\/p>\n<p>Son amie Mich\u00e8le, \u00ab\u00a0l\u00e0 depuis 1953\u00a0\u00bb, affiche un chauvinisme similaire, symptomatique de l\u2019attachement des Crossois \u00e0 leur quartier: \u00ab\u00a0Petite, j\u2019\u00e9tais \u00e0 l\u2019\u00e9cole du Cros. Je n\u2019ai qu\u2019une chose \u00e0 dire \u00e0 ceux qui ne connaissent pas: venez visiter, venez voir comme c\u2019est joli et comme on y est bien. Peut-\u00eatre y a-t-il moins de p\u00eacheurs mais l\u2019ambiance est toujours l\u00e0.\u00a0\u00bb Une opinion partag\u00e9e par Jeanine, fringante octog\u00e9naire. \u00ab\u00a0Je n\u2019habite pas l\u00e0 depuis tr\u00e8s longtemps \u2013 5 ans \u2013, mais j\u2019appr\u00e9cie beaucoup l\u2019esprit village qui r\u00e8gne au Cros. Je peux tout faire \u00e0 pied et le cadre est un bonheur.\u00a0\u00bb<\/p>\n<p>Une identit\u00e9 cr\u00e9\u00e9e autour de la mer<\/p>\n<p>              <img ci-src=\"https:\/\/www.nicematin.com\/vie-associative\/protec\/DATA_ART_15630120-c0HiIiQ1.jpg?vh=a51882&amp;ci_seal=1abfe0ab5a\" alt=\"\"\/><br \/>\n        La f\u00eate de Stella Maris, le 25 mai 2025. <\/p>\n<p>Difficile de parler du secteur sans discuter avec les membres de la commune libre du Cros-de-Cagnes. Son pr\u00e9sident, Jean-Pierre Woignier, est intarissable sur l\u2019histoire, d\u00e9marr\u00e9e il y a plus de 200 ans avec ces petits cabanons o\u00f9 s\u2019abritaient les p\u00eacheurs professionnels de Menton lorsqu\u2019ils venaient avant de s\u2019installer d\u00e9finitivement. \u00ab\u00a0Peu de temps apr\u00e8s, la chapelle Saint-Pierre est \u00e9rig\u00e9e.\u00a0\u00bb Le port abri est construit \u00e0 la fin des ann\u00e9es 1930.<\/p>\n<p>\u00ab\u00a0Et si, aujourd\u2019hui, il ne reste que quelques p\u00eacheurs, l\u2019esprit village est toujours l\u00e0. La preuve: quand on traverse une rue, on ne sait jamais combien de temps \u00e7a va prendre parce qu\u2019on sait qu\u2019on va croiser des gens et discuter. Les gens se connaissent encore malgr\u00e9 l\u2019augmentation du nombre d\u2019habitants. Et puis, il y a le mus\u00e9e qu\u2019on a cr\u00e9\u00e9 et qui est g\u00e9r\u00e9 par les b\u00e9n\u00e9voles. S\u2019il n\u2019y avait pas de coh\u00e9sion, ce ne serait pas possible.\u00a0\u00bb<\/p>\n<p>Le premier prud\u2019homme de la prud\u2019homie des p\u00eacheurs, Daniel Cozzolino, abonde: \u00ab\u00a0L\u2019identit\u00e9 du Cros s\u2019est cr\u00e9\u00e9e autour de la p\u00eache avec les p\u00eacheurs bien s\u00fbr mais \u00e9galement d\u2019autres professions: charpentier de marine, poissonnier, fabricant des filets\u2026 Les traditions se perp\u00e9tuent et on compte encore de vieilles familles au Cros. Tout \u00e7a se transmet\u2026\u00a0\u00bb Comme dans un village.<\/p>\n","protected":false},"excerpt":{"rendered":"Blasph\u00e8me, provocation, ineptie\u2026 Les r\u00e9actions face \u00e0 une simple question peuvent d\u00e9passer ce que l\u2019on avait imagin\u00e9. L\u2019interrogation&hellip;\n","protected":false},"author":2,"featured_media":143837,"comment_status":"","ping_status":"","sticky":false,"template":"","format":"standard","meta":{"footnotes":""},"categories":[2819],"tags":[1111,11,1777,674,1011,27,12,2401,882,25,1631,3366],"class_list":{"0":"post-143836","1":"post","2":"type-post","3":"status-publish","4":"format-standard","5":"has-post-thumbnail","7":"category-nice","8":"tag-actu","9":"tag-actualites","10":"tag-eu","11":"tag-europe","12":"tag-fr","13":"tag-france","14":"tag-news","15":"tag-nice","16":"tag-provence-alpes-cote-dazur","17":"tag-republique-francaise","18":"tag-vie-associative","19":"tag-vie-locale"},"share_on_mastodon":{"url":"https:\/\/pubeurope.com\/@fr\/114607698917212858","error":""},"_links":{"self":[{"href":"https:\/\/www.europesays.com\/fr\/wp-json\/wp\/v2\/posts\/143836","targetHints":{"allow":["GET"]}}],"collection":[{"href":"https:\/\/www.europesays.com\/fr\/wp-json\/wp\/v2\/posts"}],"about":[{"href":"https:\/\/www.europesays.com\/fr\/wp-json\/wp\/v2\/types\/post"}],"author":[{"embeddable":true,"href":"https:\/\/www.europesays.com\/fr\/wp-json\/wp\/v2\/users\/2"}],"replies":[{"embeddable":true,"href":"https:\/\/www.europesays.com\/fr\/wp-json\/wp\/v2\/comments?post=143836"}],"version-history":[{"count":0,"href":"https:\/\/www.europesays.com\/fr\/wp-json\/wp\/v2\/posts\/143836\/revisions"}],"wp:featuredmedia":[{"embeddable":true,"href":"https:\/\/www.europesays.com\/fr\/wp-json\/wp\/v2\/media\/143837"}],"wp:attachment":[{"href":"https:\/\/www.europesays.com\/fr\/wp-json\/wp\/v2\/media?parent=143836"}],"wp:term":[{"taxonomy":"category","embeddable":true,"href":"https:\/\/www.europesays.com\/fr\/wp-json\/wp\/v2\/categories?post=143836"},{"taxonomy":"post_tag","embeddable":true,"href":"https:\/\/www.europesays.com\/fr\/wp-json\/wp\/v2\/tags?post=143836"}],"curies":[{"name":"wp","href":"https:\/\/api.w.org\/{rel}","templated":true}]}}