{"id":143840,"date":"2025-06-01T10:46:02","date_gmt":"2025-06-01T10:46:02","guid":{"rendered":"https:\/\/www.europesays.com\/fr\/143840\/"},"modified":"2025-06-01T10:46:02","modified_gmt":"2025-06-01T10:46:02","slug":"info-trafic-embouteillages-circulation-tres-compliquee-autour-de-nantes-et-vers-la-bretagne","status":"publish","type":"post","link":"https:\/\/www.europesays.com\/fr\/143840\/","title":{"rendered":"Info trafic. Embouteillages : circulation tr\u00e8s compliqu\u00e9e autour de Nantes et vers la Bretagne"},"content":{"rendered":"<p>Une voiture est en panne (12\u00a0h\u00a019) sur le p\u00e9riph\u00e9rique ouest de Nantes, au pied du pont de Chevir\u00e9, sur la rive sud\u00a0; une autre un peu plus au nord, toujours sur la chauss\u00e9e ext\u00e9rieure\u00a0: les automobilistes sont \u00e0 la peine sur cette portion de l\u2019anneau routier nantais.<\/p>\n<p>Les automobilistes sont aussi \u00e0 la peine sur la RN 165 en direction de Saint-Nazaire, La Baule et la Bretagne en g\u00e9n\u00e9ral. Une circulation satur\u00e9e depuis Sautron, dans la banlieue ouest de Nantes, jusqu\u2019apr\u00e8s\u00a0Le Temple-de-Bretagne. Il semble que l\u00e0 aussi, Bison Fut\u00e9 signale un v\u00e9hicule en panne dans le secteur de Saint-Etienne de Montluc (12\u00a0h\u00a025).<\/p>\n<p><strong>? <a href=\"https:\/\/nantes.maville.com\/actu\/actudet_-des-perturbations-importantes-pendant-plusieurs-semaines-sur-la-rn165-pres-de-nantes-_8-6803502_actu.Htm\" target=\"_blank\" rel=\"nofollow noopener\"> <strong>LIRE AUSSI. <\/strong>Des perturbations importantes pendant plusieurs semaines sur la RN165\u00a0pr\u00e8s de Nantes<\/a> <\/strong><\/p>\n<p>Carte de la circulation en direct\u00a0:<\/p>\n<\/p>\n<p>Vigilance dimanche<\/p>\n<p>\t<img decoding=\"async\" src=\"https:\/\/www.europesays.com\/fr\/wp-content\/uploads\/2025\/06\/P35258550D6830505G_px_640_.jpg\" alt=\"photo le pont de l\u2019ascension et la fermeture des \u00e9coles durant 4 jours sont propices \u00e0 de tr\u00e8s nombreux d\u00e9placements dans toute la m\u00e9tropole.  \u00a9  photo archives presse oc\u00e9an - hans lucas via afp\" width=\"640\" title=\" Le pont de l\u2019Ascension et la fermeture des \u00e9coles durant 4 jours sont propices \u00e0 de tr\u00e8s nombreux d\u00e9placements dans toute la m\u00e9tropole.   Photo archives Presse Oc\u00e9an - Hans Lucas via AFP \"\/><\/p>\n<p class=\"elmt-legende\"> Le pont de l\u2019Ascension et la fermeture des \u00e9coles durant 4 jours sont propices \u00e0 de tr\u00e8s nombreux d\u00e9placements dans toute la m\u00e9tropole.   Photo archives Presse Oc\u00e9an &#8211; Hans Lucas via AFP <\/p>\n<p>Dimanche 1er\u00a0juin devrait \u00eatre tr\u00e8s charg\u00e9 dans le sens des retours, particuli\u00e8rement dans le Grand Ouest et le Nord du pays. <strong>La journ\u00e9e est class\u00e9e noire<\/strong>.<a href=\"https:\/\/www.bison-fute.gouv.fr\/index.html\" target=\"_blank\" rel=\"nofollow noopener\"> Bison fut\u00e9 vous recommande pour ce jour-l\u00e0, dans la mesure du possible, de d\u00e9caler vos d\u00e9placements pour \u00e9viter de prendre la route.<\/a><\/p>\n<p>\u00a0<\/p>\n","protected":false},"excerpt":{"rendered":"Une voiture est en panne (12\u00a0h\u00a019) sur le p\u00e9riph\u00e9rique ouest de Nantes, au pied du pont de Chevir\u00e9,&hellip;\n","protected":false},"author":2,"featured_media":143841,"comment_status":"","ping_status":"","sticky":false,"template":"","format":"standard","meta":{"footnotes":""},"categories":[2818],"tags":[1111,11,7051,829,3542,27203,7063,1777,674,1011,27,1922,766,12,2636,25,3272,1097,933],"class_list":{"0":"post-143840","1":"post","2":"type-post","3":"status-publish","4":"format-standard","5":"has-post-thumbnail","7":"category-nantes","8":"tag-actu","9":"tag-actualites","10":"tag-autour","11":"tag-bretagne","12":"tag-circulation","13":"tag-compliquee","14":"tag-embouteillages","15":"tag-eu","16":"tag-europe","17":"tag-fr","18":"tag-france","19":"tag-info","20":"tag-nantes","21":"tag-news","22":"tag-pays-de-la-loire","23":"tag-republique-francaise","24":"tag-saint-nazaire","25":"tag-trafic","26":"tag-tres"},"share_on_mastodon":{"url":"","error":""},"_links":{"self":[{"href":"https:\/\/www.europesays.com\/fr\/wp-json\/wp\/v2\/posts\/143840","targetHints":{"allow":["GET"]}}],"collection":[{"href":"https:\/\/www.europesays.com\/fr\/wp-json\/wp\/v2\/posts"}],"about":[{"href":"https:\/\/www.europesays.com\/fr\/wp-json\/wp\/v2\/types\/post"}],"author":[{"embeddable":true,"href":"https:\/\/www.europesays.com\/fr\/wp-json\/wp\/v2\/users\/2"}],"replies":[{"embeddable":true,"href":"https:\/\/www.europesays.com\/fr\/wp-json\/wp\/v2\/comments?post=143840"}],"version-history":[{"count":0,"href":"https:\/\/www.europesays.com\/fr\/wp-json\/wp\/v2\/posts\/143840\/revisions"}],"wp:featuredmedia":[{"embeddable":true,"href":"https:\/\/www.europesays.com\/fr\/wp-json\/wp\/v2\/media\/143841"}],"wp:attachment":[{"href":"https:\/\/www.europesays.com\/fr\/wp-json\/wp\/v2\/media?parent=143840"}],"wp:term":[{"taxonomy":"category","embeddable":true,"href":"https:\/\/www.europesays.com\/fr\/wp-json\/wp\/v2\/categories?post=143840"},{"taxonomy":"post_tag","embeddable":true,"href":"https:\/\/www.europesays.com\/fr\/wp-json\/wp\/v2\/tags?post=143840"}],"curies":[{"name":"wp","href":"https:\/\/api.w.org\/{rel}","templated":true}]}}