{"id":143852,"date":"2025-06-01T10:53:18","date_gmt":"2025-06-01T10:53:18","guid":{"rendered":"https:\/\/www.europesays.com\/fr\/143852\/"},"modified":"2025-06-01T10:53:18","modified_gmt":"2025-06-01T10:53:18","slug":"basket-3x3-sous-le-soleil-lilleloko-realise-le-double-sport-3","status":"publish","type":"post","link":"https:\/\/www.europesays.com\/fr\/143852\/","title":{"rendered":"Basket 3X3. Sous le soleil, Lille\u2019Loko r\u00e9alise le doubl\u00e9 . Sport"},"content":{"rendered":"<p>Sous un ciel magnifique, il y avait du beau spectacle sur la place Chirac de La Roche-sur-Yon ce samedi 31\u00a0mai. Dans une ambiance musicale, douze\u00a0\u00e9quipes f\u00e9minines et douze\u00a0\u00e9quipes masculines se sont disput\u00e9 le troph\u00e9e. Entre initiation, tournois loisirs et donc tournois officiels, cette \u00e9dition 2025 s\u2019est d\u00e9roul\u00e9e sur cinq\u00a0jours.<\/p>\n<p>Riwan Amrani, responsable du tournoi, explique\u00a0: \u00ab\u00a0<strong>On est pass\u00e9 &#8230;<\/strong><\/p>\n<p>\u00a0<\/p>\n","protected":false},"excerpt":{"rendered":"Sous un ciel magnifique, il y avait du beau spectacle sur la place Chirac de La Roche-sur-Yon ce&hellip;\n","protected":false},"author":2,"featured_media":142608,"comment_status":"","ping_status":"","sticky":false,"template":"","format":"standard","meta":{"footnotes":""},"categories":[2815],"tags":[1111,11,1438,3809,1465,1777,674,63,1011,27,1792,811,1922,1307,12,25,479,517,1470],"class_list":{"0":"post-143852","1":"post","2":"type-post","3":"status-publish","4":"format-standard","5":"has-post-thumbnail","7":"category-lille","8":"tag-actu","9":"tag-actualites","10":"tag-angers","11":"tag-ball","12":"tag-basket","13":"tag-eu","14":"tag-europe","15":"tag-football","16":"tag-fr","17":"tag-france","18":"tag-handball","19":"tag-hauts-de-france","20":"tag-info","21":"tag-lille","22":"tag-news","23":"tag-republique-francaise","24":"tag-rugby","25":"tag-sport","26":"tag-volley"},"share_on_mastodon":{"url":"https:\/\/pubeurope.com\/@fr\/114607738349916889","error":""},"_links":{"self":[{"href":"https:\/\/www.europesays.com\/fr\/wp-json\/wp\/v2\/posts\/143852","targetHints":{"allow":["GET"]}}],"collection":[{"href":"https:\/\/www.europesays.com\/fr\/wp-json\/wp\/v2\/posts"}],"about":[{"href":"https:\/\/www.europesays.com\/fr\/wp-json\/wp\/v2\/types\/post"}],"author":[{"embeddable":true,"href":"https:\/\/www.europesays.com\/fr\/wp-json\/wp\/v2\/users\/2"}],"replies":[{"embeddable":true,"href":"https:\/\/www.europesays.com\/fr\/wp-json\/wp\/v2\/comments?post=143852"}],"version-history":[{"count":0,"href":"https:\/\/www.europesays.com\/fr\/wp-json\/wp\/v2\/posts\/143852\/revisions"}],"wp:featuredmedia":[{"embeddable":true,"href":"https:\/\/www.europesays.com\/fr\/wp-json\/wp\/v2\/media\/142608"}],"wp:attachment":[{"href":"https:\/\/www.europesays.com\/fr\/wp-json\/wp\/v2\/media?parent=143852"}],"wp:term":[{"taxonomy":"category","embeddable":true,"href":"https:\/\/www.europesays.com\/fr\/wp-json\/wp\/v2\/categories?post=143852"},{"taxonomy":"post_tag","embeddable":true,"href":"https:\/\/www.europesays.com\/fr\/wp-json\/wp\/v2\/tags?post=143852"}],"curies":[{"name":"wp","href":"https:\/\/api.w.org\/{rel}","templated":true}]}}