{"id":143853,"date":"2025-06-01T10:54:12","date_gmt":"2025-06-01T10:54:12","guid":{"rendered":"https:\/\/www.europesays.com\/fr\/143853\/"},"modified":"2025-06-01T10:54:12","modified_gmt":"2025-06-01T10:54:12","slug":"quatre-jours-pleins-cest-deja-largement-suffisant-a-marseille-les-parents-deleves-reagissent","status":"publish","type":"post","link":"https:\/\/www.europesays.com\/fr\/143853\/","title":{"rendered":"\u00ab\u00a0Quatre jours pleins, c&rsquo;est d\u00e9j\u00e0 largement suffisant\u00a0\u00bb, \u00e0 Marseille les parents d&rsquo;\u00e9l\u00e8ves r\u00e9agissent"},"content":{"rendered":"<p>L&rsquo;\u00e9cole primaire \u201cest <a href=\"https:\/\/www.laprovence.com\/article\/societe\/21837943326581\/semaine-de-4-jours-temps-scolaire-pour-la-cour-des-comptes-lecole-primaire-est-en-decalage-avec-les-besoins-de-leleve\" target=\"_blank\" rel=\"nofollow noopener\">en d\u00e9calage<\/a> avec les besoins de l&rsquo;\u00e9l\u00e8ve\u201d, d\u00e9nonce la Cour des comptes dans un <a href=\"https:\/\/www.ccomptes.fr\/fr\/publications\/lenseignement-primaire\" target=\"_blank\" rel=\"nofollow noopener\">rapport<\/a> publi\u00e9 mardi 20\u00a0mai. Elle met en cause l&rsquo;organisation des rythmes scolaires, dont la semaine de quatre jours qui \u201cn&rsquo;appara\u00eet pas prioritairement con\u00e7ue en fonction des \u00e9l\u00e8ves\u201d.\u00a0Mais du c\u00f4t\u00e9 des parents d&rsquo;\u00e9l\u00e8ves \u00e0 Marseille, le constat est plus nuanc\u00e9. \u201cEn termes d&rsquo;apprentissages, je pense que quatre jours pleins, c&rsquo;est d\u00e9j\u00e0 largement suffisant pour les enfants en \u00e9cole primaire\u201d, affirme Nadia, rencontr\u00e9e \u00e0 la sortie de l&rsquo;<a href=\"https:\/\/www.laprovence.com\/article\/edition-marseille\/4432111\/notre-dame-de-la-major-a-son-ecole.html\" target=\"_blank\" rel=\"nofollow noopener\">\u00e9cole priv\u00e9e Notre-Dame de la Major<\/a>. Sa fille, Hito, est en CP. Pour Nadia, l&rsquo;essentiel d\u00e9pend plut\u00f4t de \u201cla constitution des classes, du nombre d&rsquo;enfants par classe et, de mani\u00e8re g\u00e9n\u00e9rale, de l&rsquo;atmosph\u00e8re au sein de l&rsquo;\u00e9cole\u201d. Un constat partag\u00e9 par Keira, m\u00e8re de Sofia, en classe de CM2\u00a0: \u201cIls sont toute la journ\u00e9e \u00e0 l&rsquo;\u00e9cole, je pense que c&rsquo;est largement suffisant pour apprendre.\u201d<\/p>\n","protected":false},"excerpt":{"rendered":"L&rsquo;\u00e9cole primaire \u201cest en d\u00e9calage avec les besoins de l&rsquo;\u00e9l\u00e8ve\u201d, d\u00e9nonce la Cour des comptes dans un rapport&hellip;\n","protected":false},"author":2,"featured_media":143854,"comment_status":"","ping_status":"","sticky":false,"template":"","format":"standard","meta":{"footnotes":""},"categories":[2814],"tags":[17,1111,11,2511,1442,1777,674,1011,27,7285,27208,884,12,27207,882,25,27206,18728,104],"class_list":{"0":"post-143853","1":"post","2":"type-post","3":"status-publish","4":"format-standard","5":"has-post-thumbnail","7":"category-marseille","8":"tag-17","9":"tag-actu","10":"tag-actualites","11":"tag-cest","12":"tag-deja","13":"tag-eu","14":"tag-europe","15":"tag-fr","16":"tag-france","17":"tag-jours","18":"tag-largement","19":"tag-marseille","20":"tag-news","21":"tag-pleins","22":"tag-provence-alpes-cote-dazur","23":"tag-republique-francaise","24":"tag-rythmes","25":"tag-scolaires","26":"tag-societe"},"share_on_mastodon":{"url":"https:\/\/pubeurope.com\/@fr\/114607742218416448","error":""},"_links":{"self":[{"href":"https:\/\/www.europesays.com\/fr\/wp-json\/wp\/v2\/posts\/143853","targetHints":{"allow":["GET"]}}],"collection":[{"href":"https:\/\/www.europesays.com\/fr\/wp-json\/wp\/v2\/posts"}],"about":[{"href":"https:\/\/www.europesays.com\/fr\/wp-json\/wp\/v2\/types\/post"}],"author":[{"embeddable":true,"href":"https:\/\/www.europesays.com\/fr\/wp-json\/wp\/v2\/users\/2"}],"replies":[{"embeddable":true,"href":"https:\/\/www.europesays.com\/fr\/wp-json\/wp\/v2\/comments?post=143853"}],"version-history":[{"count":0,"href":"https:\/\/www.europesays.com\/fr\/wp-json\/wp\/v2\/posts\/143853\/revisions"}],"wp:featuredmedia":[{"embeddable":true,"href":"https:\/\/www.europesays.com\/fr\/wp-json\/wp\/v2\/media\/143854"}],"wp:attachment":[{"href":"https:\/\/www.europesays.com\/fr\/wp-json\/wp\/v2\/media?parent=143853"}],"wp:term":[{"taxonomy":"category","embeddable":true,"href":"https:\/\/www.europesays.com\/fr\/wp-json\/wp\/v2\/categories?post=143853"},{"taxonomy":"post_tag","embeddable":true,"href":"https:\/\/www.europesays.com\/fr\/wp-json\/wp\/v2\/tags?post=143853"}],"curies":[{"name":"wp","href":"https:\/\/api.w.org\/{rel}","templated":true}]}}