{"id":143857,"date":"2025-06-01T10:56:08","date_gmt":"2025-06-01T10:56:08","guid":{"rendered":"https:\/\/www.europesays.com\/fr\/143857\/"},"modified":"2025-06-01T10:56:08","modified_gmt":"2025-06-01T10:56:08","slug":"lyon-perd-sa-place-de-premiere-region-industrielle-europeenne-au-profit-de-bursa-turquie","status":"publish","type":"post","link":"https:\/\/www.europesays.com\/fr\/143857\/","title":{"rendered":"Lyon perd sa place de premi\u00e8re r\u00e9gion industrielle europ\u00e9enne au profit de Bursa (Turquie)"},"content":{"rendered":"<p>Lyon perd sa place de premi\u00e8re r\u00e9gion industrielle europ\u00e9enne au profit de Bursa &#8211; LyonMag<\/p>\n<p itemprop=\"description\"><strong>Le classement 2024 du cabinet EY sur l\u2019attractivit\u00e9 industrielle en Europe acte un recul symbolique pour la r\u00e9gion lyonnaise. \u00a0<\/strong><\/p>\n<p>Selon le <a href=\"https:\/\/www.ey.com\/content\/dam\/ey-unified-site\/ey-com\/fr-fr\/campaigns\/foreign-direct-investment-surveys\/documents\/ey-barometre-ey-attractivite-france-2025.pdf?mc_cid=c439758015&amp;mc_eid=89d373676b\" target=\"_blank\" rel=\"noopener\">barom\u00e8tre 2024 du cabinet EY<\/a>, la r\u00e9gion de Marmara Est en Turquie, o\u00f9 se trouve Bursa, devance pour la premi\u00e8re fois la r\u00e9gion Auvergne-Rh\u00f4ne-Alpes en nombre de projets d\u2019investissements industriels \u00e9trangers.<\/p>\n<p>Avec 71 projets recens\u00e9s, en progression de 18 % sur un an, la r\u00e9gion turque prend la t\u00eate du classement, quand la r\u00e9gion Auvergne-Rh\u00f4ne-Alpes en comptabilise 68, soit un recul de 23 % par rapport \u00e0 2023. C\u2019est un basculement symbolique : la r\u00e9gion lyonnaise reste toutefois la premi\u00e8re r\u00e9gion industrielle fran\u00e7aise et conserve sa premi\u00e8re place au sein de l\u2019Union europ\u00e9enne \u00e0 27.<\/p>\n<p style=\"text-align:center\"><img loading=\"lazy\" decoding=\"async\" alt=\"\" height=\"245\" src=\"https:\/\/www.europesays.com\/fr\/wp-content\/uploads\/2025\/06\/capture-d-ecran-2025-05-31-a-15-25-12.png\" width=\"600\"\/><\/p>\n<p><strong>La dynamique ralentit <\/strong><\/p>\n<p>Les investissements en r\u00e9gion Auvergne-Rh\u00f4ne-Alpes concernent principalement les secteurs de l\u2019\u00e9nergie, des \u00e9quipements industriels, de l\u2019\u00e9lectronique et du BTP. Mais la dynamique ralentit : tous secteurs confondus, 146 investissements \u00e9trangers ont \u00e9t\u00e9 enregistr\u00e9s en 2024 dans la r\u00e9gion, contre 168 l\u2019ann\u00e9e pr\u00e9c\u00e9dente.<\/p>\n<p>Le recul est encore plus marqu\u00e9 du c\u00f4t\u00e9 de l\u2019emploi. Les projets \u00e9trangers ont permis la cr\u00e9ation de 2 529 emplois en 2024 en r\u00e9gion Auvergne-Rh\u00f4ne-Alpes, soit une baisse de 39 %. Ce d\u00e9clin affecte \u00e9galement la m\u00e9tropole lyonnaise, qui avec 871 emplois cr\u00e9\u00e9s, se voit devanc\u00e9e par Toulouse (993) et talonn\u00e9e par Aix-Marseille (801). En nombre de projets, Lyon reste devant ses concurrentes r\u00e9gionales avec 48 projets contre 36 pour Aix-Marseille et 30 pour Toulouse.<\/p>\n<p>Au niveau europ\u00e9en, la r\u00e9gion Auvergne-Rh\u00f4ne-Alpes conserve sa 4e place parmi les r\u00e9gions les plus attractives, derri\u00e8re le Grand Londres, l\u2019\u00cele-de-France et la r\u00e9gion de D\u00fcsseldorf. Mais Lyon, en tant que m\u00e9tropole, n\u2019appara\u00eet plus dans le Top 15 europ\u00e9en des destinations jug\u00e9es les plus attractives pour les investissements futurs, selon les 200 dirigeants interrog\u00e9s dans l\u2019\u00e9tude EY.<\/p>\n","protected":false},"excerpt":{"rendered":"Lyon perd sa place de premi\u00e8re r\u00e9gion industrielle europ\u00e9enne au profit de Bursa &#8211; LyonMag Le classement 2024&hellip;\n","protected":false},"author":2,"featured_media":143858,"comment_status":"","ping_status":"","sticky":false,"template":"","format":"standard","meta":{"footnotes":""},"categories":[1889],"tags":[1111,11,2813,2190,2430,1109,251,1112,2811,1777,674,118,1011,27,1922,1110,1114,2428,2810,12,241,316,25,2812,517,800],"class_list":{"0":"post-143857","1":"post","2":"type-post","3":"status-publish","4":"format-standard","5":"has-post-thumbnail","7":"category-lyon","8":"tag-actu","9":"tag-actualites","10":"tag-article","11":"tag-asvel","12":"tag-auvergne-rhone-alpes","13":"tag-breves","14":"tag-culture","15":"tag-depeches","16":"tag-economique","17":"tag-eu","18":"tag-europe","19":"tag-faits-divers","20":"tag-fr","21":"tag-france","22":"tag-info","23":"tag-informations","24":"tag-infos","25":"tag-lyon","26":"tag-lyonmag","27":"tag-news","28":"tag-ol","29":"tag-politique","30":"tag-republique-francaise","31":"tag-sociale","32":"tag-sport","33":"tag-transports"},"share_on_mastodon":{"url":"https:\/\/pubeurope.com\/@fr\/114607750119199976","error":""},"_links":{"self":[{"href":"https:\/\/www.europesays.com\/fr\/wp-json\/wp\/v2\/posts\/143857","targetHints":{"allow":["GET"]}}],"collection":[{"href":"https:\/\/www.europesays.com\/fr\/wp-json\/wp\/v2\/posts"}],"about":[{"href":"https:\/\/www.europesays.com\/fr\/wp-json\/wp\/v2\/types\/post"}],"author":[{"embeddable":true,"href":"https:\/\/www.europesays.com\/fr\/wp-json\/wp\/v2\/users\/2"}],"replies":[{"embeddable":true,"href":"https:\/\/www.europesays.com\/fr\/wp-json\/wp\/v2\/comments?post=143857"}],"version-history":[{"count":0,"href":"https:\/\/www.europesays.com\/fr\/wp-json\/wp\/v2\/posts\/143857\/revisions"}],"wp:featuredmedia":[{"embeddable":true,"href":"https:\/\/www.europesays.com\/fr\/wp-json\/wp\/v2\/media\/143858"}],"wp:attachment":[{"href":"https:\/\/www.europesays.com\/fr\/wp-json\/wp\/v2\/media?parent=143857"}],"wp:term":[{"taxonomy":"category","embeddable":true,"href":"https:\/\/www.europesays.com\/fr\/wp-json\/wp\/v2\/categories?post=143857"},{"taxonomy":"post_tag","embeddable":true,"href":"https:\/\/www.europesays.com\/fr\/wp-json\/wp\/v2\/tags?post=143857"}],"curies":[{"name":"wp","href":"https:\/\/api.w.org\/{rel}","templated":true}]}}