{"id":143859,"date":"2025-06-01T10:57:12","date_gmt":"2025-06-01T10:57:12","guid":{"rendered":"https:\/\/www.europesays.com\/fr\/143859\/"},"modified":"2025-06-01T10:57:12","modified_gmt":"2025-06-01T10:57:12","slug":"rhone-croix-gammees-tags-antisemites-et-depart-dincendie-dans-une-ecole-de-lyon","status":"publish","type":"post","link":"https:\/\/www.europesays.com\/fr\/143859\/","title":{"rendered":"Rh\u00f4ne. Croix gamm\u00e9es, tags antis\u00e9mites et d\u00e9part d\u2019incendie dans une \u00e9cole de Lyon"},"content":{"rendered":"<p>L\u2019\u00e9cole primaire Nov\u00e9-Josserand (Lyon 3 e ) a \u00e9t\u00e9 vandalis\u00e9e samedi en d\u00e9but de soir\u00e9e. Un incendie s\u2019est d\u00e9clar\u00e9 vers 19 heures dans les toilettes ext\u00e9rieures, a appris Le Progr\u00e8s ce dimanche, confirmant une information de nos confr\u00e8res de <a href=\"https:\/\/www.franceinfo.fr\/faits-divers\/une-ecole-primaire-de-lyon-incendiee-des-croix-gammees-et-des-etoiles-de-david-taguees_7285464.html\" target=\"_blank\" rel=\"nofollow noopener\">France Info<\/a>.<\/p>\n<p>  Tags et d\u00e9gradations<\/p>\n<p>Sur place, les policiers ont d\u00e9couvert des croix gamm\u00e9es, des inscriptions \u00e0 caract\u00e8re antis\u00e9mite et des slogans propalestiniens. Des \u00e9toiles de David ont \u00e9t\u00e9 tagu\u00e9es dans trois salles de classe, confirme une source s\u00e9curitaire.\ufeff<\/p>\n<p>Une enqu\u00eate a \u00e9t\u00e9 ouverte.<\/p>\n<p>L\u2019\u00e9cole est situ\u00e9e passage Roger-Br\u00e9chan, dans le quartier de la rue du Dauphin\u00e9, pr\u00e8s du parc de Montluc.<\/p>\n","protected":false},"excerpt":{"rendered":"L\u2019\u00e9cole primaire Nov\u00e9-Josserand (Lyon 3 e ) a \u00e9t\u00e9 vandalis\u00e9e samedi en d\u00e9but de soir\u00e9e. Un incendie s\u2019est&hellip;\n","protected":false},"author":2,"featured_media":143860,"comment_status":"","ping_status":"","sticky":false,"template":"","format":"standard","meta":{"footnotes":""},"categories":[1889],"tags":[1111,11,2430,271,272,2757,1777,674,274,1011,27,2428,2756,12,25,2429],"class_list":{"0":"post-143859","1":"post","2":"type-post","3":"status-publish","4":"format-standard","5":"has-post-thumbnail","7":"category-lyon","8":"tag-actu","9":"tag-actualites","10":"tag-auvergne-rhone-alpes","11":"tag-crime","12":"tag-delit-et-contravention","13":"tag-edition-lyon-villeurbanne","14":"tag-eu","15":"tag-europe","16":"tag-faits-divers-justice","17":"tag-fr","18":"tag-france","19":"tag-lyon","20":"tag-lyon-bassin","21":"tag-news","22":"tag-republique-francaise","23":"tag-rhone"},"share_on_mastodon":{"url":"https:\/\/pubeurope.com\/@fr\/114607754044867796","error":""},"_links":{"self":[{"href":"https:\/\/www.europesays.com\/fr\/wp-json\/wp\/v2\/posts\/143859","targetHints":{"allow":["GET"]}}],"collection":[{"href":"https:\/\/www.europesays.com\/fr\/wp-json\/wp\/v2\/posts"}],"about":[{"href":"https:\/\/www.europesays.com\/fr\/wp-json\/wp\/v2\/types\/post"}],"author":[{"embeddable":true,"href":"https:\/\/www.europesays.com\/fr\/wp-json\/wp\/v2\/users\/2"}],"replies":[{"embeddable":true,"href":"https:\/\/www.europesays.com\/fr\/wp-json\/wp\/v2\/comments?post=143859"}],"version-history":[{"count":0,"href":"https:\/\/www.europesays.com\/fr\/wp-json\/wp\/v2\/posts\/143859\/revisions"}],"wp:featuredmedia":[{"embeddable":true,"href":"https:\/\/www.europesays.com\/fr\/wp-json\/wp\/v2\/media\/143860"}],"wp:attachment":[{"href":"https:\/\/www.europesays.com\/fr\/wp-json\/wp\/v2\/media?parent=143859"}],"wp:term":[{"taxonomy":"category","embeddable":true,"href":"https:\/\/www.europesays.com\/fr\/wp-json\/wp\/v2\/categories?post=143859"},{"taxonomy":"post_tag","embeddable":true,"href":"https:\/\/www.europesays.com\/fr\/wp-json\/wp\/v2\/tags?post=143859"}],"curies":[{"name":"wp","href":"https:\/\/api.w.org\/{rel}","templated":true}]}}