{"id":143865,"date":"2025-06-01T11:00:09","date_gmt":"2025-06-01T11:00:09","guid":{"rendered":"https:\/\/www.europesays.com\/fr\/143865\/"},"modified":"2025-06-01T11:00:09","modified_gmt":"2025-06-01T11:00:09","slug":"apres-une-altercation-assa-traore-est-visee-par-une-plainte-pour-violences-aggravees","status":"publish","type":"post","link":"https:\/\/www.europesays.com\/fr\/143865\/","title":{"rendered":"apr\u00e8s une altercation, Assa Traor\u00e9 est vis\u00e9e par une plainte pour violences aggrav\u00e9es"},"content":{"rendered":"<p>            Par<br \/>\n        <strong><br \/>\n            <a href=\"https:\/\/actu.fr\/auteur\/thomas-martin\" title=\"Consulter tous les articles de Thomas Martin\" target=\"_blank\" rel=\"noopener\">Thomas Martin<\/a><br \/>\n        <\/strong><\/p>\n<p>        Publi\u00e9 le<\/p>\n<p>            1 juin 2025 \u00e0 11h56        <\/p>\n<p>Un diff\u00e9rend qui se termine par une plainte. Selon le site <a href=\"https:\/\/www.valeursactuelles.com\/faits-divers\/info-va-une-plainte-depose-contre-assa-traore-pour-violences-aggravees\" target=\"_blank\" rel=\"noopener\">Valeurs Actuelles<\/a>, la militante <a href=\"https:\/\/actu.fr\/ile-de-france\/beaumont-sur-oise_95052\/val-d-oise-assa-traore-condamnee-pour-avoir-accuse-les-trois-gendarmes-qui-ont-interpelle-a-beaumont-sur-oise_39907314.html\" target=\"_blank\" rel=\"noopener\">Assa Traor\u00e9<\/a> est vis\u00e9e par une plainte d\u00e9pos\u00e9e vendredi 30 mai pour violences aggrav\u00e9es \u00e0 la suite d\u2019une altercation dans un parc \u00e0 Ivry-sur-Seine, dans le Val-de-Marne. Une information confirm\u00e9e \u00e0 actu Paris par le <a href=\"https:\/\/actu.fr\/tag\/tribunal-de-creteil\" target=\"_blank\" rel=\"noopener\">parquet de Cr\u00e9teil<\/a>.\u00a0<\/p>\n<p>Enqu\u00eate en cours pour des violences r\u00e9ciproques<\/p>\n<p class=\" wall-content\">Tout serait parti d\u2019une altercation entre deux enfants. \u00ab\u00a0L\u2019un d\u2019eux, \u00e2g\u00e9 de dix ans, aurait \u00e9t\u00e9 frapp\u00e9 et insult\u00e9 par un autre alors qu\u2019ils jouaient au football, indique Valeurs actuelles. Sa tante est alors all\u00e9e voir l\u2019agresseur pr\u00e9sum\u00e9 pour tenter de comprendre ce qu\u2019il s\u2019\u00e9tait pass\u00e9\u00a0\u00bb.<\/p>\n<p class=\" wall-content\">Ce dernier l\u2019aurait \u00e0 son tour menac\u00e9e. La femme serait alors all\u00e9e s\u2019asseoir. A son arriv\u00e9e, la m\u00e8re de l\u2019enfant, reconnu comme \u00e9tant Assa Traor\u00e9, s\u2019en serait alors pris physiquement et verbalement \u00e0 la tante de l\u2019autre enfant qui a donc d\u00e9cid\u00e9 de porter plainte. Assa Traor\u00e9 aurait \u00e9galement port\u00e9 plainte.\u00a0<\/p>\n<p class=\" wall-content\">\u00ab\u00a0Une enqu\u00eate est en cours au commissariat d\u2019Ivry pour des violences r\u00e9ciproques entre m\u00e8res de famille, les investigations se poursuivent\u00a0\u00bb, indique le parquet de Cr\u00e9teil.\u00a0\u00a0<\/p>\n<p class=\" wall-content\">Suivez toute l\u2019actualit\u00e9 de vos villes et m\u00e9dias favoris en vous inscrivant \u00e0 <a href=\"https:\/\/moncompte.actu.fr\" title=\"D\u00e9couvez Mon Actu\" rel=\"nofollow noopener\" data-trk=\"{&quot;cta&quot;:{&quot;action&quot;:&quot;https:\\\/\\\/moncompte.actu.fr&quot;,&quot;category&quot;:&quot;mon compte&quot;,&quot;from&quot;:&quot;article footer&quot;,&quot;name&quot;:&quot;Mon actu&quot;,&quot;type&quot;:&quot;cta&quot;}}\" target=\"_blank\">Mon Actu<\/a>.<\/p>\n<ul class=\"ac-article-tag wall-content\">\n<li><a href=\"https:\/\/actu.fr\/tag\/justice\" data-trk=\"{&quot;cta&quot;:{&quot;action&quot;:&quot;Justice&quot;,&quot;category&quot;:&quot;tag&quot;,&quot;from&quot;:&quot;article footer&quot;,&quot;name&quot;:&quot;Justice&quot;,&quot;type&quot;:&quot;cta&quot;}}\" target=\"_blank\" rel=\"noopener\">#Justice<\/a><\/li>\n<li><a href=\"https:\/\/actu.fr\/tag\/tribunal-de-creteil\" data-trk=\"{&quot;cta&quot;:{&quot;action&quot;:&quot;Tribunal de cr\\u00e9teil&quot;,&quot;category&quot;:&quot;tag&quot;,&quot;from&quot;:&quot;article footer&quot;,&quot;name&quot;:&quot;Tribunal de cr\\u00e9teil&quot;,&quot;type&quot;:&quot;cta&quot;}}\" target=\"_blank\" rel=\"noopener\">#Tribunal de cr\u00e9teil<\/a><\/li>\n<\/ul>\n","protected":false},"excerpt":{"rendered":"Par Thomas Martin Publi\u00e9 le 1 juin 2025 \u00e0 11h56 Un diff\u00e9rend qui se termine par une plainte.&hellip;\n","protected":false},"author":2,"featured_media":143866,"comment_status":"","ping_status":"","sticky":false,"template":"","format":"standard","meta":{"footnotes":""},"categories":[1888],"tags":[1111,1928,11,1927,1777,674,118,1011,27,303,12,1926,626,1925,25,4310],"class_list":{"0":"post-143865","1":"post","2":"type-post","3":"status-publish","4":"format-standard","5":"has-post-thumbnail","7":"category-paris","8":"tag-actu","9":"tag-actu-paris","10":"tag-actualites","11":"tag-actualites-paris","12":"tag-eu","13":"tag-europe","14":"tag-faits-divers","15":"tag-fr","16":"tag-france","17":"tag-justice","18":"tag-news","19":"tag-news-paris","20":"tag-paris","21":"tag-paris-news","22":"tag-republique-francaise","23":"tag-tribunal-de-creteil"},"share_on_mastodon":{"url":"https:\/\/pubeurope.com\/@fr\/114607765826553825","error":""},"_links":{"self":[{"href":"https:\/\/www.europesays.com\/fr\/wp-json\/wp\/v2\/posts\/143865","targetHints":{"allow":["GET"]}}],"collection":[{"href":"https:\/\/www.europesays.com\/fr\/wp-json\/wp\/v2\/posts"}],"about":[{"href":"https:\/\/www.europesays.com\/fr\/wp-json\/wp\/v2\/types\/post"}],"author":[{"embeddable":true,"href":"https:\/\/www.europesays.com\/fr\/wp-json\/wp\/v2\/users\/2"}],"replies":[{"embeddable":true,"href":"https:\/\/www.europesays.com\/fr\/wp-json\/wp\/v2\/comments?post=143865"}],"version-history":[{"count":0,"href":"https:\/\/www.europesays.com\/fr\/wp-json\/wp\/v2\/posts\/143865\/revisions"}],"wp:featuredmedia":[{"embeddable":true,"href":"https:\/\/www.europesays.com\/fr\/wp-json\/wp\/v2\/media\/143866"}],"wp:attachment":[{"href":"https:\/\/www.europesays.com\/fr\/wp-json\/wp\/v2\/media?parent=143865"}],"wp:term":[{"taxonomy":"category","embeddable":true,"href":"https:\/\/www.europesays.com\/fr\/wp-json\/wp\/v2\/categories?post=143865"},{"taxonomy":"post_tag","embeddable":true,"href":"https:\/\/www.europesays.com\/fr\/wp-json\/wp\/v2\/tags?post=143865"}],"curies":[{"name":"wp","href":"https:\/\/api.w.org\/{rel}","templated":true}]}}