{"id":143867,"date":"2025-06-01T11:01:09","date_gmt":"2025-06-01T11:01:09","guid":{"rendered":"https:\/\/www.europesays.com\/fr\/143867\/"},"modified":"2025-06-01T11:01:09","modified_gmt":"2025-06-01T11:01:09","slug":"paris-un-jeune-homme-mortellement-percute-a-scooter-en-marge-des-celebrations-du-psg","status":"publish","type":"post","link":"https:\/\/www.europesays.com\/fr\/143867\/","title":{"rendered":"Paris : un jeune homme mortellement percut\u00e9 \u00e0 scooter en marge des c\u00e9l\u00e9brations du PSG"},"content":{"rendered":"<p>Le conducteur d&rsquo;un scooter \u00e2g\u00e9 d&rsquo;une vingtaine d&rsquo;ann\u00e9es a \u00e9t\u00e9 mortellement percut\u00e9 par un v\u00e9hicule samedi soir, dans le 7e arrondissement de Paris, en marge des c\u00e9l\u00e9brations de la victoire du PSG.Le conducteur a \u00e9t\u00e9 plac\u00e9 en garde \u00e0 vue.<\/p>\n<p data-module=\"article-paragraph\" class=\"jsx-362436225 Paragraph\">Une f\u00eate assombrie par un drame dans la capitale. Un jeune homme n\u00e9 en 2002 est d\u00e9c\u00e9d\u00e9 apr\u00e8s avoir \u00e9t\u00e9 percut\u00e9 par un v\u00e9hicule samedi soir, en marge des c\u00e9l\u00e9brations de la victoire du PSG en Ligue des champions, a indiqu\u00e9 ce dimanche le parquet de Paris \u00e0 TF1\/LCI.<\/p>\n<p data-module=\"article-paragraph\" class=\"jsx-362436225 Paragraph Paragraph__End\">La victime circulait \u00e0 scooter dans le 7\u1d49 arrondissement de Paris lorsque l&rsquo;accident s&rsquo;est produit, dans le secteur de l&rsquo;avenue de la Motte-Picquet.<\/p>\n<p>Le conducteur plac\u00e9 en garde \u00e0 vue<\/p>\n<p data-module=\"article-paragraph\" class=\"jsx-362436225 Paragraph\">Selon la m\u00eame source, le conducteur du v\u00e9hicule mis en cause est \u00e2g\u00e9 de 19 ans. Il a \u00e9t\u00e9 plac\u00e9 en garde \u00e0 vue. Les d\u00e9pistages d&rsquo;alcool\u00e9mie et de stup\u00e9fiants se sont av\u00e9r\u00e9s n\u00e9gatifs.\u00a0<\/p>\n<p data-module=\"article-paragraph\" class=\"jsx-362436225 Paragraph\">Selon le <a href=\"https:\/\/www.leparisien.fr\/faits-divers\/paris-une-femme-est-decedee-a-scooter-percutee-par-une-voiture-en-marge-des-celebrations-pour-le-psg-01-06-2025-N4QALE3XHVCMDOO7UGSZVCL774.php\" target=\"_blank\" rel=\"nofollow noopener\">Parisien (nouvelle fen\u00eatre)<\/a>, les faits se sont produits aux alentours de 0h45, alors que les supporters c\u00e9l\u00e9braient la victoire du PSG contre l&rsquo;Inter Milan. \u00ab\u00a0On peut penser \u00e0 ce stade [que l&rsquo;accident] est li\u00e9 aux festivit\u00e9s\u00a0\u00bb, a indiqu\u00e9 le pr\u00e9fet de police Laurent Nunez lors d&rsquo;une conf\u00e9rence de presse, pr\u00e9cisant que l&rsquo;enqu\u00eate devra confirmer formellement le lien entre les deux \u00e9v\u00e9nements.\u00a0<\/p>\n<p data-module=\"article-paragraph\" class=\"jsx-362436225 Paragraph Paragraph__End\">Selon un bilan du minist\u00e8re de l&rsquo;Int\u00e9rieur communiqu\u00e9 dimanche matin, deux personnes sont d\u00e9c\u00e9d\u00e9es au niveau national et 192 personnes ont \u00e9t\u00e9 bless\u00e9es au cours de la nuit. Au total, 559 personnes ont \u00e9t\u00e9 interpell\u00e9es, dont 491 \u00e0 Paris.\u00a0<\/p>\n<p>V.M avec le service police-justice TF1\/LCI<\/p>\n","protected":false},"excerpt":{"rendered":"Le conducteur d&rsquo;un scooter \u00e2g\u00e9 d&rsquo;une vingtaine d&rsquo;ann\u00e9es a \u00e9t\u00e9 mortellement percut\u00e9 par un v\u00e9hicule samedi soir, dans&hellip;\n","protected":false},"author":2,"featured_media":143868,"comment_status":"","ping_status":"","sticky":false,"template":"","format":"standard","meta":{"footnotes":""},"categories":[1888],"tags":[3085,1111,1928,11,1927,1921,1777,674,6017,1011,27,1922,2954,27087,12,1926,626,1925,93,25,133,2953],"class_list":{"0":"post-143867","1":"post","2":"type-post","3":"status-publish","4":"format-standard","5":"has-post-thumbnail","7":"category-paris","8":"tag-accidents","9":"tag-actu","10":"tag-actu-paris","11":"tag-actualites","12":"tag-actualites-paris","13":"tag-article-video","14":"tag-eu","15":"tag-europe","16":"tag-fait-divers","17":"tag-fr","18":"tag-france","19":"tag-info","20":"tag-justice-et-faits-divers","21":"tag-le-psg-remporte-sa-premiere-ligue-des-champions","22":"tag-news","23":"tag-news-paris","24":"tag-paris","25":"tag-paris-news","26":"tag-psg","27":"tag-republique-francaise","28":"tag-video","29":"tag-video-police"},"share_on_mastodon":{"url":"https:\/\/pubeurope.com\/@fr\/114607769847998277","error":""},"_links":{"self":[{"href":"https:\/\/www.europesays.com\/fr\/wp-json\/wp\/v2\/posts\/143867","targetHints":{"allow":["GET"]}}],"collection":[{"href":"https:\/\/www.europesays.com\/fr\/wp-json\/wp\/v2\/posts"}],"about":[{"href":"https:\/\/www.europesays.com\/fr\/wp-json\/wp\/v2\/types\/post"}],"author":[{"embeddable":true,"href":"https:\/\/www.europesays.com\/fr\/wp-json\/wp\/v2\/users\/2"}],"replies":[{"embeddable":true,"href":"https:\/\/www.europesays.com\/fr\/wp-json\/wp\/v2\/comments?post=143867"}],"version-history":[{"count":0,"href":"https:\/\/www.europesays.com\/fr\/wp-json\/wp\/v2\/posts\/143867\/revisions"}],"wp:featuredmedia":[{"embeddable":true,"href":"https:\/\/www.europesays.com\/fr\/wp-json\/wp\/v2\/media\/143868"}],"wp:attachment":[{"href":"https:\/\/www.europesays.com\/fr\/wp-json\/wp\/v2\/media?parent=143867"}],"wp:term":[{"taxonomy":"category","embeddable":true,"href":"https:\/\/www.europesays.com\/fr\/wp-json\/wp\/v2\/categories?post=143867"},{"taxonomy":"post_tag","embeddable":true,"href":"https:\/\/www.europesays.com\/fr\/wp-json\/wp\/v2\/tags?post=143867"}],"curies":[{"name":"wp","href":"https:\/\/api.w.org\/{rel}","templated":true}]}}