{"id":143879,"date":"2025-06-01T11:07:09","date_gmt":"2025-06-01T11:07:09","guid":{"rendered":"https:\/\/www.europesays.com\/fr\/143879\/"},"modified":"2025-06-01T11:07:09","modified_gmt":"2025-06-01T11:07:09","slug":"plus-de-1100-migrants-arrives-samedi-sur-de-petites-embarcations","status":"publish","type":"post","link":"https:\/\/www.europesays.com\/fr\/143879\/","title":{"rendered":"plus de 1100 migrants arriv\u00e9s samedi sur de petites embarcations"},"content":{"rendered":"<p>Depuis le d\u00e9but de l\u2019ann\u00e9e, 14.808 personnes sont arriv\u00e9es sur le sol britannique en traversant la Manche sur de petites embarcations.<\/p>\n<p class=\"fig-paragraph\">Les autorit\u00e9s britanniques ont d\u00e9tect\u00e9 1194 arriv\u00e9es de migrants ayant travers\u00e9 la\u00a0<a href=\"http:\/\/www.lefigaro.fr\/international\/manche-un-bateau-de-peche-britannique-sans-licence-escorte-hors-des-eaux-francaises-20250523\" target=\"_blank\" data-fig-type=\"NewsFlash\" rel=\"noopener nofollow\" data-gtm-custom-categorie=\"navigation\" data-gtm-custom-action=\"crossclick\" data-gtm-custom-label=\"Contextuel\" data-gtm-event=\"customEventSPE\" data-fig-domain=\"LEFIGARO\">Manche<\/a>\u00a0sur de petites embarcations pour la seule journ\u00e9e de samedi, un record depuis le d\u00e9but de l&rsquo;ann\u00e9e, selon un d\u00e9compte de l&rsquo;AFP \u00e0 partir des chiffres officiels.<\/p>\n<p class=\"fig-paragraph\">Depuis le d\u00e9but de l&rsquo;ann\u00e9e, 14.808 personnes sont ainsi arriv\u00e9es au\u00a0<a href=\"http:\/\/www.lefigaro.fr\/international\/royaume-uni-les-cigarettes-electroniques-jetables-interdites-a-la-vente-a-partir-de-dimanche-20250531\" target=\"_blank\" data-fig-type=\"NewsFlash\" rel=\"noopener nofollow\" data-gtm-custom-categorie=\"navigation\" data-gtm-custom-action=\"crossclick\" data-gtm-custom-label=\"Contextuel\" data-gtm-event=\"customEventSPE\" data-fig-domain=\"LEFIGARO\">Royaume-Uni<\/a>\u00a0par ce biais, un niveau in\u00e9dit malgr\u00e9 les nombreuses mesures mises en place par les gouvernements fran\u00e7ais et britannique pour endiguer ce ph\u00e9nom\u00e8ne.<\/p>\n<p class=\"fig-paragraph\">Plus d\u2019informations \u00e0 venir&#8230;<\/p>\n","protected":false},"excerpt":{"rendered":"Depuis le d\u00e9but de l\u2019ann\u00e9e, 14.808 personnes sont arriv\u00e9es sur le sol britannique en traversant la Manche sur&hellip;\n","protected":false},"author":2,"featured_media":143880,"comment_status":"","ping_status":"","sticky":false,"template":"","format":"standard","meta":{"footnotes":""},"categories":[1588],"tags":[259,11,260,1777,674,14,1251,261,12,262,473,1853,1851,1850,1852],"class_list":{"0":"post-143879","1":"post","2":"type-post","3":"status-publish","4":"format-standard","5":"has-post-thumbnail","7":"category-royaume-uni","8":"tag-actualite-internationale","9":"tag-actualites","10":"tag-affaires-etrangeres","11":"tag-eu","12":"tag-europe","13":"tag-international","14":"tag-migrants","15":"tag-ministere-des-affaires-etrangeres","16":"tag-news","17":"tag-politique-etrangere","18":"tag-royaume-uni","19":"tag-royaume-uni-de-grande-bretagne-et-dirlande-du-nord","20":"tag-uk","21":"tag-united-kingdom","22":"tag-united-kingdom-of-great-britain-and-northern-ireland"},"share_on_mastodon":{"url":"https:\/\/pubeurope.com\/@fr\/114607793386357485","error":""},"_links":{"self":[{"href":"https:\/\/www.europesays.com\/fr\/wp-json\/wp\/v2\/posts\/143879","targetHints":{"allow":["GET"]}}],"collection":[{"href":"https:\/\/www.europesays.com\/fr\/wp-json\/wp\/v2\/posts"}],"about":[{"href":"https:\/\/www.europesays.com\/fr\/wp-json\/wp\/v2\/types\/post"}],"author":[{"embeddable":true,"href":"https:\/\/www.europesays.com\/fr\/wp-json\/wp\/v2\/users\/2"}],"replies":[{"embeddable":true,"href":"https:\/\/www.europesays.com\/fr\/wp-json\/wp\/v2\/comments?post=143879"}],"version-history":[{"count":0,"href":"https:\/\/www.europesays.com\/fr\/wp-json\/wp\/v2\/posts\/143879\/revisions"}],"wp:featuredmedia":[{"embeddable":true,"href":"https:\/\/www.europesays.com\/fr\/wp-json\/wp\/v2\/media\/143880"}],"wp:attachment":[{"href":"https:\/\/www.europesays.com\/fr\/wp-json\/wp\/v2\/media?parent=143879"}],"wp:term":[{"taxonomy":"category","embeddable":true,"href":"https:\/\/www.europesays.com\/fr\/wp-json\/wp\/v2\/categories?post=143879"},{"taxonomy":"post_tag","embeddable":true,"href":"https:\/\/www.europesays.com\/fr\/wp-json\/wp\/v2\/tags?post=143879"}],"curies":[{"name":"wp","href":"https:\/\/api.w.org\/{rel}","templated":true}]}}