{"id":14388,"date":"2025-04-10T07:23:14","date_gmt":"2025-04-10T07:23:14","guid":{"rendered":"https:\/\/www.europesays.com\/fr\/14388\/"},"modified":"2025-04-10T07:23:14","modified_gmt":"2025-04-10T07:23:14","slug":"lincendie-dun-mcdonalds-a-toulouse-revendique-par-les-frites-insoumises","status":"publish","type":"post","link":"https:\/\/www.europesays.com\/fr\/14388\/","title":{"rendered":"L&rsquo;incendie d&rsquo;un McDonald&rsquo;s \u00e0 Toulouse revendiqu\u00e9 par \u00ab\u00a0Les Frites Insoumises\u00a0\u00bb"},"content":{"rendered":"<p>Un restaurant McDonald\u2019s pr\u00e8s de Toulouse a \u00e9t\u00e9 incendi\u00e9 dans la nuit du lundi 7 au mardi 8 avril.Un acte revendiqu\u00e9 par les \u00ab\u00a0Frites Insoumises\u00a0\u00bb, un groupe militant.Il indique avoir agi notamment \u00ab\u00a0en soutien au peuple palestinien\u00a0\u00bb.<\/p>\n<p data-module=\"article-paragraph\" class=\"jsx-362436225 Paragraph\">Il pourrait s\u2019agir d\u2019une mauvaise blague, mais ce n\u2019en est pas une. \u00ab\u00a0Les Frites Insoumises\u00a0\u00bb, un groupe militant encore inconnu, ont revendiqu\u00e9 l\u2019incendie, dans la nuit du lundi 7 au mardi 8 avril, d\u2019un <a href=\"https:\/\/www.tf1info.fr\/economie\/video-reportage-tf1-comment-mcdonald-s-a-fait-des-traditions-culinaires-francaises-un-atout-commercial-2295421.html\" target=\"_blank\" rel=\"nofollow noopener\">restaurant McDonald&rsquo;s (nouvelle fen\u00eatre)<\/a> en construction dans la commune de Montrab\u00e9 (Haute-Garonne) pr\u00e8s de Toulouse, selon les informations recueillies par l\u2019AFP.\u00a0<\/p>\n<p data-module=\"article-paragraph\" class=\"jsx-362436225 Paragraph Paragraph__End\">Les pompiers sont intervenus vers 3h alors que le feu ravageait le futur \u00e9tablissement, dont l&rsquo;implantation dans la commune de Montrab\u00e9, pr\u00e8s de Toulouse, \u00e9tait contest\u00e9e jusque-l\u00e0 sans incident. L&rsquo;incendie n&rsquo;a pas fait de victimes.<\/p>\n<p>Le groupe revendique d&rsquo;avoir agi \u00ab\u00a0en soutien au peuple palestinien\u00a0\u00bb<\/p>\n<p data-module=\"article-paragraph\" class=\"jsx-362436225 Paragraph\">Le groupe militant a revendiqu\u00e9 cet acte \u00e0 travers un communiqu\u00e9 transmis \u00e0 l\u2019AFP. Il indique avoir agi \u00ab\u00a0en soutien au peuple palestinien, et contre la nouvelle strat\u00e9gie d&rsquo;expansion de la firme, qui souhaite ouvrir 50 nouveaux restaurants cette ann\u00e9e et imposer sa pr\u00e9sence dans tout le territoire fran\u00e7ais afin de compenser les pertes financi\u00e8res dues au boycott\u00a0\u00bb du groupe am\u00e9ricain.\u00a0<\/p>\n<p data-module=\"article-paragraph\" class=\"jsx-362436225 Paragraph\">De son c\u00f4t\u00e9, la direction du futur McDonald&rsquo;s a condamn\u00e9 cette \u00ab\u00a0destruction partielle et volontaire\u00a0\u00bb. Elle consid\u00e8re que le feu n&rsquo;avait \u00ab\u00a0que partiellement impact\u00e9 le chantier\u00a0\u00bb, et annonce que les travaux reprendront d\u00e8s que possible.<\/p>\n<p data-module=\"article-paragraph\" class=\"jsx-362436225 Paragraph Paragraph__End\">Une enqu\u00eate a \u00e9t\u00e9 ouverte et confi\u00e9e \u00e0 la gendarmerie, sous la direction du procureur de Toulouse.<\/p>\n<p>Manale MAKHCHOUN avec AFP <\/p>\n","protected":false},"excerpt":{"rendered":"Un restaurant McDonald\u2019s pr\u00e8s de Toulouse a \u00e9t\u00e9 incendi\u00e9 dans la nuit du lundi 7 au mardi 8&hellip;\n","protected":false},"author":2,"featured_media":14389,"comment_status":"","ping_status":"","sticky":false,"template":"","format":"standard","meta":{"footnotes":""},"categories":[2816],"tags":[1111,11,1921,1777,674,1011,27,3381,1922,2954,12,2680,25,2312,133,2953],"class_list":{"0":"post-14388","1":"post","2":"type-post","3":"status-publish","4":"format-standard","5":"has-post-thumbnail","7":"category-toulouse","8":"tag-actu","9":"tag-actualites","10":"tag-article-video","11":"tag-eu","12":"tag-europe","13":"tag-fr","14":"tag-france","15":"tag-gendarmerie","16":"tag-info","17":"tag-justice-et-faits-divers","18":"tag-news","19":"tag-occitanie","20":"tag-republique-francaise","21":"tag-toulouse","22":"tag-video","23":"tag-video-police"},"share_on_mastodon":{"url":"https:\/\/pubeurope.com\/@fr\/114312472391706551","error":""},"_links":{"self":[{"href":"https:\/\/www.europesays.com\/fr\/wp-json\/wp\/v2\/posts\/14388","targetHints":{"allow":["GET"]}}],"collection":[{"href":"https:\/\/www.europesays.com\/fr\/wp-json\/wp\/v2\/posts"}],"about":[{"href":"https:\/\/www.europesays.com\/fr\/wp-json\/wp\/v2\/types\/post"}],"author":[{"embeddable":true,"href":"https:\/\/www.europesays.com\/fr\/wp-json\/wp\/v2\/users\/2"}],"replies":[{"embeddable":true,"href":"https:\/\/www.europesays.com\/fr\/wp-json\/wp\/v2\/comments?post=14388"}],"version-history":[{"count":0,"href":"https:\/\/www.europesays.com\/fr\/wp-json\/wp\/v2\/posts\/14388\/revisions"}],"wp:featuredmedia":[{"embeddable":true,"href":"https:\/\/www.europesays.com\/fr\/wp-json\/wp\/v2\/media\/14389"}],"wp:attachment":[{"href":"https:\/\/www.europesays.com\/fr\/wp-json\/wp\/v2\/media?parent=14388"}],"wp:term":[{"taxonomy":"category","embeddable":true,"href":"https:\/\/www.europesays.com\/fr\/wp-json\/wp\/v2\/categories?post=14388"},{"taxonomy":"post_tag","embeddable":true,"href":"https:\/\/www.europesays.com\/fr\/wp-json\/wp\/v2\/tags?post=14388"}],"curies":[{"name":"wp","href":"https:\/\/api.w.org\/{rel}","templated":true}]}}