{"id":143887,"date":"2025-06-01T11:11:09","date_gmt":"2025-06-01T11:11:09","guid":{"rendered":"https:\/\/www.europesays.com\/fr\/143887\/"},"modified":"2025-06-01T11:11:09","modified_gmt":"2025-06-01T11:11:09","slug":"loire-apres-la-victoire-du-psg-degradations-a-saint-etienne-et-vehicules-incendies-dans-le-roannais","status":"publish","type":"post","link":"https:\/\/www.europesays.com\/fr\/143887\/","title":{"rendered":"Loire. Apr\u00e8s la victoire du PSG, d\u00e9gradations \u00e0 Saint-\u00c9tienne et v\u00e9hicules incendi\u00e9s dans le Roannais"},"content":{"rendered":"<p>Apr\u00e8s la victoire du PSG\u00a0en Ligue des champions face \u00e0 l\u2019Inter Milan samedi soir, la f\u00eate dans le centre-ville de Saint-\u00c9tienne a quelque peu d\u00e9g\u00e9n\u00e9r\u00e9 dans certaines rues aux alentours de 23 heures.<\/p>\n<p>Deux commerces st\u00e9phanois vis\u00e9s<\/p>\n<p>Une centaine de jeunes ont rejoint les places du centre dans l\u2019objectif de saccager du mobilier urbain. Un abribus a \u00e9t\u00e9 vandalis\u00e9 place Fourneyron, un panneau publicitaire rue Saint-Jean, des poubelles ont \u00e9t\u00e9 incendi\u00e9es et des v\u00e9hicules d\u00e9grad\u00e9s par des individus qui ont grimp\u00e9 et saut\u00e9 sur les capots.<\/p>\n<p>Deux commerces ont \u00e9t\u00e9 cibl\u00e9s : un magasin de v\u00eatements de sport rue Gambetta, et un bureau de tabac rue Blanqui.\u00a0<\/p>\n<p>  Deux voitures brul\u00e9es dans le Roannais<\/p>\n<p>Au fil de la soir\u00e9e, les effectifs des forces de l\u2019ordre ont \u00e9t\u00e9 renforc\u00e9s avec une trentaine de policiers mobilis\u00e9s pour disperser ces groupes de jeunes \u00e0 l&rsquo;aide de gaz lacrymog\u00e8ne.<\/p>\n<p>Quatre individus ont \u00e9t\u00e9 interpell\u00e9s et plac\u00e9s en garde \u00e0 vue.<\/p>\n<p>Dans le Roannais, la soir\u00e9e a \u00e9galement \u00e9t\u00e9 \u00e9maill\u00e9e d\u2019incidents avec\u00a0deux voitures br\u00fbl\u00e9es, une \u00e0 Mably, une \u00e0 Roanne <a href=\"https:\/\/www.leprogres.fr\/faits-divers-justice\/2025\/05\/30\/deuxieme-nuit-de-tensions-dans-le-quartier-du-parc\" target=\"_blank\" rel=\"noopener\">dans le quartier du Parc<\/a>, et des abris poubelles incendi\u00e9es, place des Promenades-Populles, dans le centre-ville.<\/p>\n","protected":false},"excerpt":{"rendered":"Apr\u00e8s la victoire du PSG\u00a0en Ligue des champions face \u00e0 l\u2019Inter Milan samedi soir, la f\u00eate dans le&hellip;\n","protected":false},"author":2,"featured_media":143888,"comment_status":"","ping_status":"","sticky":false,"template":"","format":"standard","meta":{"footnotes":""},"categories":[2],"tags":[11,16734,7539,274,107,1011,27,1310,3367,12,25,9838,20195,4001,7538],"class_list":{"0":"post-143887","1":"post","2":"type-post","3":"status-publish","4":"format-standard","5":"has-post-thumbnail","7":"category-actualites","8":"tag-actualites","9":"tag-edition-loire-nord","10":"tag-edition-loire-sud","11":"tag-faits-divers-justice","12":"tag-fil-info","13":"tag-fr","14":"tag-france","15":"tag-incendie","16":"tag-loire","17":"tag-news","18":"tag-republique-francaise","19":"tag-roanne","20":"tag-roanne-ville","21":"tag-saint-etienne","22":"tag-saint-etienne-ville"},"share_on_mastodon":{"url":"https:\/\/pubeurope.com\/@fr\/114607809164529690","error":""},"_links":{"self":[{"href":"https:\/\/www.europesays.com\/fr\/wp-json\/wp\/v2\/posts\/143887","targetHints":{"allow":["GET"]}}],"collection":[{"href":"https:\/\/www.europesays.com\/fr\/wp-json\/wp\/v2\/posts"}],"about":[{"href":"https:\/\/www.europesays.com\/fr\/wp-json\/wp\/v2\/types\/post"}],"author":[{"embeddable":true,"href":"https:\/\/www.europesays.com\/fr\/wp-json\/wp\/v2\/users\/2"}],"replies":[{"embeddable":true,"href":"https:\/\/www.europesays.com\/fr\/wp-json\/wp\/v2\/comments?post=143887"}],"version-history":[{"count":0,"href":"https:\/\/www.europesays.com\/fr\/wp-json\/wp\/v2\/posts\/143887\/revisions"}],"wp:featuredmedia":[{"embeddable":true,"href":"https:\/\/www.europesays.com\/fr\/wp-json\/wp\/v2\/media\/143888"}],"wp:attachment":[{"href":"https:\/\/www.europesays.com\/fr\/wp-json\/wp\/v2\/media?parent=143887"}],"wp:term":[{"taxonomy":"category","embeddable":true,"href":"https:\/\/www.europesays.com\/fr\/wp-json\/wp\/v2\/categories?post=143887"},{"taxonomy":"post_tag","embeddable":true,"href":"https:\/\/www.europesays.com\/fr\/wp-json\/wp\/v2\/tags?post=143887"}],"curies":[{"name":"wp","href":"https:\/\/api.w.org\/{rel}","templated":true}]}}