{"id":143891,"date":"2025-06-01T11:13:14","date_gmt":"2025-06-01T11:13:14","guid":{"rendered":"https:\/\/www.europesays.com\/fr\/143891\/"},"modified":"2025-06-01T11:13:14","modified_gmt":"2025-06-01T11:13:14","slug":"verra-t-on-des-aurores-boreales-ce-dimanche-soir-en-france","status":"publish","type":"post","link":"https:\/\/www.europesays.com\/fr\/143891\/","title":{"rendered":"Verra-t-on des aurores bor\u00e9ales ce dimanche soir en France ?"},"content":{"rendered":"<p>Une chasse aux aurores bor\u00e9ales pourrait avoir lieu le soir du dimanche 1er juin 2025 en France. Une \u00e9ruption solaire s\u2019est produite la veille et l\u2019\u00e9jection se dirige droit vers la Terre. Des aurores ont m\u00eame d\u00e9j\u00e0 \u00e9t\u00e9 observ\u00e9es aux \u00c9tats-Unis ou en Nouvelle-Z\u00e9lande. Alors, peut-on esp\u00e9rer voir des aurores bor\u00e9ales jusqu\u2019en France ce soir ?<\/p>\n<p>Plusieurs <a href=\"https:\/\/www.numerama.com\/sciences\/1980795-pleine-lune-double-etoile-et-mercure-que-voir-dans-le-ciel-en-juin-2025.html\" rel=\"nofollow noopener\" target=\"_blank\">ph\u00e9nom\u00e8nes astronomiques remarquables sont pr\u00e9vus en juin 2025<\/a>. Mais, le mois pourrait bien commencer par un autre ph\u00e9nom\u00e8ne un peu plus impr\u00e9visible : <a href=\"https:\/\/www.numerama.com\/sciences\/1285256-quest-ce-quune-aurore-boreale.html\" data-popover-target=\"definition\" data-tag=\"Qu\u2019est-ce qu\u2019une aurore bor\u00e9ale\u00a0?\" data-chapo=\"Les aurores bor\u00e9ales sont un ph\u00e9nom\u00e8ne lumineux spectaculaire. Il se produit dans l&#039;atmosph\u00e8re terrestre, vers le p\u00f4le nord magn\u00e9tique. C&#039;est un type d&#039;aurore polaire, avec les aurores australes. Parfois, des aurores bor\u00e9ales sont visibles en France.\" data-image=\"https:\/\/c0.lestechnophiles.com\/www.numerama.com\/wp-content\/uploads\/2023\/02\/aurore-boreale-1024x576.jpg?key=be821946\" rel=\"nofollow noopener\" target=\"_blank\">des aurores bor\u00e9ales<\/a>. En raison d\u2019une \u00e9ruption solaire <a target=\"_blank\" href=\"https:\/\/bsky.app\/profile\/ericlagadec.bsky.social\/post\/3lqit63eoxk25\" rel=\"nofollow noopener\">d\u00e9tect\u00e9e<\/a> le samedi 31 mai, dont l\u2019\u00e9jection s\u2019est <a href=\"https:\/\/x.com\/Vincent_Ledvina\/status\/1928912935239233898\" target=\"_blank\" rel=\"noreferrer noopener nofollow\">dirig\u00e9e droit vers la Terre<\/a>, les chances d\u2019observer des aurores jusqu\u2019en France ne seraient pas n\u00e9gligeables ces prochains jours.<\/p>\n<p>Le ph\u00e9nom\u00e8ne a d\u00e9j\u00e0 \u00e9t\u00e9 <a href=\"https:\/\/bsky.app\/profile\/xploraspace.bsky.social\/post\/3lqjsa7vgfk2q\" target=\"_blank\" rel=\"noreferrer noopener nofollow\">observ\u00e9 aux \u00c9tats-Unis<\/a> \u2014 des aurores ont pu \u00eatre vues en Californie ou encore au Nouveau-Mexique \u2014 ou en Nouvelle-Z\u00e9lande.<\/p>\n<p><a href=\"https:\/\/www.numerama.com\/wp-content\/uploads\/2025\/06\/aurore-boreale-7.jpg\" rel=\"nofollow noopener\" target=\"_blank\"><img decoding=\"async\" width=\"1024\" height=\"576\" loading=\"lazy\" alt=\"L'aurore bor\u00e9ale photographi\u00e9e depuis le Wyoming, aux \u00c9tats-Unis. \/\/ Source : Via X @brendonme (photo recadr\u00e9e)\" title=\"L'aurore bor\u00e9ale photographi\u00e9e depuis le Wyoming, aux \u00c9tats-Unis. \/\/ Source : Via X @brendonme (photo recadr\u00e9e)\" class=\"wp-image-1981765 placeholder-default wp-image\" src=\"https:\/\/www.europesays.com\/fr\/wp-content\/uploads\/2025\/06\/aurore-boreale-7-1024x576.jpg\" \/><\/a>L\u2019aurore bor\u00e9ale photographi\u00e9e depuis le Wyoming, aux \u00c9tats-Unis. \/\/ Source : <a target=\"_blank\" href=\"https:\/\/x.com\/brendonme\/status\/1929085618476257689\" rel=\"nofollow\">Via X @brendonme (photo recadr\u00e9e)<\/a><\/p>\n<p>Une alerte aux aurores bor\u00e9ales d\u00e9clench\u00e9e par une puissante \u00e9ruption solaire<\/p>\n<p>\u00ab Alerte Aurores ! Cette fois-ci, c\u2019est bon ! Une <a href=\"https:\/\/www.numerama.com\/sciences\/751704-quest-ce-quune-eruption-solaire.html\" data-popover-target=\"definition\" data-tag=\"Qu\u2019est-ce qu\u2019une \u00e9ruption solaire\u00a0?\" data-chapo=\"Ce sont les \u00e9v\u00e9nements les plus explosifs du syst\u00e8me solaire : les \u00e9ruptions \u00e9mises par le Soleil. Mais qu&#039;est-ce qu&#039;une \u00e9ruption solaire exactement ?\" data-image=\"https:\/\/c0.lestechnophiles.com\/www.numerama.com\/wp-content\/uploads\/2021\/11\/eruption-solaire-soleil-nasa-1024x576.jpg?key=2c0fae79\" rel=\"nofollow noopener\" target=\"_blank\">\u00e9ruption solaire<\/a> a \u00e9ject\u00e9 une grande quantit\u00e9 de mati\u00e8re solaire ! Elle devrait arriver ce dimanche en fin de journ\u00e9e. Les conditions \u00e9tant d\u00e9j\u00e0 bien actives, on peut esp\u00e9rer voir des aurores plus basses que d\u2019habitude \u00bb, pr\u00e9venait samedi le COMEA (Centre Op\u00e9rationnel de M\u00e9t\u00e9orologie de l\u2019Espace des Alpes) <a href=\"https:\/\/bsky.app\/profile\/comea-sw.bsky.social\" target=\"_blank\" rel=\"noreferrer noopener nofollow\">sur les r\u00e9seaux sociaux<\/a>. <\/p>\n<p>L\u2019\u00e9ruption solaire a \u00e9t\u00e9 \u00e9mise depuis une r\u00e9gion du <a href=\"https:\/\/www.numerama.com\/sciences\/832387-le-soleil-tout-savoir-sur-letoile-du-systeme-solaire.html\" data-popover-target=\"definition\" data-tag=\"Le Soleil\u00a0: tout savoir sur l\u2019\u00e9toile du syst\u00e8me solaire en 22 questions\" data-chapo=\"Le Soleil est une \u00e9toile. Pas n&#039;importe laquelle : l&#039;\u00e9toile de notre syst\u00e8me solaire. C&#039;est autour de lui que la Terre, les autres plan\u00e8tes et encore bien d&#039;autres objets tournent continuellement.\" data-image=\"https:\/\/c0.lestechnophiles.com\/www.numerama.com\/wp-content\/uploads\/2025\/04\/solar-orbiter-1024x1024.jpg?key=d675f100\" rel=\"nofollow noopener\" target=\"_blank\">Soleil<\/a> <a target=\"_blank\" href=\"https:\/\/bsky.app\/profile\/xploraspace.bsky.social\/post\/3lqi4abjfxs2r\" rel=\"nofollow noopener\">baptis\u00e9e AR4100<\/a>, pr\u00e9sentant <a href=\"https:\/\/x.com\/Vincent_Ledvina\/status\/1928912930629628056\" target=\"_blank\" rel=\"noreferrer noopener nofollow\">plusieurs taches solaires<\/a>. Cette r\u00e9gion se trouve pratiquement face \u00e0 la Terre, ce qui est une bonne configuration pour que l\u2019\u00e9ruption atteigne notre <a href=\"https:\/\/www.numerama.com\/sciences\/748008-quest-ce-quune-planete.html\" data-popover-target=\"definition\" data-tag=\"Qu\u2019est-ce qu\u2019une plan\u00e8te\u00a0?\" data-chapo=\"On les compte sur les doigts des deux mains : Mercure, V\u00e9nus, la Terre, Mars, Jupiter, Saturne, Uranus et Neptune sont les plan\u00e8tes du Syst\u00e8me solaire. Mais qu&#039;est-ce qu&#039;une plan\u00e8te exactement ?\" data-image=\"https:\/\/c0.lestechnophiles.com\/www.numerama.com\/wp-content\/uploads\/2021\/09\/systeme-solaire-1024x576.jpg?key=c7ba0cf0\" rel=\"nofollow noopener\" target=\"_blank\">plan\u00e8te<\/a>. L\u2019\u00e9ruption est class\u00e9e en tant que <a href=\"https:\/\/x.com\/Vincent_Ledvina\/status\/1928912933196808251\" target=\"_blank\" rel=\"noreferrer noopener nofollow\">M8,2<\/a>.<\/p>\n<p>    Pour aller plus loin<\/p>\n<p>                <img decoding=\"async\" width=\"87\" height=\"87\" loading=\"lazy\" alt=\"Aurores bor\u00e9ales \u00e0 Carantec, en Bretagne. \/\/ Source : Via X @mathieurivrin\" title=\"Aurores bor\u00e9ales \u00e0 Carantec, en Bretagne. \/\/ Source : Via X @mathieurivrin\" class=\"placeholder-default wp-image\" src=\"https:\/\/www.europesays.com\/fr\/wp-content\/uploads\/2025\/06\/aurores-boreales-bretagne-120x120.jpg\" \/>            <\/p>\n<p>Comment classe-t-on les \u00e9ruptions solaires ?<\/p>\n<p>Les \u00e9ruptions solaires sont class\u00e9es \u00e0 l\u2019aide de lettres : A, B, C, M et X, de la plus petite \u00e0 la plus puissante cat\u00e9gorie. \u00ab\u00a0Chaque lettre repr\u00e9sente une multiplication par 10 de l\u2019\u00e9nergie \u00e9mise. Ainsi, un X est 10 fois plus puissant qu\u2019un M et 100 fois plus puissant qu\u2019un C \u00bb, <a href=\"https:\/\/science.nasa.gov\/solar-system\/what-is-a-solar-flare\/\" target=\"_blank\" rel=\"noreferrer noopener nofollow\">explique la Nasa<\/a>. Au sein des cat\u00e9gories, les lettres permettent de pr\u00e9ciser encore plus la classification. Une \u00e9ruption de M8,2 n\u2019est donc pas rang\u00e9e parmi les plus puissantes \u00e9ruptions possibles (X), mais se trouve dans la partie sup\u00e9rieure de la cat\u00e9gorie M.<\/p>\n<p>Par ailleurs, cette \u00e9ruption a \u00e9t\u00e9 associ\u00e9e \u00e0 une \u00e9jection de masse coronale, c\u2019est-\u00e0-dire une bulle de plasma (les \u00e9jections de masse coronales ne sont pas syst\u00e9matiquement li\u00e9es \u00e0 une \u00e9ruption solaire). La vitesse de l\u2019\u00e9jection du 31 mai a \u00e9t\u00e9 estim\u00e9e <a href=\"https:\/\/x.com\/Vincent_Ledvina\/status\/1929111044061847908\" target=\"_blank\" rel=\"noreferrer noopener nofollow\">\u00e0 plus de 1 000 km\/s<\/a>. Apr\u00e8s la d\u00e9tection de l\u2019\u00e9ruption solaire, le NOAA (l\u2019Agence am\u00e9ricaine d\u2019observation oc\u00e9anique et atmosph\u00e9rique) a \u00e9galement <a target=\"_blank\" href=\"https:\/\/x.com\/NWSSWPC\/status\/1928828132787646559\" rel=\"nofollow\">indiqu\u00e9<\/a> anticiper l\u2019arriv\u00e9e d\u2019une \u00e9jection de masse coronale sur Terre, \u00ab au plus tard le 1er juin \u00bb.<\/p>\n<blockquote class=\"twitter-tweet\" data-width=\"500\" data-dnt=\"true\">\n<p lang=\"en\" dir=\"ltr\">This is the CME we are await \u2013 courtesy of jhelioviewer. The bulk center of CME is likely to be just north of Earth. But, we expect to be in enough of the arriving CME shock and magnetic cloud that G3-G4 levels are likely should the magnetic field be favorable 1-2 Jun. <a href=\"https:\/\/t.co\/VldTi4fXER\" rel=\"nofollow\">pic.twitter.com\/VldTi4fXER<\/a><\/p>\n<p>\u2014 NOAA Space Weather Prediction Center (@NWSSWPC) <a href=\"https:\/\/twitter.com\/NWSSWPC\/status\/1928878957593506299?ref_src=twsrc%5Etfw\" rel=\"nofollow noopener\" target=\"_blank\">May 31, 2025<\/a><\/p><\/blockquote>\n<p>            Ce contenu est bloqu\u00e9 car vous n\u2019avez pas accept\u00e9 les cookies et autres traceurs. Ce contenu est fourni par Twitter.<br \/>Pour pouvoir le visualiser, vous devez accepter l\u2019usage \u00e9tant op\u00e9r\u00e9 par Twitter avec vos donn\u00e9es qui pourront \u00eatre utilis\u00e9es pour les finalit\u00e9s suivantes : vous permettre de visualiser et de partager des contenus avec des m\u00e9dias sociaux, favoriser le d\u00e9veloppement et l\u2019am\u00e9lioration des produits d\u2019Humanoid et de ses partenaires, vous afficher des publicit\u00e9s personnalis\u00e9es par rapport \u00e0 votre profil et activit\u00e9, vous d\u00e9finir un profil publicitaire personnalis\u00e9, mesurer la performance des publicit\u00e9s et du contenu de ce site et mesurer l\u2019audience de ce site <a href=\"#\" class=\"js-privacy\" target=\"_blank\">(en savoir plus)<\/a>        <\/p>\n<p>            En cliquant sur \u00ab J\u2019accepte tout \u00bb, vous consentez aux finalit\u00e9s susmentionn\u00e9es pour l\u2019ensemble des cookies et autres traceurs d\u00e9pos\u00e9s par Humanoid et <a class=\"embed-consent-overlay-vendors-link\" href=\"#preferences-vendeurs\">ses partenaires<\/a>.        <\/p>\n<p>            Vous gardez la possibilit\u00e9 de retirer votre consentement \u00e0 tout moment. Pour plus d\u2019informations, nous vous invitons \u00e0 prendre connaissance de notre <a href=\"https:\/\/www.numerama.com\/politique-cookies\" rel=\"nofollow noopener\" target=\"_blank\">Politique cookies<\/a>.        <\/p>\n<p>        J\u2019accepte tout    <\/p>\n<p class=\"embed-consent-overlay-manage-choices\">        <a href=\"#preferences-publicitaires\">G\u00e9rer mes choix<\/a>    <\/p>\n<p>Finalement, l\u2019\u00e9jection est arriv\u00e9e un peu plus t\u00f4t que ce qui avait \u00e9t\u00e9 pr\u00e9vu. Vers 10h ce dimanche matin, le NOAA <a target=\"_blank\" href=\"https:\/\/x.com\/NWSSWPC\/status\/1929083176837624310\" rel=\"nofollow\">a confirm\u00e9<\/a> que l\u2019\u00e9jection avait atteint la Terre. C\u2019est donc un peu en avance, par rapport \u00e0 de pr\u00e9c\u00e9dentes pr\u00e9visions qui anticipaient une arriv\u00e9e en fin de journ\u00e9e (comme la pr\u00e9vision du COMEA).<\/p>\n<p>Vers 10h30, l\u2019agence <a target=\"_blank\" href=\"https:\/\/x.com\/NWSSWPC\/status\/1929094283769831895\" rel=\"nofollow\">a ajout\u00e9<\/a> que le niveau G4 \u00e9tait atteint. Ce niveau sert \u00e0 d\u00e9crire l\u2019intensit\u00e9 de l\u2019orage g\u00e9omagn\u00e9tique. Le NOAA utilise <a href=\"https:\/\/www.swpc.noaa.gov\/noaa-scales-explanation\" target=\"_blank\" rel=\"noreferrer noopener nofollow\">une classification<\/a> avec 5 \u00e9chelles, allant de G1 (mineur) \u00e0 G5 (extr\u00eame). Les ph\u00e9nom\u00e8nes class\u00e9s en G4 correspondent \u00e0 un orage g\u00e9omagn\u00e9tique \u00ab s\u00e9v\u00e8re \u00bb, qui peut provoquer des aurores bor\u00e9ales. La fr\u00e9quence des orages g\u00e9omagn\u00e9tiques G4 est de 100 par cycle solaire (<a href=\"https:\/\/www.numerama.com\/sciences\/648399-un-nouveau-cycle-solaire-a-commence-quelles-sont-les-consequences.html\" rel=\"nofollow noopener\" target=\"_blank\">un cycle solaire dure 11 ans<\/a>).<\/p>\n<p>Peut-on esp\u00e9rer voir ces aurores bor\u00e9ales jusqu\u2019en France ?<\/p>\n<p>Comme toujours avec les aurores bor\u00e9ales, le ph\u00e9nom\u00e8ne est tr\u00e8s difficile \u00e0 pr\u00e9voir avec certitude. Le fait que l\u2019\u00e9jection soit arriv\u00e9e plus t\u00f4t que pr\u00e9vu sur Terre est aussi un param\u00e8tre \u00e0 consid\u00e9rer. \u00ab L\u2019activit\u00e9 g\u00e9omagn\u00e9tique va durer plusieurs heures, la nuit est certes loin, mais des aurores restent \u00e0 port\u00e9e\u2026 si le temps le permet. Le nord-ouest du pays sera certainement plus favoris\u00e9 \u00bb, <a target=\"_blank\" href=\"https:\/\/bsky.app\/profile\/xploraspace.bsky.social\/post\/3lqjlirlfzs2h\" rel=\"nofollow noopener\">expliquait<\/a> ce dimanche matin vers 8h le compte Xplora, sp\u00e9cialis\u00e9 dans la m\u00e9t\u00e9o des aurores et l\u2019activit\u00e9 solaire. \u00ab L\u2019agence NOAA tablait sur un \u00e9v\u00e9nement de longue dur\u00e9e, avec de fortes temp\u00eates sur plus de 20h. La situation pourrait donc tenir jusqu\u2019\u00e0 ce soir pour l\u2019Europe \u00bb, <a target=\"_blank\" href=\"https:\/\/bsky.app\/profile\/xploraspace.bsky.social\/post\/3lqjsadi5cc2q\" rel=\"nofollow noopener\">a compl\u00e9t\u00e9<\/a> Xplora un peu plus tard, vers 10h.<\/p>\n<p>Il n\u2019y a donc aucune certitude. \u00ab Les effets de l\u2019\u00e9jection de masse coronale peuvent durer plusieurs jours, mais aussi seulement un jour ou deux \u00bb, <a href=\"https:\/\/x.com\/Vincent_Ledvina\/status\/1928913744450695182\" target=\"_blank\" rel=\"noreferrer noopener nofollow\">explique sur X<\/a> Vincent Ledvina, doctorant en physique spatiale \u00e0 l\u2019Institut de G\u00e9ophysique de l\u2019universit\u00e9 de l\u2019Alaska \u00e0 Fairbanks. \u00ab Il est impossible de dire avec certitude si cela se produira ou non, mais on ne peut qu\u2019esp\u00e9rer ! \u00bb<\/p>\n<p>Le COMEA <a target=\"_blank\" href=\"https:\/\/x.com\/COMEA_sw\/status\/1928889567769165873\" rel=\"nofollow\">a diffus\u00e9 une carte<\/a> le 31 mai, indiquant o\u00f9 pourraient potentiellement \u00eatre vues les aurores bor\u00e9ales ce soir. Vous pouvez vous y r\u00e9f\u00e9rer, tout en gardant en t\u00eate qu\u2019elle est indicative et encore susceptible d\u2019\u00eatre mise \u00e0 jour avec les derni\u00e8res donn\u00e9es.<\/p>\n<blockquote class=\"twitter-tweet\" data-width=\"500\" data-dnt=\"true\">\n<p lang=\"fr\" dir=\"ltr\">O\u00f9 pourrait-on voir des aurores demain ?<br \/>Il suffit de regarder notre nouvelle carte.<\/p>\n<p>\ud83d\udea9 L&rsquo;orientation magn\u00e9tique et l\u2019horaire sont cruciales. le sc\u00e9nario ici est assez favorable, mais peut changer. Une mise \u00e0 jour sera faite d\u00e8s d\u00e9tection d\u00e8s l&rsquo;arriv\u00e9e du vent solaire. \ud83d\udef0\ufe0f <a href=\"https:\/\/t.co\/6egIWCwTpC\" rel=\"nofollow\">pic.twitter.com\/6egIWCwTpC<\/a><\/p>\n<p>\u2014 COMEA (@COMEA_sw) <a href=\"https:\/\/twitter.com\/COMEA_sw\/status\/1928889567769165873?ref_src=twsrc%5Etfw\" rel=\"nofollow noopener\" target=\"_blank\">May 31, 2025<\/a><\/p><\/blockquote>\n<p>            Ce contenu est bloqu\u00e9 car vous n\u2019avez pas accept\u00e9 les cookies et autres traceurs. Ce contenu est fourni par Twitter.<br \/>Pour pouvoir le visualiser, vous devez accepter l\u2019usage \u00e9tant op\u00e9r\u00e9 par Twitter avec vos donn\u00e9es qui pourront \u00eatre utilis\u00e9es pour les finalit\u00e9s suivantes : vous permettre de visualiser et de partager des contenus avec des m\u00e9dias sociaux, favoriser le d\u00e9veloppement et l\u2019am\u00e9lioration des produits d\u2019Humanoid et de ses partenaires, vous afficher des publicit\u00e9s personnalis\u00e9es par rapport \u00e0 votre profil et activit\u00e9, vous d\u00e9finir un profil publicitaire personnalis\u00e9, mesurer la performance des publicit\u00e9s et du contenu de ce site et mesurer l\u2019audience de ce site <a href=\"#\" class=\"js-privacy\" target=\"_blank\">(en savoir plus)<\/a>        <\/p>\n<p>            En cliquant sur \u00ab J\u2019accepte tout \u00bb, vous consentez aux finalit\u00e9s susmentionn\u00e9es pour l\u2019ensemble des cookies et autres traceurs d\u00e9pos\u00e9s par Humanoid et <a class=\"embed-consent-overlay-vendors-link\" href=\"#preferences-vendeurs\">ses partenaires<\/a>.        <\/p>\n<p>            Vous gardez la possibilit\u00e9 de retirer votre consentement \u00e0 tout moment. Pour plus d\u2019informations, nous vous invitons \u00e0 prendre connaissance de notre <a href=\"https:\/\/www.numerama.com\/politique-cookies\" rel=\"nofollow noopener\" target=\"_blank\">Politique cookies<\/a>.        <\/p>\n<p>        J\u2019accepte tout    <\/p>\n<p class=\"embed-consent-overlay-manage-choices\">        <a href=\"#preferences-publicitaires\">G\u00e9rer mes choix<\/a>    <\/p>\n<p>S\u2019il y a des aurores bor\u00e9ales ce soir en France, comment les voir ?<\/p>\n<p>Si les aurores bor\u00e9ales se produisent bien en France ce soir, il faut d\u2019abord commencer par v\u00e9rifier s\u2019il y a des nuages chez vous. \u00ab Vous ne pourrez pas voir les aurores bor\u00e9ales s\u2019il pleut ou si le ciel est nuageux \u00bb, <a href=\"https:\/\/x.com\/Vincent_Ledvina\/status\/1928914623467598265\" target=\"_blank\" rel=\"noreferrer noopener nofollow\">pr\u00e9vient Vincent Ledvina<\/a>. L\u2019id\u00e9al est d\u2019avoir un ciel d\u00e9gag\u00e9.<\/p>\n<p>Si les aurores bor\u00e9ales sont pr\u00e9vues, mais que vous ne les distinguez pas malgr\u00e9 un ciel d\u00e9gag\u00e9, n\u2019h\u00e9sitez pas \u00e0 <a href=\"https:\/\/www.numerama.com\/tech\/1824654-comment-prendre-en-photo-les-aurores-boreales-avec-son-telephone.html\" rel=\"nofollow noopener\" target=\"_blank\">tenter de photographier les aurores bor\u00e9ales, m\u00eame avec un smartphone<\/a>. L\u2019apparence d\u2019une aurore bor\u00e9ale n\u2019est <a href=\"https:\/\/theauroraguy.com\/blogs\/blog\/what-does-the-aurora-really-look-like\" target=\"_blank\" rel=\"noreferrer noopener nofollow\">pas la m\u00eame en vrai et en photographie<\/a>. Nos yeux per\u00e7oivent moins de couleurs qu\u2019un appareil photo. Gr\u00e2ce \u00e0 de longues expositions, l\u2019appareil photo ou le t\u00e9l\u00e9phone capte beaucoup plus de lumi\u00e8re et r\u00e9v\u00e8le ainsi des couleurs et des d\u00e9tails invisibles \u00e0 l\u2019\u0153il nu.<\/p>\n<p>    Pour aller plus loin<\/p>\n<p>                <img decoding=\"async\" width=\"87\" height=\"87\" loading=\"lazy\" alt=\"L'\u00e9ruption solaire du 14 mai 2025. \/\/ Source : NASA\/SDO (annotation Numerama)\" title=\"L'\u00e9ruption solaire du 14 mai 2025. \/\/ Source : NASA\/SDO (annotation Numerama)\" class=\"placeholder-default wp-image\" src=\"https:\/\/www.europesays.com\/fr\/wp-content\/uploads\/2025\/06\/eruption-solaire-3-200x200.jpg\" \/>            <\/p>\n<p>            <img decoding=\"async\" src=\"https:\/\/www.europesays.com\/fr\/wp-content\/uploads\/2025\/04\/iPhone-16-pro.png\" alt=\"Toute l'actu tech en un clien d'oeil\"\/><\/p>\n<p class=\"card-install-pwa__title\">Toute l&rsquo;actu tech en un clin d&rsquo;\u0153il<\/p>\n<p class=\"card-install-pwa__description\">Ajoutez Numerama \u00e0 votre \u00e9cran d&rsquo;accueil et restez connect\u00e9s au futur !<\/p>\n<p>            <img decoding=\"async\" src=\"https:\/\/www.europesays.com\/fr\/wp-content\/uploads\/2025\/04\/logo-card-pwa-coupe.svg.svg+xml\" alt=\"Logo PWA\"\/><\/p>\n<p>       Installer Numerama<\/p>\n<p>        <script async src=\"https:\/\/platform.twitter.com\/widgets.js\" charset=\"utf-8\"><\/script><\/p>\n","protected":false},"excerpt":{"rendered":"Une chasse aux aurores bor\u00e9ales pourrait avoir lieu le soir du dimanche 1er juin 2025 en France. Une&hellip;\n","protected":false},"author":2,"featured_media":143892,"comment_status":"","ping_status":"","sticky":false,"template":"","format":"standard","meta":{"footnotes":""},"categories":[4],"tags":[11,27227,27228,1011,27,12,25,4904],"class_list":{"0":"post-143891","1":"post","2":"type-post","3":"status-publish","4":"format-standard","5":"has-post-thumbnail","7":"category-france","8":"tag-actualites","9":"tag-aurore-boreale","10":"tag-eruption-solaire","11":"tag-fr","12":"tag-france","13":"tag-news","14":"tag-republique-francaise","15":"tag-soleil"},"share_on_mastodon":{"url":"https:\/\/pubeurope.com\/@fr\/114607817034615728","error":""},"_links":{"self":[{"href":"https:\/\/www.europesays.com\/fr\/wp-json\/wp\/v2\/posts\/143891","targetHints":{"allow":["GET"]}}],"collection":[{"href":"https:\/\/www.europesays.com\/fr\/wp-json\/wp\/v2\/posts"}],"about":[{"href":"https:\/\/www.europesays.com\/fr\/wp-json\/wp\/v2\/types\/post"}],"author":[{"embeddable":true,"href":"https:\/\/www.europesays.com\/fr\/wp-json\/wp\/v2\/users\/2"}],"replies":[{"embeddable":true,"href":"https:\/\/www.europesays.com\/fr\/wp-json\/wp\/v2\/comments?post=143891"}],"version-history":[{"count":0,"href":"https:\/\/www.europesays.com\/fr\/wp-json\/wp\/v2\/posts\/143891\/revisions"}],"wp:featuredmedia":[{"embeddable":true,"href":"https:\/\/www.europesays.com\/fr\/wp-json\/wp\/v2\/media\/143892"}],"wp:attachment":[{"href":"https:\/\/www.europesays.com\/fr\/wp-json\/wp\/v2\/media?parent=143891"}],"wp:term":[{"taxonomy":"category","embeddable":true,"href":"https:\/\/www.europesays.com\/fr\/wp-json\/wp\/v2\/categories?post=143891"},{"taxonomy":"post_tag","embeddable":true,"href":"https:\/\/www.europesays.com\/fr\/wp-json\/wp\/v2\/tags?post=143891"}],"curies":[{"name":"wp","href":"https:\/\/api.w.org\/{rel}","templated":true}]}}