{"id":143897,"date":"2025-06-01T11:17:11","date_gmt":"2025-06-01T11:17:11","guid":{"rendered":"https:\/\/www.europesays.com\/fr\/143897\/"},"modified":"2025-06-01T11:17:11","modified_gmt":"2025-06-01T11:17:11","slug":"roland-garros-mats-wilander-sur-jack-draper-son-coup-droit-me-fait-penser-a-nadal-son-revers-un-peu-plus-plat-est-proche-de-celui-de-murray-tandis-que-son-service-quil-peut-kicker-slicer","status":"publish","type":"post","link":"https:\/\/www.europesays.com\/fr\/143897\/","title":{"rendered":"Roland Garros > Mats Wilander sur Jack Draper : \u00ab\u00a0Son coup droit me fait penser \u00e0 Nadal, son revers un peu plus plat est proche de celui de Murray\u00a0tandis que son service, qu&rsquo;il peut kicker, slicer ou frapper \u00e0 plat, est comparable \u00e0 celui de\u00a0Del Potro, en gaucher\u00a0\u00bb"},"content":{"rendered":"<p>Apr\u00e8s la victoire auto\u00adri\u00adtaire de Jack Draper contre la p\u00e9pite Joao Fonseca (6\u22122, 6\u20134, 6\u20132) au troi\u00adsi\u00e8me tour de Roland\u2010Garros, le septuple laur\u00e9at en Grand Chelem, Mats Wilander, a encens\u00e9 l\u2019ac\u00adtuel 5e joueur mondial en le compa\u00adrant \u00e0 plusieurs l\u00e9gendes du tennis. Extrait de sa chro\u00adnique du jour \u00e0 retrouver dans le journal <a href=\"https:\/\/www.lequipe.fr\/Tennis\/Article\/L-oeil-de-mats-wilander-draper-a-toute-la-panoplie-d-un-vainqueur-de-grand-chelem\/1566592\" data-wpel-link=\"external\" target=\"_blank\" rel=\"nofollow external noopener\">L\u2019Equipe<\/a>\u00a0: <\/p>\n<p><strong>\u00ab\u202fSi je ne savais pas qu\u2019il \u00e9tait anglais, je le situe\u00adrais dans la tradi\u00adtion des grands sp\u00e9cia\u00adlistes venus d\u2019Espagne. Il ne me rappelle pas un joueur en parti\u00adcu\u00adlier, mais si son coup droit, compl\u00e8\u00adte\u00adment dingue d\u00e9j\u00e0 face \u00e0 Ga\u00ebl\u00a0(Monfils)\u00a0au deuxi\u00e8me tour, me fait penser \u00e0 Rafa, son revers un peu plus plat est proche de celui d\u2019Andy\u00a0(Murray)\u00a0tandis que son service, qu\u2019il peut kicker, slicer ou frapper \u00e0 plat, est compa\u00adrable \u00e0 celui de\u00a0(Juan Martin)\u00a0Del Potro, en gaucher (\u2026) C\u2019est pour \u00e7a que je r\u00e9p\u00e8te qu\u2019il a la pano\u00adplie d\u2019un vain\u00adqueur de Grand Chelem. Je ne sais pas si \u00e7a va arriver cette ann\u00e9e mais il ne me para\u00eet pas si loin que \u00e7a. Dans les cinq ann\u00e9es \u00e0 venir, je le vois avec au moins un Majeur. Pas \u00e9ton\u00adnant donc qu\u2019il ait surclass\u00e9 en puis\u00adsance Joao Fonseca encore un peu tendre dans ses d\u00e9placements.\u202f\u00bb<\/strong><\/p>\n<p class=\"post-published-date\" style=\"color: silver; font-size: 75%; text-align: left;\">Publi\u00e9 le dimanche 1 juin 2025 \u00e0 09:51<\/p>\n","protected":false},"excerpt":{"rendered":"Apr\u00e8s la victoire auto\u00adri\u00adtaire de Jack Draper contre la p\u00e9pite Joao Fonseca (6\u22122, 6\u20134, 6\u20132) au troi\u00adsi\u00e8me tour&hellip;\n","protected":false},"author":2,"featured_media":143898,"comment_status":"","ping_status":"","sticky":false,"template":"","format":"standard","meta":{"footnotes":""},"categories":[1415],"tags":[4737,4388,1011,27,3770,1960,60,1467],"class_list":{"0":"post-143897","1":"post","2":"type-post","3":"status-publish","4":"format-standard","5":"has-post-thumbnail","7":"category-tennis","8":"tag-andy-murray","9":"tag-draper","10":"tag-fr","11":"tag-france","12":"tag-monfils","13":"tag-nadal","14":"tag-sports","15":"tag-tennis"},"share_on_mastodon":{"url":"https:\/\/pubeurope.com\/@fr\/114607832596456161","error":""},"_links":{"self":[{"href":"https:\/\/www.europesays.com\/fr\/wp-json\/wp\/v2\/posts\/143897","targetHints":{"allow":["GET"]}}],"collection":[{"href":"https:\/\/www.europesays.com\/fr\/wp-json\/wp\/v2\/posts"}],"about":[{"href":"https:\/\/www.europesays.com\/fr\/wp-json\/wp\/v2\/types\/post"}],"author":[{"embeddable":true,"href":"https:\/\/www.europesays.com\/fr\/wp-json\/wp\/v2\/users\/2"}],"replies":[{"embeddable":true,"href":"https:\/\/www.europesays.com\/fr\/wp-json\/wp\/v2\/comments?post=143897"}],"version-history":[{"count":0,"href":"https:\/\/www.europesays.com\/fr\/wp-json\/wp\/v2\/posts\/143897\/revisions"}],"wp:featuredmedia":[{"embeddable":true,"href":"https:\/\/www.europesays.com\/fr\/wp-json\/wp\/v2\/media\/143898"}],"wp:attachment":[{"href":"https:\/\/www.europesays.com\/fr\/wp-json\/wp\/v2\/media?parent=143897"}],"wp:term":[{"taxonomy":"category","embeddable":true,"href":"https:\/\/www.europesays.com\/fr\/wp-json\/wp\/v2\/categories?post=143897"},{"taxonomy":"post_tag","embeddable":true,"href":"https:\/\/www.europesays.com\/fr\/wp-json\/wp\/v2\/tags?post=143897"}],"curies":[{"name":"wp","href":"https:\/\/api.w.org\/{rel}","templated":true}]}}