{"id":143912,"date":"2025-06-01T11:26:09","date_gmt":"2025-06-01T11:26:09","guid":{"rendered":"https:\/\/www.europesays.com\/fr\/143912\/"},"modified":"2025-06-01T11:26:09","modified_gmt":"2025-06-01T11:26:09","slug":"m6-et-canal-explosent-les-compteurs-avec-la-victoire-du-psg-en-finale-de-la-ligue-des-champions","status":"publish","type":"post","link":"https:\/\/www.europesays.com\/fr\/143912\/","title":{"rendered":"M6 et Canal+ explosent les compteurs avec la victoire du PSG en finale de la Ligue des Champions"},"content":{"rendered":"<p>Les audiences du samedi 31 mai 2025 pour les programmes diffus\u00e9s en premi\u00e8re partie de soir\u00e9e.<\/p>\n<p class=\"fig-paragraph\">Au terme d\u2019un festival offensif,\u00a0<a href=\"http:\/\/www.lefigaro.fr\/sports\/football\/ligue-des-champions\/ligue-des-champions-on-a-eu-du-mal-et-on-n-a-pas-merite-de-gagner-reconnait-dumfries-apres-la-deroute-face-au-psg-20250601\" target=\"_blank\" data-fig-type=\"NewsFlash\" rel=\"noopener\" data-gtm-custom-categorie=\"navigation\" data-gtm-custom-action=\"crossclick\" data-gtm-custom-label=\"Contextuel\" data-gtm-event=\"customEventSPE\" data-fig-domain=\"LEFIGARO\">le PSG a litt\u00e9ralement surclass\u00e9 hier l\u2019Inter Milan (5-0)<\/a>\u00a0et d\u00e9croch\u00e9 leur premier titre en Ligue des champions. Les Fran\u00e7ais, qui n\u2019ont pas boud\u00e9 leur plaisir face \u00e0 ce match historique, ont suivi la rencontre sur les cha\u00eenes\u00a0<a href=\"https:\/\/tvmag.lefigaro.fr\/programme-tv\/chaine\/118\/tous-les-programmes-de-m6\" target=\"_blank\" rel=\"noopener\" data-gtm-custom-categorie=\"navigation\" data-gtm-custom-action=\"crossclick\" data-gtm-custom-label=\"Contextuel\" data-gtm-event=\"customEventSPE\">M6<\/a>\u00a0et\u00a0<a href=\"http:\/\/tvmag.lefigaro.fr\/programme-tv\/ce-soir-tele\/coeurs-de-lions-l-heritage-tragique-des-fils-wheldon-sur-canal-docs-20250528\" target=\"_blank\" data-fig-type=\"Article\" rel=\"noopener\" data-gtm-custom-categorie=\"navigation\" data-gtm-custom-action=\"crossclick\" data-gtm-custom-label=\"Contextuel\" data-gtm-event=\"customEventSPE\" data-fig-domain=\"TVMAG\">Canal +<\/a>. La premi\u00e8re, M6, en diffusion gratuite, a rassembl\u00e9 8,67 millions de t\u00e9l\u00e9spectateurs, soit quasiment 40% de l\u2019ensemble du public. Un carton.<\/p>\n<p class=\"fig-paragraph\">Quant au groupe payant, il a r\u00e9uni 3,11 millions d\u2019abonn\u00e9s (avec un pic \u00e0 3,5 M \u00e0 22h46)\u00a0: 2,85M sur la cha\u00eene Canal+ et 262 000 sur C+Foot. Le score total &#8211; 11,52 millions &#8211; d\u00e9passe de peu celui de la finale perdue par le PSG en 2020 en Ligue des champions. Et \u00e9quivaut aux audiences du\u00a0<a href=\"http:\/\/tvmag.lefigaro.fr\/programme-tv\/audiences-tv\/audiences-tf1-en-rouleau-compresseur-grace-a-autriche-france-premier-match-des-bleus-a-l-euro-2024-20240618\" target=\"_blank\" data-fig-type=\"Article\" rel=\"noopener\" data-gtm-custom-categorie=\"navigation\" data-gtm-custom-action=\"crossclick\" data-gtm-custom-label=\"Contextuel\" data-gtm-event=\"customEventSPE\" data-fig-domain=\"TVMAG\">match d\u2019entr\u00e9e des Bleus \u00e0 l\u2019Euro 2024<\/a>. Il place Canal+ au 2e rang national. Le Canal Champions Club debrief qui a suivi a f\u00e9d\u00e9r\u00e9 1,57 M de t\u00e9l\u00e9spectateurs, record historique de l\u2019\u00e9mission.<\/p>\n<p class=\"fig-body-link\">\n            \u00c0 lire aussi<br \/>\n        <a class=\"fig-body-link__link fig-premium-mark\" href=\"http:\/\/www.lefigaro.fr\/sports\/football\/ligue-des-champions\/les-notes-du-psg-face-a-l-inter-doue-phenomenal-vitinha-exceptionnel-dembele-delicieux-dans-un-collectif-magique-20250531\" target=\"_blank\" data-fig-type=\"NewsFlash\" rel=\"noopener\" data-gtm-custom-categorie=\"navigation\" data-gtm-custom-action=\"crossclick\" data-gtm-custom-label=\"Contextuel\" data-gtm-event=\"customEventSPE\" data-fig-domain=\"LEFIGARO\">Les notes du PSG face \u00e0 l\u2019Inter\u00a0: Dou\u00e9 ph\u00e9nom\u00e9nal, Vitinha exceptionnel, Demb\u00e9l\u00e9 d\u00e9licieux&#8230; dans un collectif magique<br \/>\n    <\/a>\n<\/p>\n<p>\u00abUne immense fiert\u00e9\u00a0!\u00bb, pour Maxime Saada (Canal+)<\/p>\n<p class=\"fig-paragraph\">\u00ab Cette saison fera date, port\u00e9e par le lancement d\u2019un nouveau format des Coupes europ\u00e9ennes et par l\u2019exceptionnel parcours du PSG que nous c\u00e9l\u00e9brons avec une immense fiert\u00e9\u00a0!\u00bb, explique Maxime Saada, pr\u00e9sident du directoire du groupe Canal+ ce dimanche dans un communiqu\u00e9. \u00abLes cha\u00eenes Canal+ ont enregistr\u00e9 des performances remarquables, avec une moyenne de 1,80 million de t\u00e9l\u00e9spectateurs en prime time, en hausse de 15 % par rapport \u00e0 la saison pr\u00e9c\u00e9dente, et pr\u00e8s de 200 matchs diffus\u00e9s. Un record absolu a m\u00eame \u00e9t\u00e9 atteint avec 4,14 millions d\u2019abonn\u00e9s pour la demi-finale PSG-Arsenal. Cette saison a mis en lumi\u00e8re une fois de plus notre savoir-faire \u00e9ditorial. Merci \u00e0 tous les clubs fran\u00e7ais et \u00e0 toutes nos \u00e9quipes.\u00a0\u00bb<\/p>\n<p class=\"fig-paragraph\">Dans le reste des programmes, c\u2019est\u00a0<a href=\"https:\/\/tvmag.lefigaro.fr\/programme-tv\/programme\/meurtres-a-f865721114\" target=\"_blank\" rel=\"noopener\" data-gtm-custom-categorie=\"navigation\" data-gtm-custom-action=\"crossclick\" data-gtm-custom-label=\"Contextuel\" data-gtm-event=\"customEventSPE\">Nouveaux meurtres \u00e0 Saint-Malo<\/a> \u00a0diffus\u00e9 sur\u00a0<a href=\"https:\/\/tvmag.lefigaro.fr\/programme-tv\/chaine\/80\/tous-les-programmes-de-france-3\" target=\"_blank\" rel=\"noopener\" data-gtm-custom-categorie=\"navigation\" data-gtm-custom-action=\"crossclick\" data-gtm-custom-label=\"Contextuel\" data-gtm-event=\"customEventSPE\">France 3<\/a>\u00a0qui tire son \u00e9pingle du jeu. Les r\u00e9fractaires au ballon rond \u00e9taient 2,91 millions, soit 13,3% du public, devant ce polar en rediffusion. Derri\u00e8re, TF1 a f\u00e9d\u00e9r\u00e9 1,14 million de curieux devant un \u00abGrand B\u00eatisier\u00bb anim\u00e9 par\u00a0<a href=\"http:\/\/tvmag.lefigaro.fr\/programme-tv\/actu-tele\/c-est-scandaleux-bruce-toussaint-defend-christophe-beaugrand-insulte-pour-son-message-apres-le-meurtre-de-louise-20250216\" target=\"_blank\" data-fig-type=\"Article\" rel=\"noopener\" data-gtm-custom-categorie=\"navigation\" data-gtm-custom-action=\"crossclick\" data-gtm-custom-label=\"Contextuel\" data-gtm-event=\"customEventSPE\" data-fig-domain=\"TVMAG\">Christophe Beaugrand<\/a>\u00a0et Karine Ferri.<\/p>\n<p class=\"fig-paragraph\">France 2, une fois n\u2019est pas coutume, passe sous la barre du million de t\u00e9l\u00e9spectateurs. La cha\u00eene diffusait une pi\u00e8ce de th\u00e9\u00e2tre intitul\u00e9e Une situation d\u00e9licate, com\u00e9die conjugale port\u00e9e\u00a0<a href=\"http:\/\/tvmag.lefigaro.fr\/programme-tv\/people\/j-etais-recouvert-de-dettes-sur-rtl-gerad-darmon-evoque-le-meilleur-et-le-pire-de-sa-carriere-20250412\" target=\"_blank\" data-fig-type=\"Article\" rel=\"noopener\" data-gtm-custom-categorie=\"navigation\" data-gtm-custom-action=\"crossclick\" data-gtm-custom-label=\"Contextuel\" data-gtm-event=\"customEventSPE\" data-fig-domain=\"TVMAG\">G\u00e9rard Darmon<\/a>. Vrai supporter du PSG, l\u2019acteur devait quant \u00e0 lui \u00eatre devant le choc de Ligue des champions.<\/p>\n<p class=\"fig-tv-audience__title\">Audiences de 1\u00e8re partie de soir\u00e9e du samedi 31 mai<\/p>\n<tr>\n<td class=\"fig-tv-audience__position\">1<\/td>\n<td class=\"fig-tv-audience__channel-container\">\n                        <a class=\"fig-channel-media fig-channel-media--no-margin\" href=\"https:\/\/tvmag.lefigaro.fr\/programme-tv\/chaine\/118\/tous-les-programmes-de-m6\" title=\"Programme TV M6\" target=\"_blank\" rel=\"noopener\"><br \/>\n        <img   alt=\"Programme TV M6\" class=\"fig-img\"\/><\/p>\n<p>    <\/a><\/p>\n<\/td>\n<td class=\"fig-tv-audience__data\">\n                    <a href=\"https:\/\/tvmag.lefigaro.fr\/programme-tv\/programme\/football-ligue-des-champions-f795668921\" class=\"fig-tv-audience__program-title\" target=\"_blank\" rel=\"noopener\"><br \/>\n                        Football\u00a0: Ligue des champions<br \/>\n                    <\/a><\/p>\n<p>                        8\u202f672\u202f000 t\u00e9l\u00e9spectateurs<\/p>\n<p>                    39,9\u00a0%<\/p>\n<\/td>\n<\/tr>\n<tr>\n<td class=\"fig-tv-audience__position\">2<\/td>\n<td class=\"fig-tv-audience__channel-container\">\n                        <a class=\"fig-channel-media fig-channel-media--no-margin\" href=\"https:\/\/tvmag.lefigaro.fr\/programme-tv\/chaine\/80\/tous-les-programmes-de-france-3\" title=\"Programme TV France 3\" target=\"_blank\" rel=\"noopener\"><br \/>\n        <img   alt=\"Programme TV France 3\" class=\"fig-img\"\/><\/p>\n<p>    <\/a><\/p>\n<\/td>\n<td class=\"fig-tv-audience__data\">\n                    <a href=\"https:\/\/tvmag.lefigaro.fr\/programme-tv\/programme\/meurtres-a-f865721114\" class=\"fig-tv-audience__program-title\" target=\"_blank\" rel=\"noopener\"><br \/>\n                        Meurtres \u00e0&#8230;<br \/>\n                    <\/a><\/p>\n<p>                        2\u202f913\u202f000 t\u00e9l\u00e9spectateurs<\/p>\n<p>                    13,3\u00a0%<\/p>\n<\/td>\n<\/tr>\n<tr>\n<td class=\"fig-tv-audience__position\">3<\/td>\n<td class=\"fig-tv-audience__channel-container\">\n                        <a class=\"fig-channel-media fig-channel-media--no-margin\" href=\"https:\/\/tvmag.lefigaro.fr\/programme-tv\/chaine\/192\/tous-les-programmes-de-tf1\" title=\"Programme TV TF1\" target=\"_blank\" rel=\"noopener\"><br \/>\n        <img   alt=\"Programme TV TF1\" class=\"fig-img\"\/><\/p>\n<p>    <\/a><\/p>\n<\/td>\n<td class=\"fig-tv-audience__data\">\n                    <a href=\"https:\/\/tvmag.lefigaro.fr\/programme-tv\/programme\/le-grand-betisier-f734481550\" class=\"fig-tv-audience__program-title\" target=\"_blank\" rel=\"noopener\"><br \/>\n                        Le grand b\u00eatisier<br \/>\n                    <\/a><\/p>\n<p>                        1\u202f138\u202f000 t\u00e9l\u00e9spectateurs<\/p>\n<p>                    5,2\u00a0%<\/p>\n<\/td>\n<\/tr>\n<tr>\n<td class=\"fig-tv-audience__position\">4<\/td>\n<td class=\"fig-tv-audience__channel-container\">\n                        <a class=\"fig-channel-media fig-channel-media--no-margin\" href=\"https:\/\/tvmag.lefigaro.fr\/programme-tv\/chaine\/4\/tous-les-programmes-de-france-2\" title=\"Programme TV France 2\" target=\"_blank\" rel=\"noopener\"><br \/>\n        <img   alt=\"Programme TV France 2\" class=\"fig-img\"\/><\/p>\n<p>    <\/a><\/p>\n<\/td>\n<td class=\"fig-tv-audience__data\">\n                    <a href=\"https:\/\/tvmag.lefigaro.fr\/programme-tv\/programme\/une-situation-delicate-f1345122643\" class=\"fig-tv-audience__program-title\" target=\"_blank\" rel=\"noopener\"><br \/>\n                        Une situation d\u00e9licate<br \/>\n                    <\/a><\/p>\n<p>                        912\u202f000 t\u00e9l\u00e9spectateurs<\/p>\n<p>                    4,2\u00a0%<\/p>\n<\/td>\n<\/tr>\n<tr>\n<td class=\"fig-tv-audience__position\">5<\/td>\n<td class=\"fig-tv-audience__channel-container\">\n                        <a class=\"fig-channel-media fig-channel-media--no-margin\" href=\"https:\/\/tvmag.lefigaro.fr\/programme-tv\/chaine\/47\/tous-les-programmes-de-france-5\" title=\"Programme TV France 5\" target=\"_blank\" rel=\"noopener\"><br \/>\n        <img   alt=\"Programme TV France 5\" class=\"fig-img\"\/><\/p>\n<p>    <\/a><\/p>\n<\/td>\n<td class=\"fig-tv-audience__data\">\n                    <a href=\"https:\/\/tvmag.lefigaro.fr\/programme-tv\/programme\/echappees-belles-f1934624714\" class=\"fig-tv-audience__program-title\" target=\"_blank\" rel=\"noopener\"><br \/>\n                        Echapp\u00e9es belles<br \/>\n                    <\/a><\/p>\n<p>                        680\u202f000 t\u00e9l\u00e9spectateurs<\/p>\n<p>                    3,1\u00a0%<\/p>\n<\/td>\n<\/tr>\n<tr aria-hidden=\"true\">\n<td class=\"fig-tv-audience__position\">6<\/td>\n<td class=\"fig-tv-audience__channel-container\">\n                        <a class=\"fig-channel-media fig-channel-media--no-margin\" href=\"https:\/\/tvmag.lefigaro.fr\/programme-tv\/chaine\/111\/tous-les-programmes-de-arte\" title=\"Programme TV Arte\" target=\"_blank\" rel=\"noopener\"><br \/>\n        <img   alt=\"Programme TV Arte\" class=\"fig-img\"\/><\/p>\n<p>    <\/a><\/p>\n<\/td>\n<td class=\"fig-tv-audience__data\">\n                    <a href=\"https:\/\/tvmag.lefigaro.fr\/programme-tv\/programme\/sauver-venise-f1221381428\" class=\"fig-tv-audience__program-title\" target=\"_blank\" rel=\"noopener\"><br \/>\n                        Sauver Venise<br \/>\n                    <\/a><\/p>\n<p>                        496\u202f000 t\u00e9l\u00e9spectateurs<\/p>\n<p>                    2,3\u00a0%<\/p>\n<\/td>\n<\/tr>\n<tr aria-hidden=\"true\">\n<td class=\"fig-tv-audience__position\">7<\/td>\n<td class=\"fig-tv-audience__channel-container\">\n                        <a class=\"fig-channel-media fig-channel-media--no-margin\" href=\"https:\/\/tvmag.lefigaro.fr\/programme-tv\/chaine\/195\/tous-les-programmes-de-tmc\" title=\"Programme TV TMC\" target=\"_blank\" rel=\"noopener\"><br \/>\n        <img   alt=\"Programme TV TMC\" class=\"fig-img\"\/><\/p>\n<p>    <\/a><\/p>\n<\/td>\n<td class=\"fig-tv-audience__data\">\n                    <a href=\"https:\/\/tvmag.lefigaro.fr\/programme-tv\/programme\/columbo-f1623160071\" class=\"fig-tv-audience__program-title\" target=\"_blank\" rel=\"noopener\"><br \/>\n                        Columbo<br \/>\n                    <\/a><\/p>\n<p>                        404\u202f000 t\u00e9l\u00e9spectateurs<\/p>\n<p>                    1,9\u00a0%<\/p>\n<\/td>\n<\/tr>\n<tr aria-hidden=\"true\">\n<td class=\"fig-tv-audience__position\">8<\/td>\n<td class=\"fig-tv-audience__channel-container\">\n                        <a class=\"fig-channel-media fig-channel-media--no-margin\" href=\"https:\/\/tvmag.lefigaro.fr\/programme-tv\/chaine\/446\/tous-les-programmes-de-tfx\" title=\"Programme TV TFX\" target=\"_blank\" rel=\"noopener\"><br \/>\n        <img   alt=\"Programme TV TFX\" class=\"fig-img\"\/><\/p>\n<p>    <\/a><\/p>\n<\/td>\n<td class=\"fig-tv-audience__data\">\n                    <a href=\"https:\/\/tvmag.lefigaro.fr\/programme-tv\/programme\/chroniques-criminelles-f1256417755\" class=\"fig-tv-audience__program-title\" target=\"_blank\" rel=\"noopener\"><br \/>\n                        Chroniques criminelles<br \/>\n                    <\/a><\/p>\n<p>                        406\u202f000 t\u00e9l\u00e9spectateurs<\/p>\n<p>                    1,9\u00a0%<\/p>\n<\/td>\n<\/tr>\n<tr aria-hidden=\"true\">\n<td class=\"fig-tv-audience__position\">9<\/td>\n<td class=\"fig-tv-audience__channel-container\">\n                        <a class=\"fig-channel-media fig-channel-media--no-margin\" href=\"https:\/\/tvmag.lefigaro.fr\/programme-tv\/chaine\/482\/tous-les-programmes-de-gulli\" title=\"Programme TV Gulli\" target=\"_blank\" rel=\"noopener\"><br \/>\n        <img   alt=\"Programme TV Gulli\" class=\"fig-img\"\/><\/p>\n<p>    <\/a><\/p>\n<\/td>\n<td class=\"fig-tv-audience__data\">\n                    <a href=\"https:\/\/tvmag.lefigaro.fr\/programme-tv\/programme\/le-grand-betisier-des-animaux-f599090232\" class=\"fig-tv-audience__program-title\" target=\"_blank\" rel=\"noopener\"><br \/>\n                        Le grand b\u00eatisier des animaux<br \/>\n                    <\/a><\/p>\n<p>                        275\u202f000 t\u00e9l\u00e9spectateurs<\/p>\n<p>                    1,3\u00a0%<\/p>\n<\/td>\n<\/tr>\n<tr aria-hidden=\"true\">\n<td class=\"fig-tv-audience__position\">10<\/td>\n<td class=\"fig-tv-audience__channel-container\">\n                        <a class=\"fig-channel-media fig-channel-media--no-margin\" href=\"https:\/\/tvmag.lefigaro.fr\/programme-tv\/chaine\/119\/tous-les-programmes-de-w9\" title=\"Programme TV W9\" target=\"_blank\" rel=\"noopener\"><br \/>\n        <img   alt=\"Programme TV W9\" class=\"fig-img\"\/><\/p>\n<p>    <\/a><\/p>\n<\/td>\n<td class=\"fig-tv-audience__data\">\n                    <a href=\"https:\/\/tvmag.lefigaro.fr\/programme-tv\/programme\/la-petite-histoire-de-france-f1656902217\" class=\"fig-tv-audience__program-title\" target=\"_blank\" rel=\"noopener\"><br \/>\n                        La petite histoire de France<br \/>\n                    <\/a><\/p>\n<p>                        257\u202f000 t\u00e9l\u00e9spectateurs<\/p>\n<p>                    1,2\u00a0%<\/p>\n<\/td>\n<\/tr>\n<tr aria-hidden=\"true\">\n<td class=\"fig-tv-audience__position\">11<\/td>\n<td class=\"fig-tv-audience__channel-container\">\n                        <a class=\"fig-channel-media fig-channel-media--no-margin\" href=\"https:\/\/tvmag.lefigaro.fr\/programme-tv\/chaine\/1399\/tous-les-programmes-de-cherie-25\" title=\"Programme TV Ch\u00e9rie 25\" target=\"_blank\" rel=\"noopener\"><br \/>\n        <img   alt=\"Programme TV Ch\u00e9rie 25\" class=\"fig-img\"\/><\/p>\n<p>    <\/a><\/p>\n<\/td>\n<td class=\"fig-tv-audience__data\">\n                    <a href=\"https:\/\/tvmag.lefigaro.fr\/programme-tv\/programme\/dirty-dancing-f1550447589\" class=\"fig-tv-audience__program-title\" target=\"_blank\" rel=\"noopener\"><br \/>\n                        Dirty Dancing<br \/>\n                    <\/a><\/p>\n<p>                        227\u202f000 t\u00e9l\u00e9spectateurs<\/p>\n<p>                    1,1\u00a0%<\/p>\n<\/td>\n<\/tr>\n<tr aria-hidden=\"true\">\n<td class=\"fig-tv-audience__position\">12<\/td>\n<td class=\"fig-tv-audience__channel-container\">\n                        <a class=\"fig-channel-media fig-channel-media--no-margin\" href=\"https:\/\/tvmag.lefigaro.fr\/programme-tv\/chaine\/1404\/tous-les-programmes-de-tf1-series-films\" title=\"Programme TV TF1 S\u00e9ries Films\" target=\"_blank\" rel=\"noopener\"><br \/>\n        <img   alt=\"Programme TV TF1 S\u00e9ries Films\" class=\"fig-img\"\/><\/p>\n<p>    <\/a><\/p>\n<\/td>\n<td class=\"fig-tv-audience__data\">\n                    <a href=\"https:\/\/tvmag.lefigaro.fr\/programme-tv\/programme\/josephine-ange-gardien-f200006378\" class=\"fig-tv-audience__program-title\" target=\"_blank\" rel=\"noopener\"><br \/>\n                        Jos\u00e9phine, ange gardien<br \/>\n                    <\/a><\/p>\n<p>                        218\u202f000 t\u00e9l\u00e9spectateurs<\/p>\n<p>                    1\u00a0%<\/p>\n<\/td>\n<\/tr>\n<tr aria-hidden=\"true\">\n<td class=\"fig-tv-audience__position\">13<\/td>\n<td class=\"fig-tv-audience__channel-container\">\n                        <a class=\"fig-channel-media fig-channel-media--no-margin\" href=\"https:\/\/tvmag.lefigaro.fr\/programme-tv\/chaine\/1402\/tous-les-programmes-de-rmc-story\" title=\"Programme TV RMC Story\" target=\"_blank\" rel=\"noopener\"><br \/>\n        <img   alt=\"Programme TV RMC Story\" class=\"fig-img\"\/><\/p>\n<p>    <\/a><\/p>\n<\/td>\n<td class=\"fig-tv-audience__data\">\n                    <a href=\"https:\/\/tvmag.lefigaro.fr\/programme-tv\/programme\/retour-a-l-instinct-primaire-restons-groupes-f210366164\" class=\"fig-tv-audience__program-title\" target=\"_blank\" rel=\"noopener\"><br \/>\n                        Retour \u00e0 l&rsquo;instinct primaire\u00a0: Restons group\u00e9s<br \/>\n                    <\/a><\/p>\n<p>                        194\u202f000 t\u00e9l\u00e9spectateurs<\/p>\n<p>                    0,9\u00a0%<\/p>\n<\/td>\n<\/tr>\n<tr aria-hidden=\"true\">\n<td class=\"fig-tv-audience__position\">14<\/td>\n<td class=\"fig-tv-audience__channel-container\">\n                        <a class=\"fig-channel-media fig-channel-media--no-margin\" href=\"https:\/\/tvmag.lefigaro.fr\/programme-tv\/chaine\/458\/tous-les-programmes-de-cstar\" title=\"Programme TV CSTAR\" target=\"_blank\" rel=\"noopener\"><br \/>\n        <img   alt=\"Programme TV CSTAR\" class=\"fig-img\"\/><\/p>\n<p>    <\/a><\/p>\n<\/td>\n<td class=\"fig-tv-audience__data\">\n                    <a href=\"https:\/\/tvmag.lefigaro.fr\/programme-tv\/programme\/enquete-sous-haute-tension-f290747220\" class=\"fig-tv-audience__program-title\" target=\"_blank\" rel=\"noopener\"><br \/>\n                        Enqu\u00eate sous haute tension<br \/>\n                    <\/a><\/p>\n<p>                        182\u202f000 t\u00e9l\u00e9spectateurs<\/p>\n<p>                    0,8\u00a0%<\/p>\n<\/td>\n<\/tr>\n<tr aria-hidden=\"true\">\n<td class=\"fig-tv-audience__position\">15<\/td>\n<td class=\"fig-tv-audience__channel-container\">\n                        <a class=\"fig-channel-media fig-channel-media--no-margin\" href=\"https:\/\/tvmag.lefigaro.fr\/programme-tv\/chaine\/1403\/tous-les-programmes-de-6ter\" title=\"Programme TV 6ter\" target=\"_blank\" rel=\"noopener\"><br \/>\n        <img   alt=\"Programme TV 6ter\" class=\"fig-img\"\/><\/p>\n<p>    <\/a><\/p>\n<\/td>\n<td class=\"fig-tv-audience__data\">\n                    <a href=\"https:\/\/tvmag.lefigaro.fr\/programme-tv\/programme\/bones-f449384024\" class=\"fig-tv-audience__program-title\" target=\"_blank\" rel=\"noopener\"><br \/>\n                        Bones<br \/>\n                    <\/a><\/p>\n<p>                        134\u202f000 t\u00e9l\u00e9spectateurs<\/p>\n<p>                    0,6\u00a0%<\/p>\n<\/td>\n<\/tr>\n<tr aria-hidden=\"true\">\n<td class=\"fig-tv-audience__position\">16<\/td>\n<td class=\"fig-tv-audience__channel-container\">\n                        <a class=\"fig-channel-media fig-channel-media--no-margin\" href=\"https:\/\/tvmag.lefigaro.fr\/programme-tv\/chaine\/1400\/tous-les-programmes-de-rmc-decouverte\" title=\"Programme TV RMC D\u00e9couverte\" target=\"_blank\" rel=\"noopener\"><br \/>\n        <img   alt=\"Programme TV RMC D\u00e9couverte\" class=\"fig-img\"\/><\/p>\n<p>    <\/a><\/p>\n<\/td>\n<td class=\"fig-tv-audience__data\">\n                    <a href=\"https:\/\/tvmag.lefigaro.fr\/programme-tv\/programme\/le-mystere-d-oak-island-f938283512\" class=\"fig-tv-audience__program-title\" target=\"_blank\" rel=\"noopener\"><br \/>\n                        Le myst\u00e8re d&rsquo;Oak Island<br \/>\n                    <\/a><\/p>\n<p>                        99\u202f000 t\u00e9l\u00e9spectateurs<\/p>\n<p>                    0,4\u00a0%<\/p>\n<\/td>\n<\/tr>\n<p>            Voir plus<\/p>\n","protected":false},"excerpt":{"rendered":"Les audiences du samedi 31 mai 2025 pour les programmes diffus\u00e9s en premi\u00e8re partie de soir\u00e9e. Au terme&hellip;\n","protected":false},"author":2,"featured_media":143913,"comment_status":"","ping_status":"","sticky":false,"template":"","format":"standard","meta":{"footnotes":""},"categories":[1356],"tags":[2376,2374,2369,2370,2371,2372,2367,2378,2377,2373,58,59,1011,27,447,2375,503,502,93,252,1364,2368],"class_list":{"0":"post-143912","1":"post","2":"type-post","3":"status-publish","4":"format-standard","5":"has-post-thumbnail","7":"category-television","8":"tag-analyse-audience-tv","9":"tag-audience-programme-tv","10":"tag-audience-tv","11":"tag-audience-tv-hier","12":"tag-audience-tv-hier-soir","13":"tag-audience-tv-jour-par-jour","14":"tag-audiences","15":"tag-audiences-television","16":"tag-audiences-tv","17":"tag-audimat","18":"tag-divertissement","19":"tag-entertainment","20":"tag-fr","21":"tag-france","22":"tag-ligue-des-champions","23":"tag-meilleure-audience-tv","24":"tag-programme-tele","25":"tag-programme-tv","26":"tag-psg","27":"tag-television","28":"tag-tv","29":"tag-tv-ce-soir"},"share_on_mastodon":{"url":"https:\/\/pubeurope.com\/@fr\/114607868180758789","error":""},"_links":{"self":[{"href":"https:\/\/www.europesays.com\/fr\/wp-json\/wp\/v2\/posts\/143912","targetHints":{"allow":["GET"]}}],"collection":[{"href":"https:\/\/www.europesays.com\/fr\/wp-json\/wp\/v2\/posts"}],"about":[{"href":"https:\/\/www.europesays.com\/fr\/wp-json\/wp\/v2\/types\/post"}],"author":[{"embeddable":true,"href":"https:\/\/www.europesays.com\/fr\/wp-json\/wp\/v2\/users\/2"}],"replies":[{"embeddable":true,"href":"https:\/\/www.europesays.com\/fr\/wp-json\/wp\/v2\/comments?post=143912"}],"version-history":[{"count":0,"href":"https:\/\/www.europesays.com\/fr\/wp-json\/wp\/v2\/posts\/143912\/revisions"}],"wp:featuredmedia":[{"embeddable":true,"href":"https:\/\/www.europesays.com\/fr\/wp-json\/wp\/v2\/media\/143913"}],"wp:attachment":[{"href":"https:\/\/www.europesays.com\/fr\/wp-json\/wp\/v2\/media?parent=143912"}],"wp:term":[{"taxonomy":"category","embeddable":true,"href":"https:\/\/www.europesays.com\/fr\/wp-json\/wp\/v2\/categories?post=143912"},{"taxonomy":"post_tag","embeddable":true,"href":"https:\/\/www.europesays.com\/fr\/wp-json\/wp\/v2\/tags?post=143912"}],"curies":[{"name":"wp","href":"https:\/\/api.w.org\/{rel}","templated":true}]}}