{"id":143914,"date":"2025-06-01T11:27:09","date_gmt":"2025-06-01T11:27:09","guid":{"rendered":"https:\/\/www.europesays.com\/fr\/143914\/"},"modified":"2025-06-01T11:27:09","modified_gmt":"2025-06-01T11:27:09","slug":"helena-craque-a-la-television-francaise-je-ne-peux-pas-regarder-cette-video-sans-pleurer","status":"publish","type":"post","link":"https:\/\/www.europesays.com\/fr\/143914\/","title":{"rendered":"Helena craque \u00e0 la t\u00e9l\u00e9vision fran\u00e7aise\u00a0: \u00ab\u00a0Je ne peux pas regarder cette vid\u00e9o sans pleurer\u00a0\u00bb"},"content":{"rendered":"<p><a href=\"https:\/\/www.parismatch.be\/culture\/musique\/2025\/05\/13\/une-helena-rayonnante-a-mis-le-feu-a-lancienne-belgique-pour-son-premier-concert-solo-devant-le-public-belge-BCXPROJESJFZJHUWKKDA54QQLE\/\" target=\"_blank\" rel=\"noopener noreferrer\" class=\"ap-StoryInterstitialLink ap-StoryElement ap-StoryElement--mb\">Une Helena rayonnante a mis le feu \u00e0 l&rsquo;Ancienne Belgique pour son premier concert solo devant le public belge<\/a>\u00ab\u00a0Je passe de l&rsquo;ombre \u00e0 la lumi\u00e8re\u00a0\u00bb<\/p>\n<p class=\"ap-StoryElement ap-StoryElement--mb ap-StoryText\">Une sortie de l&rsquo;aventure qui a \u00e9t\u00e9 difficile pour la Belge de 23 ans, \u00e0 cause de sa soudaine c\u00e9l\u00e9brit\u00e9. \u00ab\u00a0Je ne pense qu&rsquo;aucun \u00eatre humain, en soi, n&rsquo;a \u00e9t\u00e9 \u00e9duqu\u00e9 ou n&rsquo;est fait pour vivre \u00e7a du jour au lendemain\u00a0\u00bb, a-t-elle d\u00e9clar\u00e9. \u00ab\u00a0Il n&rsquo;y a eu aucune progression, de petit \u00e0 petit les gens me reconnaissent dans la rue et c&rsquo;est gratifiant, \u00e7a veut dire que l&rsquo;on commence \u00e0 m&rsquo;\u00e9couter. Non, \u00e7a a \u00e9t\u00e9 du jour au lendemain, je passe de l&rsquo;ombre \u00e0 la lumi\u00e8re.\u00a0\u00bb<\/p>\n<p class=\"ap-StoryElement ap-StoryElement--mb ap-StoryText\">Elle explique que \u00e7a a \u00e9t\u00e9 \u00ab\u00a0la folie furieuse\u00a0\u00bb, apr\u00e8s sa sortie de la \u00ab\u00a0Star Academy\u00a0\u00bb et que cette situation l&rsquo;a un peu effray\u00e9e. \u00ab\u00a0Et oui, \u00e7a m&rsquo;a fait peur\u00a0\u00bb, avoue-t-elle. Mais elle dit \u00ab\u00a0essayer de vivre avec\u00a0\u00bb et \u00ab\u00a0accepter d&rsquo;avoir des hauts et des bas\u00a0\u00bb.<\/p>\n<p class=\"ap-StoryElement ap-StoryElement--mb ap-StoryText\">Ce sentiment, elle l&rsquo;a retranscrit dans sa chanson \u00ab\u00a0Boule au ventre\u00a0\u00bb. Comme nous vous l&rsquo;avions rapport\u00e9, lors de son <a href=\"https:\/\/www.parismatch.be\/actualites\/people\/2025\/05\/22\/vive-emotion-pour-helena-lors-de-son-concert-a-beziers-la-chanteuse-belge-en-larmes-apres-une-surprise-du-public-video-BSLXRIYQ3ZBVBHRJZR2W42MHL4\/\" target=\"_self\" rel=\"noopener\">concert \u00e0 B\u00e9ziers<\/a>, le public avait pr\u00e9par\u00e9 une surprise pour Helena en modifiant les paroles de cette chanson. Face aux images de ce moment riche en \u00e9motions, la chanteuse n&rsquo;a pas pu retenir ses larmes.<\/p>\n<p><a href=\"https:\/\/www.parismatch.be\/actualites\/people\/2025\/05\/22\/vive-emotion-pour-helena-lors-de-son-concert-a-beziers-la-chanteuse-belge-en-larmes-apres-une-surprise-du-public-video-BSLXRIYQ3ZBVBHRJZR2W42MHL4\/\" target=\"_blank\" rel=\"noopener noreferrer\" class=\"ap-StoryInterstitialLink ap-StoryElement ap-StoryElement--mb\">Vive \u00e9motion pour Helena lors de son concert \u00e0 B\u00e9ziers : la chanteuse belge en larmes apr\u00e8s une surprise du public (VID\u00c9O)<\/a><\/p>\n<p class=\"ap-StoryElement ap-StoryElement--mb ap-StoryText\">\u00ab\u00a0J&rsquo;ai \u00e9crit la chanson &lsquo;Boule au ventre&rsquo; car j&rsquo;ai commenc\u00e9 \u00e0 avoir des crises d&rsquo;angoisse\u00a0\u00bb, raconte-t-elle, la voix tremblante. \u00ab\u00a0Et c&rsquo;est une chanson que je chante tous les soirs dans le public et je demande au public de s&rsquo;asseoir par terre, pour me r\u00e9conforter et me r\u00e9concilier avec toutes les angoisses et les peines que j&rsquo;ai pu avoir.\u00a0\u00bb Le geste du public a B\u00e9ziers l&rsquo;a donc fortement \u00e9mue. \u00ab\u00a0Ce soir-l\u00e0, qu&rsquo;ils r\u00e9\u00e9crivent les paroles sur mes angoisses \u00e0 moi [\u2026], \u00e7a m&rsquo;a trop trop touch\u00e9e et je ne peux pas regarder cette vid\u00e9o sans pleurer.\u00a0\u00bb<\/p>\n","protected":false},"excerpt":{"rendered":"Une Helena rayonnante a mis le feu \u00e0 l&rsquo;Ancienne Belgique pour son premier concert solo devant le public&hellip;\n","protected":false},"author":2,"featured_media":67525,"comment_status":"","ping_status":"","sticky":false,"template":"","format":"standard","meta":{"footnotes":""},"categories":[1355],"tags":[58,59,4768,1011,27,2868,16863,1361,873,16864,16865,16866],"class_list":{"0":"post-143914","1":"post","2":"type-post","3":"status-publish","4":"format-standard","5":"has-post-thumbnail","7":"category-musique","8":"tag-divertissement","9":"tag-entertainment","10":"tag-fete","11":"tag-fr","12":"tag-france","13":"tag-juillet","14":"tag-juli","15":"tag-music","16":"tag-musique","17":"tag-nationale-feestdag","18":"tag-royals","19":"tag-royalty"},"share_on_mastodon":{"url":"https:\/\/pubeurope.com\/@fr\/114607871981600799","error":""},"_links":{"self":[{"href":"https:\/\/www.europesays.com\/fr\/wp-json\/wp\/v2\/posts\/143914","targetHints":{"allow":["GET"]}}],"collection":[{"href":"https:\/\/www.europesays.com\/fr\/wp-json\/wp\/v2\/posts"}],"about":[{"href":"https:\/\/www.europesays.com\/fr\/wp-json\/wp\/v2\/types\/post"}],"author":[{"embeddable":true,"href":"https:\/\/www.europesays.com\/fr\/wp-json\/wp\/v2\/users\/2"}],"replies":[{"embeddable":true,"href":"https:\/\/www.europesays.com\/fr\/wp-json\/wp\/v2\/comments?post=143914"}],"version-history":[{"count":0,"href":"https:\/\/www.europesays.com\/fr\/wp-json\/wp\/v2\/posts\/143914\/revisions"}],"wp:featuredmedia":[{"embeddable":true,"href":"https:\/\/www.europesays.com\/fr\/wp-json\/wp\/v2\/media\/67525"}],"wp:attachment":[{"href":"https:\/\/www.europesays.com\/fr\/wp-json\/wp\/v2\/media?parent=143914"}],"wp:term":[{"taxonomy":"category","embeddable":true,"href":"https:\/\/www.europesays.com\/fr\/wp-json\/wp\/v2\/categories?post=143914"},{"taxonomy":"post_tag","embeddable":true,"href":"https:\/\/www.europesays.com\/fr\/wp-json\/wp\/v2\/tags?post=143914"}],"curies":[{"name":"wp","href":"https:\/\/api.w.org\/{rel}","templated":true}]}}