{"id":143929,"date":"2025-06-01T11:35:08","date_gmt":"2025-06-01T11:35:08","guid":{"rendered":"https:\/\/www.europesays.com\/fr\/143929\/"},"modified":"2025-06-01T11:35:08","modified_gmt":"2025-06-01T11:35:08","slug":"horaire-acces-parade-sur-les-champs-elysees-concert-au-parc-des-princes-le-programme-complet-des-festivites-pour-le-retour-des-heros","status":"publish","type":"post","link":"https:\/\/www.europesays.com\/fr\/143929\/","title":{"rendered":"horaire, acc\u00e8s, parade sur les Champs-Elys\u00e9es, concert au Parc des Princes\u2026 Le programme complet des festivit\u00e9s pour le retour des h\u00e9ros"},"content":{"rendered":"<p>Vainqueurs de la Ligue des champions samedi soir au terme d\u2019un match l\u00e9gendaire contre l\u2019Inter Milan (5-0), les joueurs parisiens sont de retour dans la capitale ce dimanche. Voici le programme.<\/p>\n<p class=\"fig-paragraph\">Trente-deux ans que le football fran\u00e7ais attendait cela. Depuis samedi soir et la nuit magique de Munich,\u00a0<a href=\"http:\/\/www.lefigaro.fr\/sports\/football\/ligue-des-champions\/ligue-des-champions-a-l-issue-d-une-finale-de-reve-le-psg-au-sommet-de-l-europe-20250531\" target=\"_blank\" data-fig-type=\"NewsFlash\" rel=\"noopener\" data-gtm-custom-categorie=\"navigation\" data-gtm-custom-action=\"crossclick\" data-gtm-custom-label=\"Contextuel\" data-gtm-event=\"customEventSPE\" data-fig-domain=\"LEFIGARO\">le Paris SG a d\u00e9croch\u00e9 la Ligue des champions au terme d\u2019un chef-d\u2019\u0153uvre collectif.<\/a>\u00a0Dans la nuit munichoise, les Parisiens ont profit\u00e9 de leurs familles et proches \u00e0 leur h\u00f4tel situ\u00e9 au nord de la cit\u00e9 bavaroise. Ce dimanche, tout a \u00e9t\u00e9 programm\u00e9 et anticip\u00e9 pour que le retour \u00e0 Paris soit tout aussi magnifique. En esp\u00e9rant que les fauteurs de troubles et autres voyous ne ternissent pas la f\u00eate.<\/p>\n<p class=\"fig-paragraph\">Les Parisiens devraient atterrir aux alentours de 16h ce dimanche \u00e0 Roissy ou certains supporters sont attendus aussi pour un comit\u00e9 d\u2019accueil. Dans la foul\u00e9e, les champions d\u2019Europe se dirigeront vers les Champs-Elys\u00e9es ou ils d\u00e9fileront avec le troph\u00e9e sur la partie haute de la plus belle avenue du monde. Le Paris SG conseille \u00e0 ses supporters de venir \u00e0 partir de 14h30, avec une jauge pr\u00e9vue pour 110.000 personnes. Comme pour les Bleus en 1998 et 2018, les Champs-Elys\u00e9es peuvent \u00eatre le th\u00e9\u00e2tre d\u2019images pour l\u2019\u00e9ternit\u00e9. D\u00e9but de la parade annonc\u00e9e \u00e0 17 heures et une fin estim\u00e9e autour de 18h30.<\/p>\n<p class=\"fig-paragraph\">Dans la foul\u00e9e, les hommes de Luis Enrique seront re\u00e7us par le chef de l\u2019\u00c9tat,\u00a0<a href=\"http:\/\/www.lefigaro.fr\/sports\/football\/ligue-des-champions\/ligue-des-champions-champion-mon-frere-lance-emmanuel-macron-sur-son-compte-x-20250531\" target=\"_blank\" data-fig-type=\"NewsFlash\" rel=\"noopener\" data-gtm-custom-categorie=\"navigation\" data-gtm-custom-action=\"crossclick\" data-gtm-custom-label=\"Contextuel\" data-gtm-event=\"customEventSPE\" data-fig-domain=\"LEFIGARO\">Emmanuel Macron<\/a>\u2026 grand supporter de l\u2019OM. Tout ce petit monde est pr\u00e9vu \u00e0 19h \u00e0 l\u2019Elys\u00e9e pour des photos officielles. Par la suite, le groupe parisien se dirigera vers sa maison, le Parc des Princes. Le club annonce \u00abun show musical avec des artistes de renom\u00bb et la tr\u00e8s attendue pr\u00e9sentation de la Ligue des champions aux spectateurs pr\u00e9sents dimanche soir. D\u00e9but des festivit\u00e9s du c\u00f4t\u00e9 de la Porte d\u2019Auteuil 21h. Pour une nouvelle nuit magique.<\/p>\n<p class=\"fig-paragraph\"><strong>Le programme complet des festivit\u00e9s du PSG<\/strong><br \/>16h\u00a0: les joueurs parisiens atterrissent \u00e0 l\u2019a\u00e9roport de Roissy-Charles de Gaulle\u00a0<br \/>17h\u00a0: parade sur la partie haute des Champs-Elys\u00e9es, jauge fix\u00e9e \u00e0 100.000 personnes\u00a0<br \/>19h\u00a0: r\u00e9ception des membres du PSG par le chef de l\u2019Etat, Emmanuel Macron, \u00e0 l\u2019Elys\u00e9e\u00a0<br \/>21h\u00a0: d\u00e9but de la c\u00e9r\u00e9monie au Parc des Princes<\/p>\n<p class=\"fig-paragraph\"><strong>\u00c0 VOIR AUSSI \u2013 <\/strong>Le capitaine Marquinhos soul\u00e8ve la Ligue des champions apr\u00e8s le sacre du PSG contre l\u2019Inter Milan<\/p>\n","protected":false},"excerpt":{"rendered":"Vainqueurs de la Ligue des champions samedi soir au terme d\u2019un match l\u00e9gendaire contre l\u2019Inter Milan (5-0), les&hellip;\n","protected":false},"author":2,"featured_media":143930,"comment_status":"","ping_status":"","sticky":false,"template":"","format":"standard","meta":{"footnotes":""},"categories":[4],"tags":[11,4791,786,525,448,1981,1089,814,2257,63,1011,27,2705,447,1307,3490,955,12,4589,4789,93,4790,25,1980,455],"class_list":{"0":"post-143929","1":"post","2":"type-post","3":"status-publish","4":"format-standard","5":"has-post-thumbnail","7":"category-france","8":"tag-actualites","9":"tag-barcelone","10":"tag-c1","11":"tag-calendrier","12":"tag-champions-league","13":"tag-classement","14":"tag-coupe-deurope","15":"tag-direct","16":"tag-foot","17":"tag-football","18":"tag-fr","19":"tag-france","20":"tag-groupe","21":"tag-ligue-des-champions","22":"tag-lille","23":"tag-liverpool","24":"tag-match","25":"tag-news","26":"tag-phase-finale","27":"tag-poule","28":"tag-psg","29":"tag-real-madrid","30":"tag-republique-francaise","31":"tag-resultats","32":"tag-uefa"},"share_on_mastodon":{"url":"https:\/\/pubeurope.com\/@fr\/114607903455054679","error":""},"_links":{"self":[{"href":"https:\/\/www.europesays.com\/fr\/wp-json\/wp\/v2\/posts\/143929","targetHints":{"allow":["GET"]}}],"collection":[{"href":"https:\/\/www.europesays.com\/fr\/wp-json\/wp\/v2\/posts"}],"about":[{"href":"https:\/\/www.europesays.com\/fr\/wp-json\/wp\/v2\/types\/post"}],"author":[{"embeddable":true,"href":"https:\/\/www.europesays.com\/fr\/wp-json\/wp\/v2\/users\/2"}],"replies":[{"embeddable":true,"href":"https:\/\/www.europesays.com\/fr\/wp-json\/wp\/v2\/comments?post=143929"}],"version-history":[{"count":0,"href":"https:\/\/www.europesays.com\/fr\/wp-json\/wp\/v2\/posts\/143929\/revisions"}],"wp:featuredmedia":[{"embeddable":true,"href":"https:\/\/www.europesays.com\/fr\/wp-json\/wp\/v2\/media\/143930"}],"wp:attachment":[{"href":"https:\/\/www.europesays.com\/fr\/wp-json\/wp\/v2\/media?parent=143929"}],"wp:term":[{"taxonomy":"category","embeddable":true,"href":"https:\/\/www.europesays.com\/fr\/wp-json\/wp\/v2\/categories?post=143929"},{"taxonomy":"post_tag","embeddable":true,"href":"https:\/\/www.europesays.com\/fr\/wp-json\/wp\/v2\/tags?post=143929"}],"curies":[{"name":"wp","href":"https:\/\/api.w.org\/{rel}","templated":true}]}}