{"id":143933,"date":"2025-06-01T11:38:09","date_gmt":"2025-06-01T11:38:09","guid":{"rendered":"https:\/\/www.europesays.com\/fr\/143933\/"},"modified":"2025-06-01T11:38:09","modified_gmt":"2025-06-01T11:38:09","slug":"giroud-et-lloris-qualifies-avec-los-angeles-grace-a-lancien-stephanois-bouanga","status":"publish","type":"post","link":"https:\/\/www.europesays.com\/fr\/143933\/","title":{"rendered":"Giroud et Lloris qualifi\u00e9s avec Los Angeles gr\u00e2ce \u00e0 l\u2019ancien St\u00e9phanois Bouanga"},"content":{"rendered":"<p>Le club am\u00e9ricain avec ses champions du monde fran\u00e7ais a battu les Mexicains du Club America \u00e0 l\u2019issue des prolongations ce samedi.<\/p>\n<p class=\"fig-paragraph\">Un but en prolongation de Denis Bouanga a permis au Los Angeles FC de s&rsquo;imposer 2-1 face aux Mexicains du Club America samedi \u00e0 domicile, afin de d\u00e9crocher le dernier billet pour la Coupe du monde des clubs qui d\u00e9bute dans deux semaines aux \u00c9tats-Unis.<\/p>\n<p class=\"fig-paragraph\">Les deux formations avaient \u00e9t\u00e9 d\u00e9sign\u00e9es pour disputer un barrage sur un match sec afin de remplacer un autre club mexicain, Leon, \u00e9vinc\u00e9 par la Fifa pour avoir enfreint le r\u00e8glement sur la multi-propri\u00e9t\u00e9 des clubs. Leon et le CF Pachuca, qualifi\u00e9 aussi pour la comp\u00e9tition, appartiennent au m\u00eame propri\u00e9taire.<\/p>\n<p>Giroud passeur d\u00e9cisif<\/p>\n<p class=\"fig-paragraph\">Le Los Angeles FC\u00a0<a href=\"http:\/\/www.lefigaro.fr\/sports\/football\/foot-en-video-giroud-et-lloris-brillent-avec-los-angeles-messi-inscrit-un-superbe-coup-franc-20250525\" target=\"_blank\" data-fig-type=\"NewsFlash\" rel=\"noopener\" data-gtm-custom-categorie=\"navigation\" data-gtm-custom-action=\"crossclick\" data-gtm-custom-label=\"Contextuel\" data-gtm-event=\"customEventSPE\" data-fig-domain=\"LEFIGARO\">des champions du monde fran\u00e7ais Hugo Lloris et Olivier Giroud<\/a>\u00a0prendra place dans le groupe D avec les Anglais de Chelsea, ancien club de l&rsquo;attaquant tricolore, les Br\u00e9siliens de Flamengo et les Tunisiens de l&rsquo;Esp\u00e9rance Tunis. La Coupe du monde des clubs, disput\u00e9e pour la premi\u00e8re fois avec 32 \u00e9quipes, d\u00e9butera le 14 juin \u00e0 Miami et se terminera le 15 juillet \u00e0 New York.<\/p>\n<p class=\"fig-paragraph\">Samedi, Club America avait pris l&rsquo;avantage gr\u00e2ce \u00e0 un penalty de Brian Rodriguez (64e) qui a pris Lloris \u00e0 contre-pied sur la gauche du portier fran\u00e7ais.<\/p>\n<p class=\"fig-paragraph\">Le Br\u00e9silien Igor Jesus a \u00e9galis\u00e9 \u00e0 la 89e minute, avant le but vainqueur de Bouanga, dont la frappe d\u00e9vi\u00e9e \u00e0 l&rsquo;entr\u00e9e de la surface a fait mouche apr\u00e8s une remise de Giroud, entr\u00e9 lui en cours de rencontre.<\/p>\n","protected":false},"excerpt":{"rendered":"Le club am\u00e9ricain avec ses champions du monde fran\u00e7ais a battu les Mexicains du Club America \u00e0 l\u2019issue&hellip;\n","protected":false},"author":2,"featured_media":143934,"comment_status":"","ping_status":"","sticky":false,"template":"","format":"standard","meta":{"footnotes":""},"categories":[9653],"tags":[1111,11,2430,454,69,448,83,451,64,1777,450,449,674,1011,27,27229,452,453,66,446,447,12,5959,70,25,4001,455],"class_list":{"0":"post-143933","1":"post","2":"type-post","3":"status-publish","4":"format-standard","5":"has-post-thumbnail","7":"category-saint-etienne","8":"tag-actu","9":"tag-actualites","10":"tag-auvergne-rhone-alpes","11":"tag-ballon-dor","12":"tag-bundesliga","13":"tag-champions-league","14":"tag-coupe-de-france","15":"tag-coupe-du-monde","16":"tag-equipe-de-france","17":"tag-eu","18":"tag-euro","19":"tag-europa-league","20":"tag-europe","21":"tag-fr","22":"tag-france","23":"tag-hugo-lloris","24":"tag-italie","25":"tag-liga","26":"tag-ligue-1","27":"tag-ligue-2","28":"tag-ligue-des-champions","29":"tag-news","30":"tag-olivier-giroud","31":"tag-premier-league","32":"tag-republique-francaise","33":"tag-saint-etienne","34":"tag-uefa"},"share_on_mastodon":{"url":"https:\/\/pubeurope.com\/@fr\/114607915267116683","error":""},"_links":{"self":[{"href":"https:\/\/www.europesays.com\/fr\/wp-json\/wp\/v2\/posts\/143933","targetHints":{"allow":["GET"]}}],"collection":[{"href":"https:\/\/www.europesays.com\/fr\/wp-json\/wp\/v2\/posts"}],"about":[{"href":"https:\/\/www.europesays.com\/fr\/wp-json\/wp\/v2\/types\/post"}],"author":[{"embeddable":true,"href":"https:\/\/www.europesays.com\/fr\/wp-json\/wp\/v2\/users\/2"}],"replies":[{"embeddable":true,"href":"https:\/\/www.europesays.com\/fr\/wp-json\/wp\/v2\/comments?post=143933"}],"version-history":[{"count":0,"href":"https:\/\/www.europesays.com\/fr\/wp-json\/wp\/v2\/posts\/143933\/revisions"}],"wp:featuredmedia":[{"embeddable":true,"href":"https:\/\/www.europesays.com\/fr\/wp-json\/wp\/v2\/media\/143934"}],"wp:attachment":[{"href":"https:\/\/www.europesays.com\/fr\/wp-json\/wp\/v2\/media?parent=143933"}],"wp:term":[{"taxonomy":"category","embeddable":true,"href":"https:\/\/www.europesays.com\/fr\/wp-json\/wp\/v2\/categories?post=143933"},{"taxonomy":"post_tag","embeddable":true,"href":"https:\/\/www.europesays.com\/fr\/wp-json\/wp\/v2\/tags?post=143933"}],"curies":[{"name":"wp","href":"https:\/\/api.w.org\/{rel}","templated":true}]}}