{"id":143935,"date":"2025-06-01T11:39:15","date_gmt":"2025-06-01T11:39:15","guid":{"rendered":"https:\/\/www.europesays.com\/fr\/143935\/"},"modified":"2025-06-01T11:39:15","modified_gmt":"2025-06-01T11:39:15","slug":"les-jets-deau-de-la-pepiniere-remis-en-service","status":"publish","type":"post","link":"https:\/\/www.europesays.com\/fr\/143935\/","title":{"rendered":"les jets d\u2019eau de la p\u00e9pini\u00e8re remis en service"},"content":{"rendered":"<p>Se rafra\u00eechir en ville quand le soleil cogne fort\u00a0? Depuis l\u2019\u00e9t\u00e9 2022, certains ont une adresse\u00a0: le parc de la p\u00e9pini\u00e8re, et plus pr\u00e9cis\u00e9ment son all\u00e9e centrale <a href=\"https:\/\/www.estrepublicain.fr\/culture-loisirs\/2022\/06\/29\/a-nancy-l-esplanade-d-eau-de-la-pepiniere-est-en-service\" target=\"_blank\" rel=\"noopener\">qui accueille depuis trois ans une esplanade d\u2019eau.<\/a> \u00a0En clair, une surface am\u00e9nag\u00e9e d\u2019o\u00f9 jaillissent des jets plus ou moins hauts et dans lesquels on peut se tremper. Le tout gr\u00e2ce \u00e0 un circuit ferm\u00e9, et selon un rythme programm\u00e9.<\/p>\n<p>Un r\u00e9gal pour les m\u00f4mes notamment (et pour les plus grands, s\u2019ils en ont envie\u00a0!) qui s\u2019\u00e9clatent donc dans ce man\u00e8ge aquatique, implant\u00e9 <a href=\"https:\/\/www.estrepublicain.fr\/edition-nancy-et-agglomeration\/2020\/03\/06\/un-miroir-d-eau-a-la-place-du-bassin-de-la-pep\" target=\"_blank\" rel=\"noopener\">sur l\u2019emprise de l\u2019ancien bassin circulaire<\/a> et qui vient d\u2019\u00eatre mis en route ce week-end. Une fin mai justement marqu\u00e9e par des temp\u00e9ratures estivales.<\/p>\n","protected":false},"excerpt":{"rendered":"Se rafra\u00eechir en ville quand le soleil cogne fort\u00a0? Depuis l\u2019\u00e9t\u00e9 2022, certains ont une adresse\u00a0: le parc&hellip;\n","protected":false},"author":2,"featured_media":143936,"comment_status":"","ping_status":"","sticky":false,"template":"","format":"standard","meta":{"footnotes":""},"categories":[9635],"tags":[1111,11,1687,1704,1777,674,1011,27,775,1702,1703,12,25],"class_list":{"0":"post-143935","1":"post","2":"type-post","3":"status-publish","4":"format-standard","5":"has-post-thumbnail","7":"category-nancy","8":"tag-actu","9":"tag-actualites","10":"tag-culture-loisirs","11":"tag-edition-nancy-et-agglomeration","12":"tag-eu","13":"tag-europe","14":"tag-fr","15":"tag-france","16":"tag-grand-est","17":"tag-nancy","18":"tag-nancy-ville-54b","19":"tag-news","20":"tag-republique-francaise"},"share_on_mastodon":{"url":"https:\/\/pubeurope.com\/@fr\/114607919163669845","error":""},"_links":{"self":[{"href":"https:\/\/www.europesays.com\/fr\/wp-json\/wp\/v2\/posts\/143935","targetHints":{"allow":["GET"]}}],"collection":[{"href":"https:\/\/www.europesays.com\/fr\/wp-json\/wp\/v2\/posts"}],"about":[{"href":"https:\/\/www.europesays.com\/fr\/wp-json\/wp\/v2\/types\/post"}],"author":[{"embeddable":true,"href":"https:\/\/www.europesays.com\/fr\/wp-json\/wp\/v2\/users\/2"}],"replies":[{"embeddable":true,"href":"https:\/\/www.europesays.com\/fr\/wp-json\/wp\/v2\/comments?post=143935"}],"version-history":[{"count":0,"href":"https:\/\/www.europesays.com\/fr\/wp-json\/wp\/v2\/posts\/143935\/revisions"}],"wp:featuredmedia":[{"embeddable":true,"href":"https:\/\/www.europesays.com\/fr\/wp-json\/wp\/v2\/media\/143936"}],"wp:attachment":[{"href":"https:\/\/www.europesays.com\/fr\/wp-json\/wp\/v2\/media?parent=143935"}],"wp:term":[{"taxonomy":"category","embeddable":true,"href":"https:\/\/www.europesays.com\/fr\/wp-json\/wp\/v2\/categories?post=143935"},{"taxonomy":"post_tag","embeddable":true,"href":"https:\/\/www.europesays.com\/fr\/wp-json\/wp\/v2\/tags?post=143935"}],"curies":[{"name":"wp","href":"https:\/\/api.w.org\/{rel}","templated":true}]}}