{"id":143937,"date":"2025-06-01T11:40:12","date_gmt":"2025-06-01T11:40:12","guid":{"rendered":"https:\/\/www.europesays.com\/fr\/143937\/"},"modified":"2025-06-01T11:40:12","modified_gmt":"2025-06-01T11:40:12","slug":"une-voiture-incendiee-a-nancy","status":"publish","type":"post","link":"https:\/\/www.europesays.com\/fr\/143937\/","title":{"rendered":"une voiture incendi\u00e9e \u00e0 Nancy"},"content":{"rendered":"<p>\u00c0 Nancy comme dans d\u2019autres villes, la victoire\u00a0du PSG en finale de la Ligue des champions face \u00e0 l\u2019Inter de Milan a donn\u00e9 lieu, samedi soir, \u00e0 des sc\u00e8nes de liesse et des coups de klaxon dans les rues du centre-ville. En marge de la c\u00e9l\u00e9bration de la victoire, une voiture stationn\u00e9e derri\u00e8re la basilique Saint-Epvre a \u00e9t\u00e9 incendi\u00e9e.<\/p>\n<p>Les sapeurs-pompiers de la caserne des Rives de Meurthe ont \u00e9t\u00e9 appel\u00e9s \u00e0 23\u00a0h\u00a009 pour intervenir et \u00e9teindre les flammes qui ont ravag\u00e9 le v\u00e9hicule. La sc\u00e8ne a \u00e9t\u00e9 film\u00e9e par des passants.<\/p>\n","protected":false},"excerpt":{"rendered":"\u00c0 Nancy comme dans d\u2019autres villes, la victoire\u00a0du PSG en finale de la Ligue des champions face \u00e0&hellip;\n","protected":false},"author":2,"featured_media":143938,"comment_status":"","ping_status":"","sticky":false,"template":"","format":"standard","meta":{"footnotes":""},"categories":[9635],"tags":[1111,11,1704,1777,674,274,1011,27,775,1310,3457,1702,1703,12,25],"class_list":{"0":"post-143937","1":"post","2":"type-post","3":"status-publish","4":"format-standard","5":"has-post-thumbnail","7":"category-nancy","8":"tag-actu","9":"tag-actualites","10":"tag-edition-nancy-et-agglomeration","11":"tag-eu","12":"tag-europe","13":"tag-faits-divers-justice","14":"tag-fr","15":"tag-france","16":"tag-grand-est","17":"tag-incendie","18":"tag-meurthe-et-moselle","19":"tag-nancy","20":"tag-nancy-ville-54b","21":"tag-news","22":"tag-republique-francaise"},"share_on_mastodon":{"url":"https:\/\/pubeurope.com\/@fr\/114607923072026185","error":""},"_links":{"self":[{"href":"https:\/\/www.europesays.com\/fr\/wp-json\/wp\/v2\/posts\/143937","targetHints":{"allow":["GET"]}}],"collection":[{"href":"https:\/\/www.europesays.com\/fr\/wp-json\/wp\/v2\/posts"}],"about":[{"href":"https:\/\/www.europesays.com\/fr\/wp-json\/wp\/v2\/types\/post"}],"author":[{"embeddable":true,"href":"https:\/\/www.europesays.com\/fr\/wp-json\/wp\/v2\/users\/2"}],"replies":[{"embeddable":true,"href":"https:\/\/www.europesays.com\/fr\/wp-json\/wp\/v2\/comments?post=143937"}],"version-history":[{"count":0,"href":"https:\/\/www.europesays.com\/fr\/wp-json\/wp\/v2\/posts\/143937\/revisions"}],"wp:featuredmedia":[{"embeddable":true,"href":"https:\/\/www.europesays.com\/fr\/wp-json\/wp\/v2\/media\/143938"}],"wp:attachment":[{"href":"https:\/\/www.europesays.com\/fr\/wp-json\/wp\/v2\/media?parent=143937"}],"wp:term":[{"taxonomy":"category","embeddable":true,"href":"https:\/\/www.europesays.com\/fr\/wp-json\/wp\/v2\/categories?post=143937"},{"taxonomy":"post_tag","embeddable":true,"href":"https:\/\/www.europesays.com\/fr\/wp-json\/wp\/v2\/tags?post=143937"}],"curies":[{"name":"wp","href":"https:\/\/api.w.org\/{rel}","templated":true}]}}