{"id":143940,"date":"2025-06-01T11:42:13","date_gmt":"2025-06-01T11:42:13","guid":{"rendered":"https:\/\/www.europesays.com\/fr\/143940\/"},"modified":"2025-06-01T11:42:13","modified_gmt":"2025-06-01T11:42:13","slug":"les-rochelaises-echouent-en-finale-face-a-toulon-la-montee-leur-echappe-de-peu-angers-info","status":"publish","type":"post","link":"https:\/\/www.europesays.com\/fr\/143940\/","title":{"rendered":"les Rochelaises \u00e9chouent en finale face \u00e0 Toulon, la mont\u00e9e leur \u00e9chappe de peu \u2013 Angers Info"},"content":{"rendered":"<p><img fetchpriority=\"high\" decoding=\"async\" width=\"1024\" height=\"683\" src=\"https:\/\/www.europesays.com\/fr\/wp-content\/uploads\/2025\/06\/rugby-4614610_1280-1024x683.jpg\" alt=\"\" class=\"wp-image-119073\"  \/>Image d\u2019Illustration<\/p>\n<p><strong>Le r\u00eave d\u2019un doubl\u00e9 s\u2019est bris\u00e9 de justesse pour les joueuses du Stade Rochelais. Ce samedi 31 mai 2025 \u00e0 Auch, les championnes de France en titre se sont inclin\u00e9es 14 \u00e0 12 face \u00e0 Toulon en finale d\u2019\u00c9lite 2, manquant \u00e0 la fois la reconqu\u00eate du bouclier et l\u2019accession \u00e0 l\u2019\u00c9lite 1, le plus haut niveau du rugby f\u00e9minin.<\/strong><\/p>\n<p><strong>Un match \u00e0 suspense jusqu\u2019\u00e0 la derni\u00e8re seconde<\/strong><\/p>\n<p>Selon <a href=\"https:\/\/www.francebleu.fr\/sports\/rugby\/battu-en-finale-d-elite-2-par-toulon-le-stade-rochelais-feminin-perd-son-titre-face-a-toulon-2690343#xtor=RSS-147\" target=\"_blank\" rel=\"noopener\">France Bleu,<\/a> la rencontre a bascul\u00e9 dans un sc\u00e9nario frustrant pour les Rochelaises, rapidement men\u00e9es 11-0. Longtemps bouscul\u00e9es, elles ont r\u00e9ussi \u00e0 recoller au score dans le second acte, notamment gr\u00e2ce \u00e0 un carton jaune inflig\u00e9 aux Varoises. Valentine Lothoz a d\u2019abord franchi la ligne \u00e0 la 62e minute, avant que Morgane Forest n\u2019ajoute un deuxi\u00e8me essai \u00e0 la 80e, ramenant les siennes \u00e0 deux points.<\/p>\n<p>Mais la transformation d\u00e9cisive, tent\u00e9e par Iris Renaudin, n\u2019a pas trouv\u00e9 les poteaux. Un \u00e9chec sur le fil qui prive les Poc\u2019ettes d\u2019un deuxi\u00e8me titre cons\u00e9cutif et d\u2019un billet historique pour l\u2019\u00c9lite 1.<\/p>\n<p><strong>Toulon d\u00e9croche son premier titre en \u00c9lite 2<\/strong><\/p>\n<p>C\u2019est donc le Rugby Club Toulonnais f\u00e9minin qui s\u2019adjuge pour la premi\u00e8re fois le bouclier d\u2019\u00c9lite 2. Gr\u00e2ce \u00e0 cette victoire, les Varoises \u00e9volueront la saison prochaine au sein de l\u2019\u00e9lite du rugby f\u00e9minin fran\u00e7ais.<\/p>\n","protected":false},"excerpt":{"rendered":"Image d\u2019Illustration Le r\u00eave d\u2019un doubl\u00e9 s\u2019est bris\u00e9 de justesse pour les joueuses du Stade Rochelais. Ce samedi&hellip;\n","protected":false},"author":2,"featured_media":143941,"comment_status":"","ping_status":"","sticky":false,"template":"","format":"standard","meta":{"footnotes":""},"categories":[9619],"tags":[1111,11,2218,1777,674,1011,27,12,882,25,479,6365,2310],"class_list":{"0":"post-143940","1":"post","2":"type-post","3":"status-publish","4":"format-standard","5":"has-post-thumbnail","7":"category-toulon","8":"tag-actu","9":"tag-actualites","10":"tag-charente-maritime","11":"tag-eu","12":"tag-europe","13":"tag-fr","14":"tag-france","15":"tag-news","16":"tag-provence-alpes-cote-dazur","17":"tag-republique-francaise","18":"tag-rugby","19":"tag-stade-rochelais","20":"tag-toulon"},"share_on_mastodon":{"url":"https:\/\/pubeurope.com\/@fr\/114607931036317206","error":""},"_links":{"self":[{"href":"https:\/\/www.europesays.com\/fr\/wp-json\/wp\/v2\/posts\/143940","targetHints":{"allow":["GET"]}}],"collection":[{"href":"https:\/\/www.europesays.com\/fr\/wp-json\/wp\/v2\/posts"}],"about":[{"href":"https:\/\/www.europesays.com\/fr\/wp-json\/wp\/v2\/types\/post"}],"author":[{"embeddable":true,"href":"https:\/\/www.europesays.com\/fr\/wp-json\/wp\/v2\/users\/2"}],"replies":[{"embeddable":true,"href":"https:\/\/www.europesays.com\/fr\/wp-json\/wp\/v2\/comments?post=143940"}],"version-history":[{"count":0,"href":"https:\/\/www.europesays.com\/fr\/wp-json\/wp\/v2\/posts\/143940\/revisions"}],"wp:featuredmedia":[{"embeddable":true,"href":"https:\/\/www.europesays.com\/fr\/wp-json\/wp\/v2\/media\/143941"}],"wp:attachment":[{"href":"https:\/\/www.europesays.com\/fr\/wp-json\/wp\/v2\/media?parent=143940"}],"wp:term":[{"taxonomy":"category","embeddable":true,"href":"https:\/\/www.europesays.com\/fr\/wp-json\/wp\/v2\/categories?post=143940"},{"taxonomy":"post_tag","embeddable":true,"href":"https:\/\/www.europesays.com\/fr\/wp-json\/wp\/v2\/tags?post=143940"}],"curies":[{"name":"wp","href":"https:\/\/api.w.org\/{rel}","templated":true}]}}