{"id":143954,"date":"2025-06-01T11:50:11","date_gmt":"2025-06-01T11:50:11","guid":{"rendered":"https:\/\/www.europesays.com\/fr\/143954\/"},"modified":"2025-06-01T11:50:11","modified_gmt":"2025-06-01T11:50:11","slug":"incendie-dans-une-brocante-50-pompiers-mobilises","status":"publish","type":"post","link":"https:\/\/www.europesays.com\/fr\/143954\/","title":{"rendered":"Incendie dans une brocante, 50 pompiers mobilis\u00e9s"},"content":{"rendered":"<p><strong>accident &#8211; Samedi soir peu avant minuit un feu s\u2019est d\u00e9clar\u00e9 dans une brocante, pr\u00e8s de Rennes. Il n\u2019y a pas de bless\u00e9 mais une cinquantaine de pompiers sont encore en action ce dimanche matin pour ma\u00eetriser l\u2019incendie<\/strong><\/p>\n<p>Ce samedi peu avant minuit, un <a href=\"https:\/\/www.20minutes.fr\/dossier\/incendie?at_medium=RSS%20feed&amp;at_campaign=ynews&amp;utm_source=yahoo&amp;utm_medium=rss&amp;utm_campaign=news_feed&amp;utm_content=in_article_link\" rel=\"nofollow noopener\" target=\"_blank\" data-ylk=\"slk:incendie;elm:context_link;itc:0;sec:content-canvas\" class=\"link \">incendie <\/a>s\u2019est d\u00e9clar\u00e9 dans une brocante situ\u00e9e au lieu-dit La Brohini\u00e8re, \u00e0 Montauban-de-Bretagne, pr\u00e8s de <a href=\"https:\/\/www.20minutes.fr\/rennes\/?at_medium=RSS%20feed&amp;at_campaign=ynews&amp;utm_source=yahoo&amp;utm_medium=rss&amp;utm_campaign=news_feed&amp;utm_content=in_article_link\" rel=\"nofollow noopener\" target=\"_blank\" data-ylk=\"slk:Rennes;elm:context_link;itc:0;sec:content-canvas\" class=\"link \">Rennes<\/a>, rapporte <a href=\"https:\/\/www.ouest-france.fr\/faits-divers\/incendie\/un-spectaculaire-incendie-ravage-une-brocante-pres-de-rennes-90-pompiers-mobilises-bebe065c-3e81-11f0-9838-46aa9b466e5f?at_medium=RSS%20feed&amp;at_campaign=ynews&amp;utm_source=yahoo&amp;utm_medium=rss&amp;utm_campaign=news_feed&amp;utm_content=in_article_link\" rel=\"nofollow noopener\" target=\"_blank\" data-ylk=\"slk:Ouest-France;elm:context_link;itc:0;sec:content-canvas\" class=\"link \">Ouest-France<\/a>. Le feu est attis\u00e9 par une importante quantit\u00e9 de meubles stock\u00e9s dans les locaux et des bouteilles de gaz, pr\u00e9sentes dans le logement du propri\u00e9taire, qui jouxte la brocante.<\/p>\n<p>Un d\u00e9part de feu accidentel<\/p>\n<p>Jusqu\u2019\u00e0 90 pompiers ont \u00e9t\u00e9 mobilis\u00e9s et 50 sont encore pr\u00e9sents sur place ce dimanche matin. Aucun bless\u00e9 n\u2019est \u00e0 d\u00e9plorer. Quatre maisons proches des entrep\u00f4ts de la brocante ont \u00e9t\u00e9 \u00e9vacu\u00e9es par pr\u00e9caution.<\/p>\n<p>PUBLICIT\u00c9<\/p>\n<p>Ce serait un proche du propri\u00e9taire qui aurait d\u00e9clench\u00e9 accidentellement l\u2019incendie en br\u00fblant des cartons dans un bidon.<\/p>\n<p><a href=\"https:\/\/www.20minutes.fr\/faits_divers\/4156290-20250601-rennes-incendie-brocante-50-pompiers-mobilises?at_medium=RSS%20feed&amp;at_campaign=ynews&amp;utm_source=yahoo&amp;utm_medium=rss&amp;utm_campaign=news_feed&amp;utm_content=read_more_link&quot;\" rel=\"nofollow noopener\" target=\"_blank\" data-ylk=\"slk:Lire la suite sur 20minutes;elm:context_link;itc:0;sec:content-canvas\" class=\"link \">Lire la suite sur 20minutes<\/a><\/p>\n<p>\u00c0 lire aussi :<br \/><a href=\"https:\/\/www.20minutes.fr\/planete\/4142904-20250311-dune-pilat-arret-travaux-urgence-pyla-camping-raison-risque-atteinte-irreversible-site?at_medium=RSS%20feed&amp;at_campaign=ynews&amp;utm_source=yahoo&amp;utm_medium=rss&amp;utm_campaign=news_feed&amp;utm_content=related_content_link\" rel=\"nofollow noopener\" target=\"_blank\" data-ylk=\"slk:Dune du Pilat\u00a0: Arr\u00eat des travaux en urgence du Pyla Camping en raison d\u2019un \u00ab\u00a0risque d\u2019atteinte irr\u00e9versible\u00a0\u00bb au site;elm:context_link;itc:0;sec:content-canvas\" class=\"link \">Dune du Pilat\u00a0: Arr\u00eat des travaux en urgence du Pyla Camping en raison d\u2019un \u00ab\u00a0risque d\u2019atteinte irr\u00e9versible\u00a0\u00bb au site<\/a><br \/><a href=\"https:\/\/www.20minutes.fr\/economie\/4155491-20250526-carambar-conseils-sapeurs-pompiers-viennent-remplacer-certaines-blagues?at_medium=RSS%20feed&amp;at_campaign=ynews&amp;utm_source=yahoo&amp;utm_medium=rss&amp;utm_campaign=news_feed&amp;utm_content=related_content_link\" rel=\"nofollow noopener\" target=\"_blank\" data-ylk=\"slk:Carambar\u00a0: Des conseils de sapeurs-pompiers viennent remplacer certaines blagues;elm:context_link;itc:0;sec:content-canvas\" class=\"link \">Carambar\u00a0: Des conseils de sapeurs-pompiers viennent remplacer certaines blagues<\/a><\/p>\n","protected":false},"excerpt":{"rendered":"accident &#8211; Samedi soir peu avant minuit un feu s\u2019est d\u00e9clar\u00e9 dans une brocante, pr\u00e8s de Rennes. Il&hellip;\n","protected":false},"author":2,"featured_media":143955,"comment_status":"","ping_status":"","sticky":false,"template":"","format":"standard","meta":{"footnotes":""},"categories":[2821],"tags":[1111,11,27230,829,6961,1777,674,1011,27,5022,12,584,25],"class_list":{"0":"post-143954","1":"post","2":"type-post","3":"status-publish","4":"format-standard","5":"has-post-thumbnail","7":"category-rennes","8":"tag-actu","9":"tag-actualites","10":"tag-bouteilles-de-gaz","11":"tag-bretagne","12":"tag-brocante","13":"tag-eu","14":"tag-europe","15":"tag-fr","16":"tag-france","17":"tag-lincendie","18":"tag-news","19":"tag-rennes","20":"tag-republique-francaise"},"share_on_mastodon":{"url":"https:\/\/pubeurope.com\/@fr\/114607962374339115","error":""},"_links":{"self":[{"href":"https:\/\/www.europesays.com\/fr\/wp-json\/wp\/v2\/posts\/143954","targetHints":{"allow":["GET"]}}],"collection":[{"href":"https:\/\/www.europesays.com\/fr\/wp-json\/wp\/v2\/posts"}],"about":[{"href":"https:\/\/www.europesays.com\/fr\/wp-json\/wp\/v2\/types\/post"}],"author":[{"embeddable":true,"href":"https:\/\/www.europesays.com\/fr\/wp-json\/wp\/v2\/users\/2"}],"replies":[{"embeddable":true,"href":"https:\/\/www.europesays.com\/fr\/wp-json\/wp\/v2\/comments?post=143954"}],"version-history":[{"count":0,"href":"https:\/\/www.europesays.com\/fr\/wp-json\/wp\/v2\/posts\/143954\/revisions"}],"wp:featuredmedia":[{"embeddable":true,"href":"https:\/\/www.europesays.com\/fr\/wp-json\/wp\/v2\/media\/143955"}],"wp:attachment":[{"href":"https:\/\/www.europesays.com\/fr\/wp-json\/wp\/v2\/media?parent=143954"}],"wp:term":[{"taxonomy":"category","embeddable":true,"href":"https:\/\/www.europesays.com\/fr\/wp-json\/wp\/v2\/categories?post=143954"},{"taxonomy":"post_tag","embeddable":true,"href":"https:\/\/www.europesays.com\/fr\/wp-json\/wp\/v2\/tags?post=143954"}],"curies":[{"name":"wp","href":"https:\/\/api.w.org\/{rel}","templated":true}]}}