{"id":143958,"date":"2025-06-01T11:52:14","date_gmt":"2025-06-01T11:52:14","guid":{"rendered":"https:\/\/www.europesays.com\/fr\/143958\/"},"modified":"2025-06-01T11:52:14","modified_gmt":"2025-06-01T11:52:14","slug":"ce-serait-un-reve-de-jouer-contre-le-racing","status":"publish","type":"post","link":"https:\/\/www.europesays.com\/fr\/143958\/","title":{"rendered":"\u00ab\u200aCe serait un r\u00eave de jouer contre le Racing\u200a\u00bb"},"content":{"rendered":"<p>Matz Sels a beau avoir quitt\u00e9 le Racing fin janvier\u00a02024, il a v\u00e9cu un destin parall\u00e8le \u00e0 Nottingham. Comme les Strasbourgeois, <a href=\"https:\/\/www.dna.fr\/sport\/2024\/06\/14\/matz-sels-j-ai-tout-donne-pour-le-racing\" target=\"_blank\" rel=\"noopener\">il a d\u2019abord lutt\u00e9 pour le maintien, il y a un an<\/a>, au printemps, avant d\u2019\u00eatre la r\u00e9v\u00e9lation du championnat la saison suivante. Et comme les Alsaciens, il a vu la Ligue des champions lui filer entre les crampons dans la derni\u00e8re ligne droite en mai.<\/p>\n<p>Une victoire contre Chelsea, qui partage avec BlueCo le m\u00eame actionnaire que le\u2026 Racing, aurait permis aux autres Reds  de terminer dans le top 4 de la Premier League. Mais c\u2019est une d\u00e9faite qui a sanctionn\u00e9 leur dernier match de la saison et les a envoy\u00e9s en Ligue Conf\u00e9rence. Comme qui vous savez.<\/p>\n<p>Le boxing day  comme r\u00e9v\u00e9lateur<\/p>\n<p>\u00ab\u00a0Toute la saison, on a jou\u00e9 le top cinq, alors finir septi\u00e8me, c\u2019est forc\u00e9ment une petite d\u00e9ception,&#8230;<\/p>\n","protected":false},"excerpt":{"rendered":"Matz Sels a beau avoir quitt\u00e9 le Racing fin janvier\u00a02024, il a v\u00e9cu un destin parall\u00e8le \u00e0 Nottingham.&hellip;\n","protected":false},"author":2,"featured_media":143959,"comment_status":"","ping_status":"","sticky":false,"template":"","format":"standard","meta":{"footnotes":""},"categories":[2820],"tags":[1111,11,2880,1777,674,107,63,1011,27,775,3035,12,9371,25,4604,517,640],"class_list":{"0":"post-143958","1":"post","2":"type-post","3":"status-publish","4":"format-standard","5":"has-post-thumbnail","7":"category-strasbourg","8":"tag-actu","9":"tag-actualites","10":"tag-edition-strasbourg","11":"tag-eu","12":"tag-europe","13":"tag-fil-info","14":"tag-football","15":"tag-fr","16":"tag-france","17":"tag-grand-est","18":"tag-la-matinale-strasbourg","19":"tag-news","20":"tag-rcsa-racing-club-strasbourg","21":"tag-republique-francaise","22":"tag-selection-abonne","23":"tag-sport","24":"tag-strasbourg"},"share_on_mastodon":{"url":"https:\/\/pubeurope.com\/@fr\/114607970334904296","error":""},"_links":{"self":[{"href":"https:\/\/www.europesays.com\/fr\/wp-json\/wp\/v2\/posts\/143958","targetHints":{"allow":["GET"]}}],"collection":[{"href":"https:\/\/www.europesays.com\/fr\/wp-json\/wp\/v2\/posts"}],"about":[{"href":"https:\/\/www.europesays.com\/fr\/wp-json\/wp\/v2\/types\/post"}],"author":[{"embeddable":true,"href":"https:\/\/www.europesays.com\/fr\/wp-json\/wp\/v2\/users\/2"}],"replies":[{"embeddable":true,"href":"https:\/\/www.europesays.com\/fr\/wp-json\/wp\/v2\/comments?post=143958"}],"version-history":[{"count":0,"href":"https:\/\/www.europesays.com\/fr\/wp-json\/wp\/v2\/posts\/143958\/revisions"}],"wp:featuredmedia":[{"embeddable":true,"href":"https:\/\/www.europesays.com\/fr\/wp-json\/wp\/v2\/media\/143959"}],"wp:attachment":[{"href":"https:\/\/www.europesays.com\/fr\/wp-json\/wp\/v2\/media?parent=143958"}],"wp:term":[{"taxonomy":"category","embeddable":true,"href":"https:\/\/www.europesays.com\/fr\/wp-json\/wp\/v2\/categories?post=143958"},{"taxonomy":"post_tag","embeddable":true,"href":"https:\/\/www.europesays.com\/fr\/wp-json\/wp\/v2\/tags?post=143958"}],"curies":[{"name":"wp","href":"https:\/\/api.w.org\/{rel}","templated":true}]}}