{"id":143960,"date":"2025-06-01T11:53:13","date_gmt":"2025-06-01T11:53:13","guid":{"rendered":"https:\/\/www.europesays.com\/fr\/143960\/"},"modified":"2025-06-01T11:53:13","modified_gmt":"2025-06-01T11:53:13","slug":"cest-quoi-cette-spectaculaire-lumiere-bleue-qui-clignote-la-nuit-au-port-de-nice","status":"publish","type":"post","link":"https:\/\/www.europesays.com\/fr\/143960\/","title":{"rendered":"C&rsquo;est quoi cette spectaculaire lumi\u00e8re bleue qui clignote la nuit au port de Nice\u00a0?"},"content":{"rendered":"<p>            Par<br \/>\n        <strong><br \/>\n            <a href=\"https:\/\/actu.fr\/auteur\/manon-reinhardt\" title=\"Consulter tous les articles de Manon Reinhardt\" rel=\"nofollow noopener\" target=\"_blank\">Manon Reinhardt<\/a><br \/>\n        <\/strong><\/p>\n<p>        Publi\u00e9 le<\/p>\n<p>            1 juin 2025 \u00e0 8h16        <\/p>\n<p>Elle vous a sans doute intrigu\u00e9\u2026 Nous aussi\u2009! Depuis d\u00e9but mai, une immense lumi\u00e8re bleue s\u2019active de temps \u00e0 autre en soir\u00e9e sur toute la digue du port de <a href=\"https:\/\/actu.fr\/provence-alpes-cote-d-azur\/nice_06088\" rel=\"nofollow noopener\" target=\"_blank\">Nice<\/a> (<a href=\"https:\/\/actu.fr\/provence-alpes-cote-d-azur\/alpes-maritimes_06\" rel=\"nofollow noopener\" target=\"_blank\">Alpes-Maritimes<\/a>). Elle est visible depuis l\u2019a\u00e9roport et m\u00eame depuis les collines si vous b\u00e9n\u00e9ficiez d\u2019une vue sur la mer.<\/p>\n<p class=\" wall-content\">Mais quelle est-elle exactement et pourquoi s\u2019allume-t-elle d\u2019un coup\u2009? L\u2019explication va vous \u00e9tonner.<\/p>\n<p>Une \u0153uvre en marge de l\u2019UNOC<\/p>\n<p class=\" wall-content\">Elle clignote sur 200\u00a0m\u00e8tres, d\u2019une lumi\u00e8re bleue \u00e9tincelante. On ne peut que difficilement la louper lorsqu\u2019elle s\u2019allume la nuit sur la digue du port de Nice. Mais qu\u2019est-ce que c\u2019est\u2009?<\/p>\n<p class=\" wall-content\">Cette immense ligne de led n\u2019est autre <strong>qu\u2019une \u0153uvre baptis\u00e9e \u00ab\u2009C\u00e9tac\u00e9a\u2009\u00bb,<\/strong> imagin\u00e9e dans le cadre de la Biennale des arts sur l\u2019oc\u00e9an, <a href=\"https:\/\/actu.fr\/dossier\/sommet-des-oceans-a-nice-tout-ce-qu-il-faut-savoir-sur-la-conference-de-l-onu_62542007.html\" rel=\"nofollow noopener\" target=\"_blank\">en marge du Sommet des oc\u00e9ans (UNOC)<\/a> qui se d\u00e9roulera du 9 au 13\u00a0juin prochain.<\/p>\n<p class=\" wall-content\">Derri\u00e8re elle, des mois de travail et un artiste\u2009: Emmanuel R\u00e9gent. \u00ab\u2009Il s\u2019agit d\u2019une lumi\u00e8re de led bleue qui renvoie la lumi\u00e8re sur le mur de la digue du port. C\u2019est ce que j\u2019appelle la ligne d\u2019horizon. Pour moi, c\u2019\u00e9tait le dessin le plus minimaliste et simple\u2009\u00bb, explique-t-il, interrog\u00e9 par actu Nice.<\/p>\n<p>Vid\u00e9os : en ce moment sur Actu<\/p>\n<p class=\" wall-content\"><a href=\"https:\/\/www.instagram.com\/p\/DJ1IvyiILQF\/embed\" title=\"Ouvrir le lien sur Instagram\" rel=\"nofollow noopener\" target=\"_blank\">Visualiser le contenu sur Instagram<\/a><\/p>\n<p>Elle s\u2019allume \u00e0 chaque passage d\u2019un c\u00e9tac\u00e9<\/p>\n<p class=\" wall-content\">Et elle ne s\u2019allume pas toute la nuit, seulement quelques minutes. Son syst\u00e8me est bien rod\u00e9, voire spectaculaire. \u00ab\u2009Elle s\u2019enclenche rarement, <strong>de mani\u00e8re al\u00e9atoire<\/strong>, durant 5\u00a0minutes au passage d\u2019un c\u00e9tac\u00e9 au large de Nice.\u2009\u00bb<\/p>\n<p class=\" wall-content\">Mais comment cela est-il possible exactement\u2009? \u00ab\u2009Elle est reli\u00e9e \u00e0 un syst\u00e8me scientifique d\u00e9j\u00e0 existant qui s\u2019appelle <a href=\"https:\/\/www.repcet.com\/\" rel=\"nofollow noopener\" target=\"_blank\">Repcet<\/a>. Il capte<strong> la pr\u00e9sence des c\u00e9tac\u00e9s<\/strong> \u00e0 travers des navires partenaires. Cela a \u00e9t\u00e9 con\u00e7u, \u00e0 la base pour \u00e9viter la collision avec les bateaux.\u2009\u00bb<\/p>\n<p class=\" wall-content\">Si l\u2019artiste avait d\u2019abord pens\u00e9 \u00e0 installer une balise, l\u2019id\u00e9e a \u00e9t\u00e9 balay\u00e9e, car trop complexe. Il a donc collabor\u00e9 avec une \u00e9quipe de scientifiques pour adapter le syst\u00e8me Repcet \u00e0 son \u0153uvre.<\/p>\n<p>\u00ab\u2009Montrer au public l\u2019invisible de ce monde\u2009\u00bb<\/p>\n<p class=\" wall-content\">Lorsque la lumi\u00e8re se d\u00e9clenche, elle est accompagn\u00e9e d\u2019une \u00ab\u2009sorte de gonflement qui reprend le souffle et le battement de c\u0153ur des baleines lorsqu\u2019elles sont sous l\u2019eau\u2009\u00bb.<\/p>\n<p>    <img   decoding=\"async\" loading=\"lazy\" src=\"https:\/\/www.europesays.com\/fr\/wp-content\/uploads\/2025\/06\/cetacea-nice-3-960x640.jpg\" alt=\"La ligne lumineuse est install\u00e9e sur 200 m\u00e8tres de long.\" width=\"960\" height=\"640\"\/><br \/>\n    La ligne lumineuse est install\u00e9e sur 200\u00a0m\u00e8tres de long. (\u00a9Ville de Nice)<\/p>\n<p class=\" wall-content\">\u00c0 travers cette invention, Emmanuel R\u00e9gent souhaite faire passer un message\u2009: \u00ab\u2009Le plus important c\u2019est de montrer aux Ni\u00e7ois et au public l\u2019invisible de ce monde sous-marin qui nous parait finalement si loin, de rappeler qu\u2019on a tous <strong>un r\u00f4le \u00e0 jouer<\/strong> dans la pr\u00e9servation de ces animaux\u2009\u00bb.<\/p>\n<p>Entre 3 et 8 signalements par jour<\/p>\n<p class=\" wall-content\">Combien de fois s\u2019allume-t-elle en moyenne\u2009? \u00ab\u2009On ne sait jamais quand elle s\u2019active mais on a entre 3 et 8 signalements par jour en ce moment, ce qui est quand m\u00eame beaucoup\u2009\u00bb, pr\u00e9cise l\u2019artiste.<\/p>\n<p class=\" wall-content\">S\u2019il aime cultiver le myst\u00e8re autour de C\u00e9tac\u00e9a, Emmanuel Regent l\u2019a d\u00e9crit comme une \u0153uvre \u00ab\u2009qui se donne \u00e0 voir de mani\u00e8re impr\u00e9visible\u2009\u00bb. Elle restera sur la digue du port <strong>jusqu\u2019au 29\u00a0septembre<\/strong>.<\/p>\n<p class=\" wall-content\">Suivez toute l\u2019actualit\u00e9 de vos villes et m\u00e9dias favoris en vous inscrivant \u00e0 <a href=\"https:\/\/moncompte.actu.fr\" title=\"D\u00e9couvez Mon Actu\" rel=\"nofollow noopener\" data-trk=\"{&quot;cta&quot;:{&quot;action&quot;:&quot;https:\\\/\\\/moncompte.actu.fr&quot;,&quot;category&quot;:&quot;mon compte&quot;,&quot;from&quot;:&quot;article footer&quot;,&quot;name&quot;:&quot;Mon actu&quot;,&quot;type&quot;:&quot;cta&quot;}}\" target=\"_blank\">Mon Actu<\/a>.<\/p>\n<p>                    <script async src=\"\/\/www.instagram.com\/embed.js\"><\/script><\/p>\n","protected":false},"excerpt":{"rendered":"Par Manon Reinhardt Publi\u00e9 le 1 juin 2025 \u00e0 8h16 Elle vous a sans doute intrigu\u00e9\u2026 Nous aussi\u2009!&hellip;\n","protected":false},"author":2,"featured_media":143961,"comment_status":"","ping_status":"","sticky":false,"template":"","format":"standard","meta":{"footnotes":""},"categories":[2819],"tags":[1111,11,1130,1777,674,1011,27,12,2401,52,882,25],"class_list":{"0":"post-143960","1":"post","2":"type-post","3":"status-publish","4":"format-standard","5":"has-post-thumbnail","7":"category-nice","8":"tag-actu","9":"tag-actualites","10":"tag-biodiversite","11":"tag-eu","12":"tag-europe","13":"tag-fr","14":"tag-france","15":"tag-news","16":"tag-nice","17":"tag-planete","18":"tag-provence-alpes-cote-dazur","19":"tag-republique-francaise"},"share_on_mastodon":{"url":"https:\/\/pubeurope.com\/@fr\/114607974196417493","error":""},"_links":{"self":[{"href":"https:\/\/www.europesays.com\/fr\/wp-json\/wp\/v2\/posts\/143960","targetHints":{"allow":["GET"]}}],"collection":[{"href":"https:\/\/www.europesays.com\/fr\/wp-json\/wp\/v2\/posts"}],"about":[{"href":"https:\/\/www.europesays.com\/fr\/wp-json\/wp\/v2\/types\/post"}],"author":[{"embeddable":true,"href":"https:\/\/www.europesays.com\/fr\/wp-json\/wp\/v2\/users\/2"}],"replies":[{"embeddable":true,"href":"https:\/\/www.europesays.com\/fr\/wp-json\/wp\/v2\/comments?post=143960"}],"version-history":[{"count":0,"href":"https:\/\/www.europesays.com\/fr\/wp-json\/wp\/v2\/posts\/143960\/revisions"}],"wp:featuredmedia":[{"embeddable":true,"href":"https:\/\/www.europesays.com\/fr\/wp-json\/wp\/v2\/media\/143961"}],"wp:attachment":[{"href":"https:\/\/www.europesays.com\/fr\/wp-json\/wp\/v2\/media?parent=143960"}],"wp:term":[{"taxonomy":"category","embeddable":true,"href":"https:\/\/www.europesays.com\/fr\/wp-json\/wp\/v2\/categories?post=143960"},{"taxonomy":"post_tag","embeddable":true,"href":"https:\/\/www.europesays.com\/fr\/wp-json\/wp\/v2\/tags?post=143960"}],"curies":[{"name":"wp","href":"https:\/\/api.w.org\/{rel}","templated":true}]}}