{"id":143964,"date":"2025-06-01T11:55:15","date_gmt":"2025-06-01T11:55:15","guid":{"rendered":"https:\/\/www.europesays.com\/fr\/143964\/"},"modified":"2025-06-01T11:55:15","modified_gmt":"2025-06-01T11:55:15","slug":"lagenda-des-meilleurs-evenements-de-bretagne-a-ne-pas-manquer-en-juin","status":"publish","type":"post","link":"https:\/\/www.europesays.com\/fr\/143964\/","title":{"rendered":"L\u2019agenda des meilleurs \u00e9v\u00e9nements de Bretagne \u00e0 ne pas manquer en juin"},"content":{"rendered":"<p>\u00c0 Nantes, Monterfil ou encore Saint-Malo, d\u00e9couvrez les \u00e9v\u00e9nements festifs qui animeront le mois de juin.<\/p>\n<p>L\u2019Homme et la mer<\/p>\n<p>Le Guilvinec (29), du 1er\u00a0juin au 31\u00a0octobre<\/p>\n<p>Les quais et les places du port bigouden du Guilvinec se transforment en mus\u00e9e \u00e0 ciel ouvert en accueillant plus de 300\u00a0photographies immortalisant le monde maritime, cette \u00e9dition mettant \u00e0 l\u2019honneur \u00ab\u00a0Les &#8230;<\/p>\n<p>\u00a0<\/p>\n","protected":false},"excerpt":{"rendered":"\u00c0 Nantes, Monterfil ou encore Saint-Malo, d\u00e9couvrez les \u00e9v\u00e9nements festifs qui animeront le mois de juin. L\u2019Homme et&hellip;\n","protected":false},"author":2,"featured_media":143965,"comment_status":"","ping_status":"","sticky":false,"template":"","format":"standard","meta":{"footnotes":""},"categories":[2818],"tags":[1111,11,4763,829,1777,674,3696,1011,27,3687,14342,9340,766,12,2636,25],"class_list":{"0":"post-143964","1":"post","2":"type-post","3":"status-publish","4":"format-standard","5":"has-post-thumbnail","7":"category-nantes","8":"tag-actu","9":"tag-actualites","10":"tag-agenda","11":"tag-bretagne","12":"tag-eu","13":"tag-europe","14":"tag-evenements","15":"tag-fr","16":"tag-france","17":"tag-juin","18":"tag-manquer","19":"tag-meilleurs","20":"tag-nantes","21":"tag-news","22":"tag-pays-de-la-loire","23":"tag-republique-francaise"},"share_on_mastodon":{"url":"https:\/\/pubeurope.com\/@fr\/114607982039936225","error":""},"_links":{"self":[{"href":"https:\/\/www.europesays.com\/fr\/wp-json\/wp\/v2\/posts\/143964","targetHints":{"allow":["GET"]}}],"collection":[{"href":"https:\/\/www.europesays.com\/fr\/wp-json\/wp\/v2\/posts"}],"about":[{"href":"https:\/\/www.europesays.com\/fr\/wp-json\/wp\/v2\/types\/post"}],"author":[{"embeddable":true,"href":"https:\/\/www.europesays.com\/fr\/wp-json\/wp\/v2\/users\/2"}],"replies":[{"embeddable":true,"href":"https:\/\/www.europesays.com\/fr\/wp-json\/wp\/v2\/comments?post=143964"}],"version-history":[{"count":0,"href":"https:\/\/www.europesays.com\/fr\/wp-json\/wp\/v2\/posts\/143964\/revisions"}],"wp:featuredmedia":[{"embeddable":true,"href":"https:\/\/www.europesays.com\/fr\/wp-json\/wp\/v2\/media\/143965"}],"wp:attachment":[{"href":"https:\/\/www.europesays.com\/fr\/wp-json\/wp\/v2\/media?parent=143964"}],"wp:term":[{"taxonomy":"category","embeddable":true,"href":"https:\/\/www.europesays.com\/fr\/wp-json\/wp\/v2\/categories?post=143964"},{"taxonomy":"post_tag","embeddable":true,"href":"https:\/\/www.europesays.com\/fr\/wp-json\/wp\/v2\/tags?post=143964"}],"curies":[{"name":"wp","href":"https:\/\/api.w.org\/{rel}","templated":true}]}}