{"id":143982,"date":"2025-06-01T12:04:09","date_gmt":"2025-06-01T12:04:09","guid":{"rendered":"https:\/\/www.europesays.com\/fr\/143982\/"},"modified":"2025-06-01T12:04:09","modified_gmt":"2025-06-01T12:04:09","slug":"a-marseille-le-jiu-jitsu-bresilien-prend-un-peu-plus-racine-aux-olives","status":"publish","type":"post","link":"https:\/\/www.europesays.com\/fr\/143982\/","title":{"rendered":"\u00c0 Marseille, le jiu-jitsu br\u00e9silien prend un peu plus racine aux Olives"},"content":{"rendered":"<p>Dans leur temple, les claquements de kimonos r\u00e9sonnent sur un fond de bossa nova. Ceintures nou\u00e9es \u00e0 la taille, enfants et adultes se d\u00e9placent pieds nus sur les tatamis, concentr\u00e9s, dans une ambiance vibrante et chaleureuse. On se salue, on rigole ensemble, puis on s&rsquo;immerge dans la technique : chaque cl\u00e9, chaque renversement, chaque transition est r\u00e9p\u00e9t\u00e9 afin d&rsquo;aller plus vite vers la soumission.C&rsquo;est dans ce d\u00e9cor br\u00e9silien qu&rsquo;a ouvert la nouvelle acad\u00e9mie Gracie Barra du quartier des Olives, la troisi\u00e8me \u00e0 Marseille apr\u00e8s La Castellane et Sainte-Marguerite. \u00c0 sa t\u00eate, Venino Jr, ancien athl\u00e8te professionnel, d\u00e9barqu\u00e9 du en France en 2020.<\/p>\n<p>Un art martial pour tous les profils<\/p>\n<p>\u00ab\u00a0\u00c0 force de s&rsquo;entra\u00eener, enseigner devient une suite logique. Marseille, c&rsquo;est chez moi maintenant. Il y a l&rsquo;ambiance du Br\u00e9sil, les gens sont vrais, il y a cette \u00e9nergie qui m&rsquo;est famili\u00e8re.\u00a0\u00bb Form\u00e9 dans l&rsquo;\u00e9cole l\u00e9gendaire Gracie Barra, fond\u00e9e \u00e0 Rio en 1985 et aujourd&rsquo;hui forte de plus de 1 200 acad\u00e9mies \u00e0 travers le monde, Venino JR d\u00e9couvre le jiu-jitsu \u00e0 16 ans, maintenant, il le transmet. \u00ab\u00a0L\u00e0-bas, au Br\u00e9sil, soit tu te bats, soit tu tombes dans les mauvais chemins. Ce sport, comme le foot, peut vraiment t&rsquo;ouvrir une vie.\u00a0\u00bb<\/p>\n","protected":false},"excerpt":{"rendered":"Dans leur temple, les claquements de kimonos r\u00e9sonnent sur un fond de bossa nova. Ceintures nou\u00e9es \u00e0 la&hellip;\n","protected":false},"author":2,"featured_media":143983,"comment_status":"","ping_status":"","sticky":false,"template":"","format":"standard","meta":{"footnotes":""},"categories":[2814],"tags":[17,1111,11,1348,22669,1777,674,1011,27,27232,884,27231,12,27233,6020,882,25,60],"class_list":{"0":"post-143982","1":"post","2":"type-post","3":"status-publish","4":"format-standard","5":"has-post-thumbnail","7":"category-marseille","8":"tag-17","9":"tag-actu","10":"tag-actualites","11":"tag-arts","12":"tag-bresilien","13":"tag-eu","14":"tag-europe","15":"tag-fr","16":"tag-france","17":"tag-jiu-jitsu","18":"tag-marseille","19":"tag-martiaux","20":"tag-news","21":"tag-peu","22":"tag-prend","23":"tag-provence-alpes-cote-dazur","24":"tag-republique-francaise","25":"tag-sports"},"share_on_mastodon":{"url":"https:\/\/pubeurope.com\/@fr\/114608017501331307","error":""},"_links":{"self":[{"href":"https:\/\/www.europesays.com\/fr\/wp-json\/wp\/v2\/posts\/143982","targetHints":{"allow":["GET"]}}],"collection":[{"href":"https:\/\/www.europesays.com\/fr\/wp-json\/wp\/v2\/posts"}],"about":[{"href":"https:\/\/www.europesays.com\/fr\/wp-json\/wp\/v2\/types\/post"}],"author":[{"embeddable":true,"href":"https:\/\/www.europesays.com\/fr\/wp-json\/wp\/v2\/users\/2"}],"replies":[{"embeddable":true,"href":"https:\/\/www.europesays.com\/fr\/wp-json\/wp\/v2\/comments?post=143982"}],"version-history":[{"count":0,"href":"https:\/\/www.europesays.com\/fr\/wp-json\/wp\/v2\/posts\/143982\/revisions"}],"wp:featuredmedia":[{"embeddable":true,"href":"https:\/\/www.europesays.com\/fr\/wp-json\/wp\/v2\/media\/143983"}],"wp:attachment":[{"href":"https:\/\/www.europesays.com\/fr\/wp-json\/wp\/v2\/media?parent=143982"}],"wp:term":[{"taxonomy":"category","embeddable":true,"href":"https:\/\/www.europesays.com\/fr\/wp-json\/wp\/v2\/categories?post=143982"},{"taxonomy":"post_tag","embeddable":true,"href":"https:\/\/www.europesays.com\/fr\/wp-json\/wp\/v2\/tags?post=143982"}],"curies":[{"name":"wp","href":"https:\/\/api.w.org\/{rel}","templated":true}]}}