{"id":143984,"date":"2025-06-01T12:05:11","date_gmt":"2025-06-01T12:05:11","guid":{"rendered":"https:\/\/www.europesays.com\/fr\/143984\/"},"modified":"2025-06-01T12:05:11","modified_gmt":"2025-06-01T12:05:11","slug":"des-actes-dune-extreme-gravite","status":"publish","type":"post","link":"https:\/\/www.europesays.com\/fr\/143984\/","title":{"rendered":"\u00abDes actes d&rsquo;une extr\u00eame gravit\u00e9\u00bb"},"content":{"rendered":"<p class=\"insetTitle\">\u00ab Face \u00e0 la haine, nous ne c\u00e9derons rien \u00bb<\/p>\n<p><a href=\"https:\/\/www.leprogres.fr\/politique\/2022\/04\/15\/qui-est-mohamed-chihi-le-discret-monsieur-securite-de-lyon\" target=\"_blank\" rel=\"nofollow noopener\">Mohamed Chihi<\/a>, adjoint \u00e9cologiste \u00e0 la tranquillit\u00e9, s\u00fbret\u00e9 et s\u00e9curit\u00e9 du maire de Lyon a r\u00e9agi ce dimanche matin.<\/p>\n<p>\u00ab\u00a0Les d\u00e9gradations perp\u00e9tr\u00e9es dans l\u2019\u00e9cole Nov\u00e9-Josserand sont d\u2019une extr\u00eame gravit\u00e9. Tags antis\u00e9mites, croix gamm\u00e9es, tentative d\u2019incendie : ces actes visent notre \u00e9cole, donc notre R\u00e9publique. S\u2019en prendre \u00e0 un lieu d\u2019\u00e9ducation, c\u2019est s\u2019en prendre \u00e0 ce que notre soci\u00e9t\u00e9 a de plus pr\u00e9cieux : ses enfants, ses enseignants, ses valeurs\u00a0\u00bb, d\u00e9clare l&rsquo;\u00e9lu dans un communiqu\u00e9 transmis au Progr\u00e8s.<\/p>\n<p>La Ville condamne \u00ab\u00a0avec la plus grande fermet\u00e9 ces agissements\u00a0\u00bb et annonce un d\u00e9p\u00f4t de plainte.<\/p>\n<p>\u00ab\u00a0Les salles endommag\u00e9es seront remises en \u00e9tat rapidement afin de pouvoir accueillir les \u00e9l\u00e8ves d\u00e8s lundi\u00a0\u00bb, indique l&rsquo;adjoint de <a href=\"https:\/\/www.leprogres.fr\/p\/gregory-doucet\" target=\"_blank\" rel=\"nofollow noopener\">Gr\u00e9gory Doucet<\/a>.<\/p>\n<p>\u00ab\u00a0Face \u00e0 la haine, nous ne c\u00e9derons rien.\u00a0Nous restons fid\u00e8le \u00e0 ce que nous d\u00e9fendons : la dignit\u00e9 humaine, la solidarit\u00e9, et la R\u00e9publique.\u00a0\u00bb<\/p>\n","protected":false},"excerpt":{"rendered":"\u00ab Face \u00e0 la haine, nous ne c\u00e9derons rien \u00bb Mohamed Chihi, adjoint \u00e9cologiste \u00e0 la tranquillit\u00e9, s\u00fbret\u00e9&hellip;\n","protected":false},"author":2,"featured_media":143985,"comment_status":"","ping_status":"","sticky":false,"template":"","format":"standard","meta":{"footnotes":""},"categories":[1889],"tags":[1111,11,2430,271,272,2757,1777,674,274,107,1011,27,2428,2756,12,25,2429],"class_list":{"0":"post-143984","1":"post","2":"type-post","3":"status-publish","4":"format-standard","5":"has-post-thumbnail","7":"category-lyon","8":"tag-actu","9":"tag-actualites","10":"tag-auvergne-rhone-alpes","11":"tag-crime","12":"tag-delit-et-contravention","13":"tag-edition-lyon-villeurbanne","14":"tag-eu","15":"tag-europe","16":"tag-faits-divers-justice","17":"tag-fil-info","18":"tag-fr","19":"tag-france","20":"tag-lyon","21":"tag-lyon-bassin","22":"tag-news","23":"tag-republique-francaise","24":"tag-rhone"},"share_on_mastodon":{"url":"https:\/\/pubeurope.com\/@fr\/114608021394507923","error":""},"_links":{"self":[{"href":"https:\/\/www.europesays.com\/fr\/wp-json\/wp\/v2\/posts\/143984","targetHints":{"allow":["GET"]}}],"collection":[{"href":"https:\/\/www.europesays.com\/fr\/wp-json\/wp\/v2\/posts"}],"about":[{"href":"https:\/\/www.europesays.com\/fr\/wp-json\/wp\/v2\/types\/post"}],"author":[{"embeddable":true,"href":"https:\/\/www.europesays.com\/fr\/wp-json\/wp\/v2\/users\/2"}],"replies":[{"embeddable":true,"href":"https:\/\/www.europesays.com\/fr\/wp-json\/wp\/v2\/comments?post=143984"}],"version-history":[{"count":0,"href":"https:\/\/www.europesays.com\/fr\/wp-json\/wp\/v2\/posts\/143984\/revisions"}],"wp:featuredmedia":[{"embeddable":true,"href":"https:\/\/www.europesays.com\/fr\/wp-json\/wp\/v2\/media\/143985"}],"wp:attachment":[{"href":"https:\/\/www.europesays.com\/fr\/wp-json\/wp\/v2\/media?parent=143984"}],"wp:term":[{"taxonomy":"category","embeddable":true,"href":"https:\/\/www.europesays.com\/fr\/wp-json\/wp\/v2\/categories?post=143984"},{"taxonomy":"post_tag","embeddable":true,"href":"https:\/\/www.europesays.com\/fr\/wp-json\/wp\/v2\/tags?post=143984"}],"curies":[{"name":"wp","href":"https:\/\/api.w.org\/{rel}","templated":true}]}}