{"id":143986,"date":"2025-06-01T12:06:09","date_gmt":"2025-06-01T12:06:09","guid":{"rendered":"https:\/\/www.europesays.com\/fr\/143986\/"},"modified":"2025-06-01T12:06:09","modified_gmt":"2025-06-01T12:06:09","slug":"toilettes-incendiees-croix-gammees-taguees-une-ecole-lyonnaise-visee","status":"publish","type":"post","link":"https:\/\/www.europesays.com\/fr\/143986\/","title":{"rendered":"Toilettes incendi\u00e9es, croix gamm\u00e9es tagu\u00e9es : une \u00e9cole lyonnaise vis\u00e9e"},"content":{"rendered":"<p>Toilettes incendi\u00e9es, croix gamm\u00e9es tagu\u00e9es : une \u00e9cole lyonnaise vis\u00e9e &#8211; LyonMag<\/p>\n<p itemprop=\"description\"><strong>Une enqu\u00eate a \u00e9t\u00e9 ouverte apr\u00e8s l\u2019incendie et la d\u00e9gradation d\u2019une \u00e9cole \u00e9l\u00e9mentaire samedi 31 mai dans le 3e arrondissement de Lyon.<\/strong><\/p>\n<p>Les pompiers sont intervenus vers 19 heures passage Roger-Br\u00e9chan, dans le secteur de la rue du Dauphin\u00e9, apr\u00e8s un d\u00e9part de feu dans les toilettes ext\u00e9rieures de l\u2019\u00e9cole Nove Josserand. Les installations ont \u00e9t\u00e9 partiellement endommag\u00e9es.<\/p>\n<p>Sur place, les forces de l\u2019ordre ont constat\u00e9 des actes de vandalisme \u00e0 l\u2019int\u00e9rieur de l\u2019\u00e9tablissement : trois salles de classe ont \u00e9t\u00e9 d\u00e9grad\u00e9es, avec des inscriptions \u00e0 caract\u00e8re antis\u00e9mite, ainsi que des croix gamm\u00e9es et des \u00e9toiles de David dessin\u00e9es sur les murs et fen\u00eatres, rapporte <a href=\"https:\/\/www.franceinfo.fr\/faits-divers\/une-ecole-primaire-de-lyon-incendiee-des-croix-gammees-et-des-etoiles-de-david-taguees_7285464.html\" target=\"_blank\" rel=\"noopener\">France Info<\/a>.\u00a0<\/p>\n<p>Une enqu\u00eate a \u00e9t\u00e9 ouverte pour identifier l\u2019auteur ou les auteurs de ces faits.<\/p>\n<p>Mohamed Chichi, adjoint \u00e0 la tranquillit\u00e9, s\u00fbret\u00e9 et s\u00e9curit\u00e9 du maire de Lyon a r\u00e9agi : \u00ab\u00a0Les d\u00e9gradations perp\u00e9tr\u00e9es dans l\u2019\u00e9cole Nov\u00e9 Josserand sont d\u2019une extr\u00eame gravit\u00e9. Tags antis\u00e9mites, croix gamm\u00e9es, tentative d\u2019incendie : ces actes visent notre \u00e9cole, donc notre R\u00e9publique. S\u2019en prendre \u00e0 un lieu d\u2019\u00e9ducation, c\u2019est s\u2019en prendre \u00e0 ce que notre soci\u00e9t\u00e9 a de plus pr\u00e9cieux : ses enfants, ses enseignants, ses valeurs.<\/p>\n<p>La Ville condamne avec la plus grande fermet\u00e9 ces agissements. Elle d\u00e9posera plainte. La police nationale a proc\u00e9d\u00e9 aux constatations n\u00e9cessaires. Les salles endommag\u00e9es seront remises en \u00e9tat rapidement afin de pouvoir accueillir les \u00e9l\u00e8ves d\u00e8s lundi.<\/p>\n<p>Face \u00e0 la haine, nous ne c\u00e9derons rien.<\/p>\n<p>Nous restons fid\u00e8le \u00e0 ce que nous d\u00e9fendons : la dignit\u00e9 humaine, la solidarit\u00e9, et la R\u00e9publique.\u00a0\u00bb<\/p>\n","protected":false},"excerpt":{"rendered":"Toilettes incendi\u00e9es, croix gamm\u00e9es tagu\u00e9es : une \u00e9cole lyonnaise vis\u00e9e &#8211; LyonMag Une enqu\u00eate a \u00e9t\u00e9 ouverte apr\u00e8s&hellip;\n","protected":false},"author":2,"featured_media":143987,"comment_status":"","ping_status":"","sticky":false,"template":"","format":"standard","meta":{"footnotes":""},"categories":[1889],"tags":[1111,11,2813,2190,2430,1109,251,1112,2811,1777,674,118,1011,27,1922,1110,1114,2428,2810,12,241,316,25,2812,517,800],"class_list":{"0":"post-143986","1":"post","2":"type-post","3":"status-publish","4":"format-standard","5":"has-post-thumbnail","7":"category-lyon","8":"tag-actu","9":"tag-actualites","10":"tag-article","11":"tag-asvel","12":"tag-auvergne-rhone-alpes","13":"tag-breves","14":"tag-culture","15":"tag-depeches","16":"tag-economique","17":"tag-eu","18":"tag-europe","19":"tag-faits-divers","20":"tag-fr","21":"tag-france","22":"tag-info","23":"tag-informations","24":"tag-infos","25":"tag-lyon","26":"tag-lyonmag","27":"tag-news","28":"tag-ol","29":"tag-politique","30":"tag-republique-francaise","31":"tag-sociale","32":"tag-sport","33":"tag-transports"},"share_on_mastodon":{"url":"https:\/\/pubeurope.com\/@fr\/114608025449877567","error":""},"_links":{"self":[{"href":"https:\/\/www.europesays.com\/fr\/wp-json\/wp\/v2\/posts\/143986","targetHints":{"allow":["GET"]}}],"collection":[{"href":"https:\/\/www.europesays.com\/fr\/wp-json\/wp\/v2\/posts"}],"about":[{"href":"https:\/\/www.europesays.com\/fr\/wp-json\/wp\/v2\/types\/post"}],"author":[{"embeddable":true,"href":"https:\/\/www.europesays.com\/fr\/wp-json\/wp\/v2\/users\/2"}],"replies":[{"embeddable":true,"href":"https:\/\/www.europesays.com\/fr\/wp-json\/wp\/v2\/comments?post=143986"}],"version-history":[{"count":0,"href":"https:\/\/www.europesays.com\/fr\/wp-json\/wp\/v2\/posts\/143986\/revisions"}],"wp:featuredmedia":[{"embeddable":true,"href":"https:\/\/www.europesays.com\/fr\/wp-json\/wp\/v2\/media\/143987"}],"wp:attachment":[{"href":"https:\/\/www.europesays.com\/fr\/wp-json\/wp\/v2\/media?parent=143986"}],"wp:term":[{"taxonomy":"category","embeddable":true,"href":"https:\/\/www.europesays.com\/fr\/wp-json\/wp\/v2\/categories?post=143986"},{"taxonomy":"post_tag","embeddable":true,"href":"https:\/\/www.europesays.com\/fr\/wp-json\/wp\/v2\/tags?post=143986"}],"curies":[{"name":"wp","href":"https:\/\/api.w.org\/{rel}","templated":true}]}}