{"id":144002,"date":"2025-06-01T12:15:10","date_gmt":"2025-06-01T12:15:10","guid":{"rendered":"https:\/\/www.europesays.com\/fr\/144002\/"},"modified":"2025-06-01T12:15:10","modified_gmt":"2025-06-01T12:15:10","slug":"revirement-de-donald-trump-sur-la-nomination-dun-proche-delon-musk-a-la-tete-de-la-nasa","status":"publish","type":"post","link":"https:\/\/www.europesays.com\/fr\/144002\/","title":{"rendered":"Revirement de Donald Trump sur la nomination d\u2019un proche d\u2019Elon Musk \u00e0 la t\u00eate de la Nasa"},"content":{"rendered":"<p><strong>finalement non &#8211; Le pr\u00e9sident am\u00e9ricain a fait marche arri\u00e8re concernant la nomination du milliardaire Jared Isaacman \u00e0 la t\u00eate de la Nasa apr\u00e8s avoir d\u00e9couvert que, par le pass\u00e9, il a effectu\u00e9 des dons \u00e0 des \u00e9lus d\u00e9mocrates<\/strong><\/p>\n<p>Nouveau revirement du pr\u00e9sident <a href=\"https:\/\/www.20minutes.fr\/dossier\/donald_trump?at_medium=RSS%20feed&amp;at_campaign=ynews&amp;utm_source=yahoo&amp;utm_medium=rss&amp;utm_campaign=news_feed&amp;utm_content=in_article_link\" rel=\"nofollow noopener\" target=\"_blank\" data-ylk=\"slk:Donald Trump;elm:context_link;itc:0;sec:content-canvas\" class=\"link \">Donald Trump<\/a>. Le dirigeant r\u00e9publicain a fait marche arri\u00e8re concernant la nomination du milliardaire <a href=\"https:\/\/www.20minutes.fr\/monde\/etats-unis\/4127395-20241205-etats-unis-trump-nomme-milliardaire-pilote-astronaute-prive-nomme-tete-nasa?at_medium=RSS%20feed&amp;at_campaign=ynews&amp;utm_source=yahoo&amp;utm_medium=rss&amp;utm_campaign=news_feed&amp;utm_content=in_article_link\" rel=\"nofollow noopener\" target=\"_blank\" data-ylk=\"slk:Jared Isaacman;elm:context_link;itc:0;sec:content-canvas\" class=\"link \">Jared Isaacman<\/a> \u00e0 la t\u00eate de la <a href=\"https:\/\/www.20minutes.fr\/sciences\/nasa\/?at_medium=RSS%20feed&amp;at_campaign=ynews&amp;utm_source=yahoo&amp;utm_medium=rss&amp;utm_campaign=news_feed&amp;utm_content=in_article_link\" rel=\"nofollow noopener\" target=\"_blank\" data-ylk=\"slk:Nasa;elm:context_link;itc:0;sec:content-canvas\" class=\"link \">Nasa<\/a>. Il a \u00e9crit samedi sur sa plateforme Truth Social qu&rsquo;\u00ab\u00a0apr\u00e8s un examen approfondi de ses associations ant\u00e9rieures, je retire par la pr\u00e9sente la nomination de Jared Isaacman \u00e0 la t\u00eate de la Nasa\u00a0\u00bb.<\/p>\n<p>En d\u00e9cembre, avant son retour au pouvoir, Donald Trump avait d\u00e9clar\u00e9 qu\u2019il voulait faire du magnat du paiement en ligne <a href=\"https:\/\/www.20minutes.fr\/monde\/etats-unis\/4127395-20241205-etats-unis-trump-nomme-milliardaire-pilote-astronaute-prive-nomme-tete-nasa?at_medium=RSS%20feed&amp;at_campaign=ynews&amp;utm_source=yahoo&amp;utm_medium=rss&amp;utm_campaign=news_feed&amp;utm_content=in_article_link\" rel=\"nofollow noopener\" target=\"_blank\" data-ylk=\"slk:proche d\u2019Elon Musk;elm:context_link;itc:0;sec:content-canvas\" class=\"link \">proche d\u2019Elon Musk<\/a> \u2013 qui est aussi le premier astronaute priv\u00e9 \u00e0 avoir effectu\u00e9 une sortie extra-v\u00e9hiculaire dans l\u2019espace \u2013 le prochain patron de l\u2019agence spatiale am\u00e9ricaine.<\/p>\n<p>Un nouveau candidat \u00ab\u00a0bient\u00f4t\u00a0\u00bb<\/p>\n<p>\u00ab\u00a0J\u2019annoncerai bient\u00f4t un nouveau candidat qui sera en ligne avec sa mission et mettra l\u2019Am\u00e9rique au premier rang dans l\u2019<a href=\"https:\/\/www.20minutes.fr\/sciences\/espace\/?at_medium=RSS%20feed&amp;at_campaign=ynews&amp;utm_source=yahoo&amp;utm_medium=rss&amp;utm_campaign=news_feed&amp;utm_content=in_article_link\" rel=\"nofollow noopener\" target=\"_blank\" data-ylk=\"slk:espace;elm:context_link;itc:0;sec:content-canvas\" class=\"link \">espace<\/a>\u00a0\u00bb, a ajout\u00e9 Donald Trump sur son r\u00e9seau social.<\/p>\n<p>La Maison-Blanche avait annonc\u00e9 plus t\u00f4t le retrait de Jared Isaacman, confirmant une information du New York Times. Selon le journal, le pr\u00e9sident r\u00e9publicain a d\u00e9couvert que Jared Isaacman, 42 ans, aurait effectu\u00e9 par le pass\u00e9 des dons \u00e0 des \u00e9lus d\u00e9mocrates.<\/p>\n<p>Questions sur d\u2019\u00e9ventuels conflits d\u2019int\u00e9r\u00eats<\/p>\n<p>Tr\u00e8s proche du patron de SpaceX et de Tesla Elon Musk, l\u2019ex-futur patron de la Nasa a fait fortune dans les paiements en ligne \u00e0 la t\u00eate de son entreprise Shift4 Payments.<\/p>\n<p><a href=\"https:\/\/www.20minutes.fr\/sciences\/nasa\/\" rel=\"nofollow noopener\" target=\"_blank\" data-ylk=\"slk:Notre dossier Nasa;elm:context_link;itc:0;sec:content-canvas\" class=\"link \">Notre dossier Nasa<\/a><\/p>\n<p>Elon Musk est soup\u00e7onn\u00e9 par les m\u00e9dias am\u00e9ricains d\u2019avoir fait pression directement sur Donald Trump pour que son ami, qui a eu d\u2019importantes rel(&#8230;)<\/p>\n<p><a href=\"https:\/\/www.20minutes.fr\/monde\/4156296-20250601-etats-unis-revirement-donald-trump-nomination-proche-elon-musk-tete-nasa?at_medium=RSS%20feed&amp;at_campaign=ynews&amp;utm_source=yahoo&amp;utm_medium=rss&amp;utm_campaign=news_feed&amp;utm_content=read_more_link&quot;\" rel=\"nofollow noopener\" target=\"_blank\" data-ylk=\"slk:Lire la suite sur 20minutes;elm:context_link;itc:0;sec:content-canvas\" class=\"link \">Lire la suite sur 20minutes<\/a><\/p>\n<p>\u00c0 lire aussi :<br \/><a href=\"https:\/\/www.20minutes.fr\/monde\/etats-unis\/4155980-20250529-etats-unis-elon-musk-confirme-quitte-gouvernement-trump?at_medium=RSS%20feed&amp;at_campaign=ynews&amp;utm_source=yahoo&amp;utm_medium=rss&amp;utm_campaign=news_feed&amp;utm_content=related_content_link\" rel=\"nofollow noopener\" target=\"_blank\" data-ylk=\"slk:Etats-Unis\u00a0: Elon Musk confirme qu\u2019il quitte le gouvernement Trump;elm:context_link;itc:0;sec:content-canvas\" class=\"link \">Etats-Unis\u00a0: Elon Musk confirme qu\u2019il quitte le gouvernement Trump<\/a><br \/><a href=\"https:\/\/www.20minutes.fr\/monde\/etats-unis\/4127395-20241205-etats-unis-trump-nomme-milliardaire-pilote-astronaute-prive-nomme-tete-nasa?at_medium=RSS%20feed&amp;at_campaign=ynews&amp;utm_source=yahoo&amp;utm_medium=rss&amp;utm_campaign=news_feed&amp;utm_content=related_content_link\" rel=\"nofollow noopener\" target=\"_blank\" data-ylk=\"slk:Etats-Unis\u00a0: Qui est Jared Isaacman, milliardaire nomm\u00e9 par Donald Trump \u00e0 la t\u00eate de la Nasa ?;elm:context_link;itc:0;sec:content-canvas\" class=\"link \">Etats-Unis\u00a0: Qui est Jared Isaacman, milliardaire nomm\u00e9 par Donald Trump \u00e0 la t\u00eate de la Nasa ?<\/a><\/p>\n","protected":false},"excerpt":{"rendered":"finalement non &#8211; Le pr\u00e9sident am\u00e9ricain a fait marche arri\u00e8re concernant la nomination du milliardaire Jared Isaacman \u00e0&hellip;\n","protected":false},"author":2,"featured_media":144003,"comment_status":"","ping_status":"","sticky":false,"template":"","format":"standard","meta":{"footnotes":""},"categories":[1589],"tags":[11,75,46,73,1866,27238,27239,203,12,7274,1864,1865,1863,308],"class_list":{"0":"post-144002","1":"post","2":"type-post","3":"status-publish","4":"format-standard","5":"has-post-thumbnail","7":"category-etats-unis","8":"tag-actualites","9":"tag-donald-trump","10":"tag-elon-musk","11":"tag-etats-unis","12":"tag-etats-unis-damerique","13":"tag-jared-isaacman","14":"tag-la-nasa","15":"tag-la-tete","16":"tag-news","17":"tag-president-americain","18":"tag-united-states","19":"tag-united-states-of-america","20":"tag-us","21":"tag-usa"},"share_on_mastodon":{"url":"https:\/\/pubeurope.com\/@fr\/114608060667835330","error":""},"_links":{"self":[{"href":"https:\/\/www.europesays.com\/fr\/wp-json\/wp\/v2\/posts\/144002","targetHints":{"allow":["GET"]}}],"collection":[{"href":"https:\/\/www.europesays.com\/fr\/wp-json\/wp\/v2\/posts"}],"about":[{"href":"https:\/\/www.europesays.com\/fr\/wp-json\/wp\/v2\/types\/post"}],"author":[{"embeddable":true,"href":"https:\/\/www.europesays.com\/fr\/wp-json\/wp\/v2\/users\/2"}],"replies":[{"embeddable":true,"href":"https:\/\/www.europesays.com\/fr\/wp-json\/wp\/v2\/comments?post=144002"}],"version-history":[{"count":0,"href":"https:\/\/www.europesays.com\/fr\/wp-json\/wp\/v2\/posts\/144002\/revisions"}],"wp:featuredmedia":[{"embeddable":true,"href":"https:\/\/www.europesays.com\/fr\/wp-json\/wp\/v2\/media\/144003"}],"wp:attachment":[{"href":"https:\/\/www.europesays.com\/fr\/wp-json\/wp\/v2\/media?parent=144002"}],"wp:term":[{"taxonomy":"category","embeddable":true,"href":"https:\/\/www.europesays.com\/fr\/wp-json\/wp\/v2\/categories?post=144002"},{"taxonomy":"post_tag","embeddable":true,"href":"https:\/\/www.europesays.com\/fr\/wp-json\/wp\/v2\/tags?post=144002"}],"curies":[{"name":"wp","href":"https:\/\/api.w.org\/{rel}","templated":true}]}}