{"id":144008,"date":"2025-06-01T12:18:09","date_gmt":"2025-06-01T12:18:09","guid":{"rendered":"https:\/\/www.europesays.com\/fr\/144008\/"},"modified":"2025-06-01T12:18:09","modified_gmt":"2025-06-01T12:18:09","slug":"pourquoi-paris-a-les-moyens-de-dominer-leurope-dans-la-duree-ou-pas","status":"publish","type":"post","link":"https:\/\/www.europesays.com\/fr\/144008\/","title":{"rendered":"Pourquoi Paris a les moyens de dominer l\u2019Europe dans la dur\u00e9e&#8230; ou pas"},"content":{"rendered":"<p>Ligue des champions (finale). PSG &#8211; Inter Milan\u00a0: 5-0<\/p>\n<p>Et \u00e0 la fin, c\u2019est (aussi) l\u2019argent qui gagne. La coh\u00e9rence du projet sportif d\u00e9sormais men\u00e9 au Paris SG ne doit pas faire oublier que le succ\u00e8s parisien s\u2019est b\u00e2ti avant tout sur un immense tas d\u2019argent. Les investissements du Qatar dans le PSG depuis 2011 ont \u00e9t\u00e9 tels qu\u2019il \u00e9tait \u00e9crit que la Coupe aux grandes oreilles finirait par se donner \u00e0 un nouveau riche suppl\u00e9mentaire, le troisi\u00e8me depuis le d\u00e9but du si\u00e8cle apr\u00e8s Chelsea (2012) et Manchester City (2023). Quand les clubs anglais et leurs milliardaires de propri\u00e9taires avaient mis respectivement neuf et 15 ans \u00e0 toucher au but, il en aura fallu 14 au PSG. Dans la norme, en somme.<\/p>\n<p>Le Paris SG d\u2019aujourd\u2019hui, au budget illimit\u00e9, \u00e0 la cr\u00e9dibilit\u00e9 install\u00e9e et d\u00e9sormais tout entier tourn\u00e9 vers son projet sportif, a beaucoup d\u2019atouts pour r\u00e9ussir ce qui est le plus difficile dans le sport de haut niveau\u00a0: rester au sommet. Le premier d\u2019entre eux est l\u2019addition de la comp\u00e9tence technique de son recruteur en chef, le Portugais, Luis Campos et de celle de son entra\u00eeneur catalan Luis Enrique. Ces deux-l\u00e0 ne se trompent que rarement sur les hommes et ont une capacit\u00e9 \u00e0 trancher (d\u00e9parts de Mbapp\u00e9, de Kolo Muani..) facilit\u00e9e par la carte blanche que semble d\u00e9sormais leur laisser le pr\u00e9sident Nasser al-Khela\u00effi.<\/p>\n<p>Tranquille en Ligue 1<\/p>\n<p>Les deux hommes ont, en outre, entre les mains une \u00e9quipe encore tr\u00e8s jeune, dont on peut penser qu\u2019elle a encore une marge de progression. L\u2019histoire de cette saison semble par ailleurs montrer que son relatif isolement sur la sc\u00e8ne nationale, qu\u2019elle \u00e9crase de toute sa puissance et de tout son talent, n\u2019est pas un handicap finalement. Tandis que les clubs anglais jouent leur vie chaque week-end et chaque mercredi, que l\u2019Inter jouait un match d\u00e9cisif pour le titre une semaine avant la finale, Paris a pu tranquillement pr\u00e9parer chacun de ses grands rendez-vous europ\u00e9ens de la saison. Et compte-tenu du naufrage financier de l\u2019Olympique lyonnais cet environnement-l\u00e0 n\u2019est sans doute pas pr\u00e8s de changer.<\/p>\n<p>Pour rester au sommet au-del\u00e0 de la premi\u00e8re conqu\u00eate, il faut savoir garder l\u2019ambition comme \u00e9tendard et verrouiller \u00e0 double tour au fond de la cave les ego des grands champions qui composent ces \u00e9quipes. Depuis le d\u00e9but du si\u00e8cle, trois clubs y sont parvenus, \u00e0 des degr\u00e9s de r\u00e9ussite divers \u00e0 partir d\u2019une base-\u00e9quipe p\u00e9renne\u00a0: le Bar\u00e7a de Messi, Xavi et Iniesta, quatre victoires entre 2006 et 2015, le Bayern de Ribery et Robben, trois finales en quatre ans de 2010 \u00e0 2013, et surtout le Real de Ronaldo, seul club \u00e0 avoir su conserver son troph\u00e9e (trois victoires en 2016, 2017 et 2018).<\/p>\n<p>Mbapp\u00e9 et le Real se pr\u00e9parent<\/p>\n<p>C\u2019est cet exemple-l\u00e0 dont doit d\u00e9sormais s\u2019inspirer le club parisien. Il suppose de garder ses meilleurs joueurs en leur offrant \u00e0 la fois un certain confort et la pression d\u2019une concurrence leur interdisant de s\u2019endormir sur leurs lauriers. Quoi qu\u2019ait pu laisser la d\u00e9monstration inou\u00efe d\u2019une finale hors norme, ils n\u2019en ont en effet clairement pas les moyens\u00a0: l\u2019\u00e2pret\u00e9 des confrontations successives contre Liverpool, Aston Villa et Arsenal, dont le r\u00e9sultat avait \u00e0 chaque fois beaucoup d\u00fb au talent de Donnarumma, montrent que de marge il n\u2019y a pas.<\/p>\n<p>Sans compter qu\u2019il ne suffit pas de conserver son niveau pour gagner \u00e0 nouveau. Dans cette course annuelle effr\u00e9n\u00e9e \u00e0 ce qui est sans doute le troph\u00e9e le plus concurrentiel du monde, le niveau s\u2019\u00e9l\u00e8ve chaque ann\u00e9e et la concurrence aiguise d\u00e9j\u00e0 ses couteaux. A commencer par le Real, qui a gagn\u00e9 pr\u00e8s d\u2019une Ligue des champions sur trois depuis le d\u00e9but du si\u00e8cle (8 sur 26) et une sur deux depuis 2014. A n\u2019en pas douter, le meilleur buteur europ\u00e9en de la saison, un certain Kylian Mbapp\u00e9, aura dans quelques mois autour de lui une \u00e9quipe beaucoup plus forte au service d\u2019une ambition toujours inassouvie en ce qui le concerne.<\/p>\n","protected":false},"excerpt":{"rendered":"Ligue des champions (finale). PSG &#8211; Inter Milan\u00a0: 5-0 Et \u00e0 la fin, c\u2019est (aussi) l\u2019argent qui gagne.&hellip;\n","protected":false},"author":2,"featured_media":144009,"comment_status":"","ping_status":"","sticky":false,"template":"","format":"standard","meta":{"footnotes":""},"categories":[1586],"tags":[11,765,3166,1777,674,63,1011,27,447,12,25,60],"class_list":{"0":"post-144008","1":"post","2":"type-post","3":"status-publish","4":"format-standard","5":"has-post-thumbnail","7":"category-europe","8":"tag-actualites","9":"tag-en-continu","10":"tag-en-continu-sports","11":"tag-eu","12":"tag-europe","13":"tag-football","14":"tag-fr","15":"tag-france","16":"tag-ligue-des-champions","17":"tag-news","18":"tag-republique-francaise","19":"tag-sports"},"share_on_mastodon":{"url":"https:\/\/pubeurope.com\/@fr\/114608072716113543","error":""},"_links":{"self":[{"href":"https:\/\/www.europesays.com\/fr\/wp-json\/wp\/v2\/posts\/144008","targetHints":{"allow":["GET"]}}],"collection":[{"href":"https:\/\/www.europesays.com\/fr\/wp-json\/wp\/v2\/posts"}],"about":[{"href":"https:\/\/www.europesays.com\/fr\/wp-json\/wp\/v2\/types\/post"}],"author":[{"embeddable":true,"href":"https:\/\/www.europesays.com\/fr\/wp-json\/wp\/v2\/users\/2"}],"replies":[{"embeddable":true,"href":"https:\/\/www.europesays.com\/fr\/wp-json\/wp\/v2\/comments?post=144008"}],"version-history":[{"count":0,"href":"https:\/\/www.europesays.com\/fr\/wp-json\/wp\/v2\/posts\/144008\/revisions"}],"wp:featuredmedia":[{"embeddable":true,"href":"https:\/\/www.europesays.com\/fr\/wp-json\/wp\/v2\/media\/144009"}],"wp:attachment":[{"href":"https:\/\/www.europesays.com\/fr\/wp-json\/wp\/v2\/media?parent=144008"}],"wp:term":[{"taxonomy":"category","embeddable":true,"href":"https:\/\/www.europesays.com\/fr\/wp-json\/wp\/v2\/categories?post=144008"},{"taxonomy":"post_tag","embeddable":true,"href":"https:\/\/www.europesays.com\/fr\/wp-json\/wp\/v2\/tags?post=144008"}],"curies":[{"name":"wp","href":"https:\/\/api.w.org\/{rel}","templated":true}]}}