{"id":14401,"date":"2025-04-10T07:35:21","date_gmt":"2025-04-10T07:35:21","guid":{"rendered":"https:\/\/www.europesays.com\/fr\/14401\/"},"modified":"2025-04-10T07:35:21","modified_gmt":"2025-04-10T07:35:21","slug":"aston-villa-paris-joue-un-football-fantastique-loue-unai-emery-de-retour-dans-la-capitale-avec-les-villans","status":"publish","type":"post","link":"https:\/\/www.europesays.com\/fr\/14401\/","title":{"rendered":"Aston Villa\u00a0: \u00ab\u00a0Paris joue un football fantastique\u00a0\u00bb, loue Unai Emery, de retour dans la capitale avec les Villans"},"content":{"rendered":"<p>Le temps des retrouvailles. Sept ans apr\u00e8s avoir quitt\u00e9 la capitale fran\u00e7aise, <a href=\"https:\/\/www.20minutes.fr\/sport\/football\/ligue_des_champions\/4147572-20250408-psg-aston-villa-luis-enrique-demande-plus-reconnaissance-unai-emery\" target=\"_blank\" class=\"color-ultramarine c-link\" rel=\"noopener\">Unai Emery est de retour \u00e0 Paris<\/a> pour affronter <a href=\"https:\/\/www.20minutes.fr\/sport\/football\/ligue_des_champions\/4147350-20250407-psg-aston-villa-prince-william-vibre-villans-fort-penchant-superstition\" target=\"_blank\" class=\"color-ultramarine c-link\" rel=\"noopener\">le PSG en quart de finale de la Ligue des champions ce mercredi avec Aston Villa<\/a>. Et autant dire que l\u2019entra\u00eeneur espagnol n\u2019a pas laiss\u00e9 transpara\u00eetre la moindre \u00e9motion, ce mardi en conf\u00e9rence de presse, au moment d\u2019\u00e9voquer son ancien club.<\/p>\n<p>\u00ab\u00a0J\u2019ai pass\u00e9 ici deux ans ici et c\u2019est la premi\u00e8re fois que je reviens ici \u00e0 Paris et au <a href=\"https:\/\/www.20minutes.fr\/sport\/parc_des_princes\/\" target=\"_blank\" class=\"color-ultramarine c-link\" rel=\"noopener\">Parc des Princes<\/a>, c\u2019est sp\u00e9cial, a expliqu\u00e9 l\u2019entra\u00eeneur des Villans. Je suis tr\u00e8s fier de la fa\u00e7on dont je reviens, mais tout ce que j\u2019ai fait ici c\u2019est du pass\u00e9. J\u2019ai transform\u00e9 ces exp\u00e9riences vers ce que je suis aujourd\u2019hui.\u00a0\u00bb Car apr\u00e8s le PSG, Emery a vu du terrain, en passant sur les bancs d\u2019Arsenal et Villarreal.<\/p>\n<p>\u00ab\u00a0Le PSG fait partie des favoris\u00a0\u00bb<\/p>\n<p>Alors, \u00e0 quoi s\u2019attend le Basque au moment de retrouver son club\u00a0? \u00ab\u00a0Le PSG joue un football fantastique. <a href=\"https:\/\/www.20minutes.fr\/sport\/football\/ligue-1\/4147197-20250406-psg-angers-paris-titre-tres-bien-ligue-champions-encore-mieux\" target=\"_blank\" class=\"color-ultramarine c-link\" rel=\"noopener\">Ils dominent avec une nette sup\u00e9riorit\u00e9 la Ligue 1<\/a> et en Ligue des champions, ils ont eu des moments diff\u00e9rents, mais ils ont montr\u00e9 un niveau \u00e9norme contre Liverpool au tour pr\u00e9c\u00e9dent. Le PSG fait partie des favoris avec le Real et le Bayern. On va essayer de r\u00e9pondre \u00e0 ce qu\u2019ils nous proposent. Cela va \u00eatre un d\u00e9fi pour mes joueurs et moi mais on a confiance. On va essayer d\u2019exploiter toutes nos chances.\u00a0\u00bb<\/p>\n<p>Apr\u00e8s que Luis Enrique a lou\u00e9 le travail d\u2019Unai Emery plus t\u00f4t dans la journ\u00e9e, l\u2019entra\u00eeneur d\u2019Aston Villa lui a rendu la pareille en conf\u00e9rence de presse\u00a0: \u00ab\u00a0Il est l\u2019un des meilleurs entra\u00eeneurs du monde. Il l\u2019a montr\u00e9, mais pas seulement \u00e0 Barcelone ou au PSG, mais aussi au Celta Vigo et en s\u00e9lection. Je l\u2019ai affront\u00e9 plusieurs fois et c\u2019est toujours difficile, notamment tactiquement pour imposer nos id\u00e9es. Dans le pressing, ils sont vraiment bons. Ils mettent beaucoup d\u2019intensit\u00e9, ils sont tr\u00e8s forts pour garder le ballon. Je le respecte \u00e9norm\u00e9ment et je serai tr\u00e8s content de le voir.\u00a0\u00bb<\/p>\n<\/p>\n<p>Et Unai Emery en a profit\u00e9 pour rappeler que son club ne devait pas \u00eatre pris \u00e0 la l\u00e9g\u00e8re, avec un palmar\u00e8s d\u00e9j\u00e0 en Europe. \u00ab\u00a0<a href=\"https:\/\/www.20minutes.fr\/dossier\/aston_villa\" target=\"_blank\" class=\"color-ultramarine c-link\" rel=\"noopener\">Aston Villa<\/a> est un club historique, ils ont gagn\u00e9 une coupe d&rsquo;Europe en\u00a01982, a rappel\u00e9 l\u2019entra\u00eeneur. Quand je suis arriv\u00e9 ici, je connaissais cette histoire. Mon challenge \u00e9tait de venir se battre pour des troph\u00e9es, de retrouver l\u2019Europe. De jouer \u00e0 Paris un quart de finale de Ligue des champions est quelque chose de fantastique pour Aston Villa.\u00a0\u00bb<\/p>\n","protected":false},"excerpt":{"rendered":"Le temps des retrouvailles. Sept ans apr\u00e8s avoir quitt\u00e9 la capitale fran\u00e7aise, Unai Emery est de retour \u00e0&hellip;\n","protected":false},"author":2,"featured_media":14402,"comment_status":"","ping_status":"","sticky":false,"template":"","format":"standard","meta":{"footnotes":""},"categories":[1888],"tags":[11,6255,1777,674,63,1011,27,447,12,626,2332,25,517,6254],"class_list":{"0":"post-14401","1":"post","2":"type-post","3":"status-publish","4":"format-standard","5":"has-post-thumbnail","7":"category-paris","8":"tag-actualites","9":"tag-aston-villa-fc","10":"tag-eu","11":"tag-europe","12":"tag-football","13":"tag-fr","14":"tag-france","15":"tag-ligue-des-champions","16":"tag-news","17":"tag-paris","18":"tag-paris-saint-germain-psg","19":"tag-republique-francaise","20":"tag-sport","21":"tag-unai-emery"},"share_on_mastodon":{"url":"https:\/\/pubeurope.com\/@fr\/114312519698761806","error":""},"_links":{"self":[{"href":"https:\/\/www.europesays.com\/fr\/wp-json\/wp\/v2\/posts\/14401","targetHints":{"allow":["GET"]}}],"collection":[{"href":"https:\/\/www.europesays.com\/fr\/wp-json\/wp\/v2\/posts"}],"about":[{"href":"https:\/\/www.europesays.com\/fr\/wp-json\/wp\/v2\/types\/post"}],"author":[{"embeddable":true,"href":"https:\/\/www.europesays.com\/fr\/wp-json\/wp\/v2\/users\/2"}],"replies":[{"embeddable":true,"href":"https:\/\/www.europesays.com\/fr\/wp-json\/wp\/v2\/comments?post=14401"}],"version-history":[{"count":0,"href":"https:\/\/www.europesays.com\/fr\/wp-json\/wp\/v2\/posts\/14401\/revisions"}],"wp:featuredmedia":[{"embeddable":true,"href":"https:\/\/www.europesays.com\/fr\/wp-json\/wp\/v2\/media\/14402"}],"wp:attachment":[{"href":"https:\/\/www.europesays.com\/fr\/wp-json\/wp\/v2\/media?parent=14401"}],"wp:term":[{"taxonomy":"category","embeddable":true,"href":"https:\/\/www.europesays.com\/fr\/wp-json\/wp\/v2\/categories?post=14401"},{"taxonomy":"post_tag","embeddable":true,"href":"https:\/\/www.europesays.com\/fr\/wp-json\/wp\/v2\/tags?post=14401"}],"curies":[{"name":"wp","href":"https:\/\/api.w.org\/{rel}","templated":true}]}}