{"id":144020,"date":"2025-06-01T12:24:11","date_gmt":"2025-06-01T12:24:11","guid":{"rendered":"https:\/\/www.europesays.com\/fr\/144020\/"},"modified":"2025-06-01T12:24:11","modified_gmt":"2025-06-01T12:24:11","slug":"le-joli-coup-de-vandoeuvre-nancy","status":"publish","type":"post","link":"https:\/\/www.europesays.com\/fr\/144020\/","title":{"rendered":"le joli coup de Vandoeuvre Nancy"},"content":{"rendered":"<p>Contraint de reb\u00e2tir une \u00e9quipe compl\u00e8te avec la m\u00eame masse salariale que la saison derni\u00e8re, le VNVB va forc\u00e9ment \u00eatre appel\u00e9 \u00e0 faire des paris en mati\u00e8re de recrutement. Une vieille habitude, pour laquelle les dirigeants et techniciens vandop\u00e9riens ont plut\u00f4t fait preuve d\u2019habilet\u00e9 et d\u2019inspiration, ces derni\u00e8res saisons. Les r\u00e9sultats en attestent.<\/p>\n<p>Or, l\u2019arriv\u00e9e du jour n\u2019entre clairement pas dans la cat\u00e9gorie des coups de poker risqu\u00e9s. C\u2019est m\u00eame tout le contraire\u00a0: une valeur s\u00fbre\u00a0! Et, pour tout dire, un tr\u00e8s joli coup r\u00e9ussi sur le march\u00e9 des transferts. \u00c0 30 ans, Ajla Paradzik (1,90m) est l\u2019une des meilleures centrales du championnat de France. La Bosnienne conna\u00eet bien la boutique, puisqu\u2019elle a port\u00e9 le maillot du VNVB entre\u00a02019 et\u00a02021.<\/p>\n<p>Depuis cette exp\u00e9rience sous les ordres du coach bulgare Radoslav Arsov, la centrale internationale est rest\u00e9e fid\u00e8le \u00e0 la France. Et son parcours t\u00e9moigne de l\u2019int\u00e9r\u00eat que des clubs bien plus arm\u00e9s financi\u00e8rement que le VNVB ont port\u00e9 \u00e0 son profil\u00a0: Saint-Rapha\u00ebl (2021-22), Mulhouse (2022-23), puis Aix-Venelles (2023-25). Vu sous cet angle, son retour au bercail est vraisemblablement une aubaine pour la formation d\u00e9sormais entre les mains de Nicolas Vettori.<\/p>\n<p>  \u00ab\u00a0Un signal fort\u00a0\u00bb<\/p>\n<p>\u00ab\u00a0C\u2019est une joueuse combative et exp\u00e9riment\u00e9e, qui conna\u00eet d\u00e9j\u00e0 la maison\u00a0\u00bb, appr\u00e9cie le coach vandop\u00e9rien, \u00ab\u00a0son \u00e9tat d\u2019esprit et sa connaissance du championnat vont nous apporter beaucoup de stabilit\u00e9 et d\u2019\u00e9nergie\u00a0\u00bb. \u00ab\u00a0Le retour d\u2019Ajla Paradzik est un signal fort pour notre club\u00a0\u00bb, estime le pr\u00e9sident Patrick Venturini, \u00ab\u00a0c\u2019est une recrue de haut niveau qui correspond parfaitement \u00e0 nos objectifs et qui a laiss\u00e9 un tr\u00e8s bon souvenir. Notre projet sportif vise clairement le sommet du championnat et une pr\u00e9sence durable sur la sc\u00e8ne europ\u00e9enne. L\u2019arriv\u00e9e d\u2019Ajla s\u2019inscrit pleinement dans cette ambition\u00a0\u00bb.<\/p>\n<p>Apr\u00e8s <a href=\"https:\/\/www.estrepublicain.fr\/sport\/2025\/05\/08\/le-vnvb-tient-sa-premiere-recrue\" target=\"_blank\" rel=\"noopener\">la centrale am\u00e9ricaine Margaret Wolowicz<\/a> , Ajla Paradzik est la deuxi\u00e8me joueuse \u00e0 inscrire son nom dans le \u00ab\u00a0roster\u00a0\u00bb vandop\u00e9rien. Deux noms et deux bonnes raisons d\u2019avoir envie de conna\u00eetre la suite\u2026<\/p>\n<p>        &#13;<br \/>\n          <a href=\"https:\/\/cdn-s-www.estrepublicain.fr\/images\/adf7dbe5-d0f6-4454-a750-9a11f5b93ab7\/NW_raw\/le-vnvb-espere-surfer-sur-la-dynamique-de-la-saison-derniere-photo-severine-kichenbrand-1748725052.jpg\" title=\"Le VNVB esp\u00e8re surfer sur la dynamique de la saison derni\u00e8re.\u00a0 Photo\u00a0S\u00e9verine Kichenbrand\" class=\"chocolat-image GA-tracking\" data-ga_type=\"click\" data-ga_category=\"D\u00e9tail\" data-ga_action=\"zoomer\" data-ga_label=\"agrandir image\" target=\"_blank\" rel=\"noopener\">&#13;<br \/>\n            <img loading=\"lazy\" decoding=\"async\" src=\"https:\/\/www.europesays.com\/fr\/wp-content\/uploads\/2025\/06\/le-vnvb-espere-surfer-sur-la-dynamique-de-la-saison-derniere-photo-severine-kichenbrand-1748725052.j.jpeg\" alt=\"Le VNVB esp\u00e8re surfer sur la dynamique de la saison derni\u00e8re.\u00a0 Photo\u00a0S\u00e9verine Kichenbrand\"\/>&#13;<br \/>\n          <\/a>&#13;<br \/>\n          &#13;<\/p>\n<p class=\"insetTitle\">Le VNVB lance sa campagne d\u2019abonnement<\/p>\n<p>Au cours de cette saison 2024-25 exceptionnelle sur le plan sportif, la plus grande victoire du VNVB est peut-\u00eatre la trajectoire de sa cote d\u2019amour. Une popularit\u00e9 grandissante, dont <a href=\"https:\/\/www.estrepublicain.fr\/sport\/2024\/12\/30\/le-record-d-affluence-pour-un-match-de-championnat-et-la-place-de-leader-a-l-arrivee-un-dimanche-reve-pour-le-vnvb\" target=\"_blank\" rel=\"noopener\">le record d\u2019affluence \u00e9tabli \u00e0 Gentilly<\/a> a \u00e9videmment \u00e9t\u00e9 le point d\u2019orgue (5.698 spectateurs). D\u00e9sormais, c\u2019est tout un club qui affiche la volont\u00e9 d\u2019entretenir la flamme, de la faire grandir encore les soirs de match, au parc des sports de Vandoeuvre.<\/p>\n<p>Ce lundi d\u00e9bute une campagne d\u2019abonnement qui devrait permettre au VNVB de constater que l\u2019engouement ne s\u2019est pas tari, malgr\u00e9 le grand chamboulement de l\u2019effectif. \u00c0 ses supporters, le club propose trois formules avantageuses d\u2019abonnement, allant de 99\u00a0euros \u00e0 199\u00a0euros, mais aussi des packs couple et famille. Petite pr\u00e9cision\u00a0: la date limite pour profiter des avantages les plus int\u00e9ressants est le 29\u00a0juin\u2026<\/p>\n","protected":false},"excerpt":{"rendered":"Contraint de reb\u00e2tir une \u00e9quipe compl\u00e8te avec la m\u00eame masse salariale que la saison derni\u00e8re, le VNVB va&hellip;\n","protected":false},"author":2,"featured_media":144021,"comment_status":"","ping_status":"","sticky":false,"template":"","format":"standard","meta":{"footnotes":""},"categories":[1417],"tags":[1704,1011,27,6364,517,1700,60,5711,1750,1470,1632,1469],"class_list":{"0":"post-144020","1":"post","2":"type-post","3":"status-publish","4":"format-standard","5":"has-post-thumbnail","7":"category-volley","8":"tag-edition-nancy-et-agglomeration","9":"tag-fr","10":"tag-france","11":"tag-metropole-du-grand-nancy-54b1","12":"tag-sport","13":"tag-sport-lorrain","14":"tag-sports","15":"tag-vandoeuvre-les-nancy","16":"tag-vnvb","17":"tag-volley","18":"tag-volley-ball","19":"tag-volleyball"},"share_on_mastodon":{"url":"","error":""},"_links":{"self":[{"href":"https:\/\/www.europesays.com\/fr\/wp-json\/wp\/v2\/posts\/144020","targetHints":{"allow":["GET"]}}],"collection":[{"href":"https:\/\/www.europesays.com\/fr\/wp-json\/wp\/v2\/posts"}],"about":[{"href":"https:\/\/www.europesays.com\/fr\/wp-json\/wp\/v2\/types\/post"}],"author":[{"embeddable":true,"href":"https:\/\/www.europesays.com\/fr\/wp-json\/wp\/v2\/users\/2"}],"replies":[{"embeddable":true,"href":"https:\/\/www.europesays.com\/fr\/wp-json\/wp\/v2\/comments?post=144020"}],"version-history":[{"count":0,"href":"https:\/\/www.europesays.com\/fr\/wp-json\/wp\/v2\/posts\/144020\/revisions"}],"wp:featuredmedia":[{"embeddable":true,"href":"https:\/\/www.europesays.com\/fr\/wp-json\/wp\/v2\/media\/144021"}],"wp:attachment":[{"href":"https:\/\/www.europesays.com\/fr\/wp-json\/wp\/v2\/media?parent=144020"}],"wp:term":[{"taxonomy":"category","embeddable":true,"href":"https:\/\/www.europesays.com\/fr\/wp-json\/wp\/v2\/categories?post=144020"},{"taxonomy":"post_tag","embeddable":true,"href":"https:\/\/www.europesays.com\/fr\/wp-json\/wp\/v2\/tags?post=144020"}],"curies":[{"name":"wp","href":"https:\/\/api.w.org\/{rel}","templated":true}]}}