{"id":144034,"date":"2025-06-01T12:33:12","date_gmt":"2025-06-01T12:33:12","guid":{"rendered":"https:\/\/www.europesays.com\/fr\/144034\/"},"modified":"2025-06-01T12:33:12","modified_gmt":"2025-06-01T12:33:12","slug":"cette-exposition-est-un-tel-bonheur","status":"publish","type":"post","link":"https:\/\/www.europesays.com\/fr\/144034\/","title":{"rendered":"\u00ab Cette exposition est un tel bonheur&#8230; \u00bb"},"content":{"rendered":"<p>            Par<br \/>\n        <strong><br \/>\n            <a href=\"https:\/\/actu.fr\/auteur\/bernadette-ramel\" title=\"Consulter tous les articles de Bernadette Ramel\" target=\"_blank\" rel=\"noopener\">Bernadette Ramel<\/a><br \/>\n        <\/strong><\/p>\n<p>        Publi\u00e9 le<\/p>\n<p>            1 juin 2025 \u00e0 9h43        <\/p>\n<p>\u00ab Cette exposition est un tel bonheur, elle fait remonter des souvenirs d\u2019une \u00e9poque plus l\u00e9g\u00e8re\u2026 \u00bb, sourit Philippe Barth\u00e9l\u00e9my, qui tient, avec sa conjointe Nathalie Lamp\u00e9rin, <a href=\"https:\/\/actu.fr\/bretagne\/saint-malo_35288\/le-cafe-brocante-la-flemme-ouvre-a-saint-malo-un-lieu-ou-lon-vient-se-poser-et-flaner_61356575.html\" target=\"_blank\" rel=\"noopener\">le caf\u00e9-brocante La Flemme,<\/a> \u00e0 Saint-Servan. Une trentaine d\u2019\u0153uvres du peintre Herv\u00e9 Dubly y sont r\u00e9unies jusqu\u2019au d\u00e9but de l\u2019\u00e9t\u00e9. Pour le plus grand bonheur des Malouines et Malouins qui ont connu ce prolifique, inclassable et fantasque artiste, d\u00e9c\u00e9d\u00e9 il y a tout juste vingt ans. \u00ab Depuis que l\u2019exposition a ouvert, on a plein de remerciements, les gens partagent des anecdotes avec nous. \u00bb<\/p>\n<p>Il a dessin\u00e9 pour Dior<\/p>\n<p class=\" wall-content\">Herv\u00e9 Dubly n\u2019est donc pas tomb\u00e9 dans l\u2019oubli. Il faut dire qu\u2019il ne passait pas inaper\u00e7u et qu\u2019il avait fait de son art un spectacle. De Normandie, il \u00e9tait arriv\u00e9 en 1983 \u00e0 Saint-Malo, ville o\u00f9 s\u2019\u00e9taient fix\u00e9s ses parents. Gr\u00e2ce \u00e0 sa m\u00e8re, qu\u2019il v\u00e9n\u00e9rait, il a pu installer son atelier rue de la Fosse, <a href=\"https:\/\/actu.fr\/tag\/intra-muros\" target=\"_blank\" rel=\"noopener\">Intra-Muros<\/a>. Et s\u2019y d\u00e9dier enti\u00e8rement \u00e0 la peinture. Auparavant, il s\u2019\u00e9tait fait un nom \u00e0 Paris, dans le domaine de la mode. Il a dessin\u00e9 pour le magazine Vogue, mais aussi pour Yves Saint-Laurent, Christian Dior et Pierre Cardin.<\/p>\n<p class=\" wall-content\">\u00c0 Saint-Malo, on s\u2019attroupait pour le voir peindre. \u00ab Quand j\u2019\u00e9tais ado et qu\u2019on allait Intra-Muros, on cherchait Dubly \u00bb, \u00e9voque Nathalie Lamp\u00e9rin. Il ne pouvait pas travailler sans danser. \u00ab C\u2019\u00e9taient des prestations visuelles et sonores \u00bb, dit Philippe Barth\u00e9l\u00e9my.<\/p>\n<blockquote class=\"ac-article-quote wall-content\">\n<p>Il aimait se mettre en sc\u00e8ne. Il avait besoin du regard des gens pour peindre.<\/p>\n<p>Nathalie Lamp\u00e9rin<\/p><\/blockquote>\n<p class=\" wall-content\">Ce regard \u00e9tait parfois moqueur, car \u00ab ma\u00eetre Dubly \u00bb aimait porter des tenues f\u00e9minines, talons aiguilles compris.<\/p>\n<p class=\" wall-content\">Au-del\u00e0 de cela, il ne pouvait pas manquer d\u2019intriguer quand il se tenait\u2026 dos \u00e0 son sujet. \u00ab Il utilisait un r\u00e9troviseur qui lui servait \u00e0 \u2018cadrer\u2019 le paysage. \u00bb C\u2019\u00e9tait le cas par exemple pour cette vue de L\u2019H\u00f4tel de la porte Saint-Pierre, pr\u00eat\u00e9e par l\u2019\u00e9tablissement pour l\u2019exposition. \u00ab La propri\u00e9taire l\u2019avait vu peindre et lui avait dit, \u2018je vous l\u2019ach\u00e8te\u2019. Quelque temps plus tard, il a voulu reprendre le tableau car il trouvait que la mouette, en bas \u00e0 gauche, n\u2019allait pas bien. Elle a refus\u00e9. \u00bb<\/p>\n<p>Des portraits pour un repas<\/p>\n<p class=\" wall-content\">Des Malouins se souviennent aussi de l\u2019avoir vu, en longue tenue blanche, avec son radio cassette, danser en pleine rue devant une voiture de police. Il avait ses habitudes Intra, mais aussi \u00e0 Saint-Servan. Au B\u0153uf gros sel, un restaurant de la rue Amiral Magon, il lui arrivait de croquer un portrait pour le prix de son repas. \u00c0 l\u2019\u00e9t\u00e9 2000, il avait plant\u00e9 son chevalet devant la plage de l\u2019\u00c9cluse, \u00e0 Dinard, durant plusieurs semaines. On la (re) d\u00e9couvre dans cette exposition, avec ses embl\u00e9matiques tentes ray\u00e9es mais aussi un \u00e9norme bouquet de tournesols, un (bel) homme torse nu et un personnage incongru allong\u00e9 sur un transat\u2026 La toile est \u00e0 vendre pour 12 000\u00a0\u20ac.<\/p>\n<p class=\" wall-content\">Ce qui retient l\u2019attention, aussi, ce sont ses autoportraits de styles tr\u00e8s vari\u00e9s : silhouettes \u00e9vocatrices, androgynes ou f\u00e9minines, visage tortur\u00e9 quasi expressionniste, ou portrait \u00e0 la Van Gogh. On y d\u00e9c\u00e8le un narcissisme certain, mais aussi son \u00ab ambigu\u00eft\u00e9 de genre \u00bb.<\/p>\n<p>Il s\u2019est mari\u00e9 \u00e0 lui-m\u00eame<\/p>\n<p class=\" wall-content\">Le 30\u00a0janvier 2005, alors qu\u2019il luttait contre un cancer du poumon, il s\u2019\u00e9tait mari\u00e9 \u00e0 la cath\u00e9drale Saint-Vincent\u2026 avec lui-m\u00eame. Il en avait tir\u00e9 un double autoportrait sous-titr\u00e9 \u00ab l\u2019union parfaite \u00bb.<\/p>\n<p class=\" wall-content\">\u00ab Des amis m\u2019attendaient \u00e0 la porte de la cath\u00e9drale. L\u2019un avait une casquette de chauffeur. Moi, j\u2019\u00e9tais habill\u00e9 comme la reine d\u2019Angleterre. J\u2019ai fait mon voyage de noces en voiture, en longeant la c\u00f4te entre Saint-Malo et Dinard. Les arbres \u00e9taient magnifiques : si j\u2019avais eu ma palette\u2026 \u00bb, avait-il racont\u00e9 \u00e0 Ouest-France quelques jours plus tard.<\/p>\n<p class=\" wall-content\">Dans cette m\u00eame cath\u00e9drale, un de ses tableaux, figurant la descente du Christ, est rest\u00e9 longtemps accroch\u00e9. Une \u0153uvre magistrale, puissante, qui s\u2019y trouvait encore en 2005 \u00e0 la mort de l\u2019artiste. Philippe Barth\u00e9l\u00e9my, qui a pass\u00e9 un an \u00e0 rassembler des \u0153uvres pour cette exposition, s\u2019\u00e9tait mis en t\u00eate de la retrouver.<\/p>\n<p class=\" wall-content\">Chose faite gr\u00e2ce au cur\u00e9 de l\u2019\u00e9poque, l\u2019abb\u00e9 Haudebert, et \u00e0 celui d\u2019aujourd\u2019hui, l\u2019abb\u00e9 L\u00e9v\u00eaque. L\u2019\u0153uvre en question, finalement d\u00e9nich\u00e9e au presbyt\u00e8re, avait sans doute \u00e9t\u00e9 d\u00e9croch\u00e9e pour l\u2019exposition r\u00e9trospective d\u00e9di\u00e9e \u00e0 Dubly, organis\u00e9e par la Ville de Saint-Malo en 2008. \u00ab Elle sera r\u00e9expos\u00e9e \u00e0 la cath\u00e9drale, m\u2019a promis le cur\u00e9, rapporte Philippe Barth\u00e9l\u00e9my. Il l\u2019a trouv\u00e9e sublime\u2026 \u00bb<\/p>\n<p>L\u2019exposition est \u00e0 voir jusqu\u2019au d\u00e9but de l\u2019\u00e9t\u00e9 au caf\u00e9-brocante La Flemme, 51 rue Ville-P\u00e9pin, \u00e0 Saint-Malo (Saint-Servan), du mardi au samedi de 10 h \u00e0 20 h 30.<\/p>\n<p class=\" wall-content\">Suivez toute l\u2019actualit\u00e9 de vos villes et m\u00e9dias favoris en vous inscrivant \u00e0 <a href=\"https:\/\/moncompte.actu.fr\" title=\"D\u00e9couvez Mon Actu\" rel=\"nofollow noopener\" data-trk=\"{&quot;cta&quot;:{&quot;action&quot;:&quot;https:\\\/\\\/moncompte.actu.fr&quot;,&quot;category&quot;:&quot;mon compte&quot;,&quot;from&quot;:&quot;article footer&quot;,&quot;name&quot;:&quot;Mon actu&quot;,&quot;type&quot;:&quot;cta&quot;}}\" target=\"_blank\">Mon Actu<\/a>.<\/p>\n<ul class=\"ac-article-tag wall-content\">\n<li><a href=\"https:\/\/actu.fr\/tag\/intra-muros\" data-trk=\"{&quot;cta&quot;:{&quot;action&quot;:&quot;Intra Muros&quot;,&quot;category&quot;:&quot;tag&quot;,&quot;from&quot;:&quot;article footer&quot;,&quot;name&quot;:&quot;Intra Muros&quot;,&quot;type&quot;:&quot;cta&quot;}}\" target=\"_blank\" rel=\"noopener\">#Intra Muros<\/a><\/li>\n<li><a href=\"https:\/\/actu.fr\/tag\/sortir-a-saint-malo\" data-trk=\"{&quot;cta&quot;:{&quot;action&quot;:&quot;Sortir \\u00e0 Saint-Malo&quot;,&quot;category&quot;:&quot;tag&quot;,&quot;from&quot;:&quot;article footer&quot;,&quot;name&quot;:&quot;Sortir \\u00e0 Saint-Malo&quot;,&quot;type&quot;:&quot;cta&quot;}}\" target=\"_blank\" rel=\"noopener\">#Sortir \u00e0 Saint-Malo<\/a><\/li>\n<\/ul>\n","protected":false},"excerpt":{"rendered":"Par Bernadette Ramel Publi\u00e9 le 1 juin 2025 \u00e0 9h43 \u00ab Cette exposition est un tel bonheur, elle&hellip;\n","protected":false},"author":2,"featured_media":144035,"comment_status":"","ping_status":"","sticky":false,"template":"","format":"standard","meta":{"footnotes":""},"categories":[1358],"tags":[1348,1384,1385,1386,58,59,1011,27,26813,1652,16610],"class_list":{"0":"post-144034","1":"post","2":"type-post","3":"status-publish","4":"format-standard","5":"has-post-thumbnail","7":"category-arts-et-design","8":"tag-arts","9":"tag-arts-and-design","10":"tag-arts-et-design","11":"tag-design","12":"tag-divertissement","13":"tag-entertainment","14":"tag-fr","15":"tag-france","16":"tag-intra-muros","17":"tag-loisirs-culture","18":"tag-sortir-a-saint-malo"},"share_on_mastodon":{"url":"https:\/\/pubeurope.com\/@fr\/114608131559041081","error":""},"_links":{"self":[{"href":"https:\/\/www.europesays.com\/fr\/wp-json\/wp\/v2\/posts\/144034","targetHints":{"allow":["GET"]}}],"collection":[{"href":"https:\/\/www.europesays.com\/fr\/wp-json\/wp\/v2\/posts"}],"about":[{"href":"https:\/\/www.europesays.com\/fr\/wp-json\/wp\/v2\/types\/post"}],"author":[{"embeddable":true,"href":"https:\/\/www.europesays.com\/fr\/wp-json\/wp\/v2\/users\/2"}],"replies":[{"embeddable":true,"href":"https:\/\/www.europesays.com\/fr\/wp-json\/wp\/v2\/comments?post=144034"}],"version-history":[{"count":0,"href":"https:\/\/www.europesays.com\/fr\/wp-json\/wp\/v2\/posts\/144034\/revisions"}],"wp:featuredmedia":[{"embeddable":true,"href":"https:\/\/www.europesays.com\/fr\/wp-json\/wp\/v2\/media\/144035"}],"wp:attachment":[{"href":"https:\/\/www.europesays.com\/fr\/wp-json\/wp\/v2\/media?parent=144034"}],"wp:term":[{"taxonomy":"category","embeddable":true,"href":"https:\/\/www.europesays.com\/fr\/wp-json\/wp\/v2\/categories?post=144034"},{"taxonomy":"post_tag","embeddable":true,"href":"https:\/\/www.europesays.com\/fr\/wp-json\/wp\/v2\/tags?post=144034"}],"curies":[{"name":"wp","href":"https:\/\/api.w.org\/{rel}","templated":true}]}}