{"id":144038,"date":"2025-06-01T12:35:08","date_gmt":"2025-06-01T12:35:08","guid":{"rendered":"https:\/\/www.europesays.com\/fr\/144038\/"},"modified":"2025-06-01T12:35:08","modified_gmt":"2025-06-01T12:35:08","slug":"le-chagrin-et-la-pitie-leffondrement","status":"publish","type":"post","link":"https:\/\/www.europesays.com\/fr\/144038\/","title":{"rendered":"Le chagrin et la piti\u00e9 : L&rsquo;effondrement"},"content":{"rendered":"<p>                <img loading=\"lazy\" decoding=\"async\" class=\"img_preview_image\" viewbox=\"true\" src=\"https:\/\/www.europesays.com\/fr\/wp-content\/uploads\/2025\/06\/6846990.jpg\" width=\"200\" height=\"155\" alt=\"Le chagrin et la piti\u00e9 : L'effondrement\"\/>A l&rsquo;aide d&rsquo;images d&rsquo;archives jusque-l\u00e0 in\u00e9dites et en donnant la parole \u00e0 des habitants de Clermont-Ferrand et \u00e0 des personnages, anonymes ou c\u00e9l\u00e8bres, fran\u00e7ais ou \u00e9trangers, qui v\u00e9curent diversement l&rsquo;Occupation, Marcel Oph\u00fcls et Andr\u00e9 Harris ont lev\u00e9 le tabou qui pesait sur le comportement de la France et des Fran\u00e7ais durant ces ann\u00e9es noires. Et bris\u00e9 \u00e0 jamais l&rsquo;imagerie d&rsquo;Epinal d&rsquo;une nation fi\u00e8re et digne, unie contre l&rsquo;Occupant. La r\u00e9alit\u00e9 du r\u00e9gime de Vichy, la bassesse, la l\u00e2chet\u00e9, les petites compromissions et les franches trahisons sont impitoyablement mises en lumi\u00e8re. Le courage h\u00e9ro\u00efque et le r\u00f4le des R\u00e9sistants ne sont pas tus pour autant mais rendus \u00e0 leurs vraisemblables proportions et \u00e0 leur chronologie.            <\/p>\n","protected":false},"excerpt":{"rendered":"A l&rsquo;aide d&rsquo;images d&rsquo;archives jusque-l\u00e0 in\u00e9dites et en donnant la parole \u00e0 des habitants de Clermont-Ferrand et \u00e0&hellip;\n","protected":false},"author":2,"featured_media":144039,"comment_status":"","ping_status":"","sticky":false,"template":"","format":"standard","meta":{"footnotes":""},"categories":[1356],"tags":[58,59,1011,27,252,1364],"class_list":{"0":"post-144038","1":"post","2":"type-post","3":"status-publish","4":"format-standard","5":"has-post-thumbnail","7":"category-television","8":"tag-divertissement","9":"tag-entertainment","10":"tag-fr","11":"tag-france","12":"tag-television","13":"tag-tv"},"share_on_mastodon":{"url":"https:\/\/pubeurope.com\/@fr\/114608139443853986","error":""},"_links":{"self":[{"href":"https:\/\/www.europesays.com\/fr\/wp-json\/wp\/v2\/posts\/144038","targetHints":{"allow":["GET"]}}],"collection":[{"href":"https:\/\/www.europesays.com\/fr\/wp-json\/wp\/v2\/posts"}],"about":[{"href":"https:\/\/www.europesays.com\/fr\/wp-json\/wp\/v2\/types\/post"}],"author":[{"embeddable":true,"href":"https:\/\/www.europesays.com\/fr\/wp-json\/wp\/v2\/users\/2"}],"replies":[{"embeddable":true,"href":"https:\/\/www.europesays.com\/fr\/wp-json\/wp\/v2\/comments?post=144038"}],"version-history":[{"count":0,"href":"https:\/\/www.europesays.com\/fr\/wp-json\/wp\/v2\/posts\/144038\/revisions"}],"wp:featuredmedia":[{"embeddable":true,"href":"https:\/\/www.europesays.com\/fr\/wp-json\/wp\/v2\/media\/144039"}],"wp:attachment":[{"href":"https:\/\/www.europesays.com\/fr\/wp-json\/wp\/v2\/media?parent=144038"}],"wp:term":[{"taxonomy":"category","embeddable":true,"href":"https:\/\/www.europesays.com\/fr\/wp-json\/wp\/v2\/categories?post=144038"},{"taxonomy":"post_tag","embeddable":true,"href":"https:\/\/www.europesays.com\/fr\/wp-json\/wp\/v2\/tags?post=144038"}],"curies":[{"name":"wp","href":"https:\/\/api.w.org\/{rel}","templated":true}]}}