{"id":144040,"date":"2025-06-01T12:36:09","date_gmt":"2025-06-01T12:36:09","guid":{"rendered":"https:\/\/www.europesays.com\/fr\/144040\/"},"modified":"2025-06-01T12:36:09","modified_gmt":"2025-06-01T12:36:09","slug":"dj-snake-et-niska-sortent-un-titre-surprise-psg-boyz-freestyle-apres-le-succes-parisien-en-ligue-des-champions","status":"publish","type":"post","link":"https:\/\/www.europesays.com\/fr\/144040\/","title":{"rendered":"DJ Snake et Niska sortent un titre surprise, \u00abPSG Boyz Freestyle\u00bb, apr\u00e8s le succ\u00e8s parisien en Ligue des champions"},"content":{"rendered":"<p>Dimanche, vers 13 heures, le titre diffus\u00e9 par le DJ fran\u00e7ais totalisait d\u00e9j\u00e0 plus de 160.000 vues sur YouTube.<\/p>\n<p class=\"fig-paragraph\">DJ Snake et le rappeur Niska, supporters du Paris Saint-Germain, ont diffus\u00e9 un titre surprise apr\u00e8s<a href=\"http:\/\/www.lefigaro.fr\/sports\/football\/ligue-des-champions\/ligue-des-champions-a-l-issue-d-une-finale-de-reve-le-psg-au-sommet-de-l-europe-20250531\" target=\"_blank\" data-fig-type=\"NewsFlash\" rel=\"noopener\" data-gtm-custom-categorie=\"navigation\" data-gtm-custom-action=\"crossclick\" data-gtm-custom-label=\"Contextuel\" data-gtm-event=\"customEventSPE\" data-fig-domain=\"LEFIGARO\">\u00a0la victoire du PSG en finale de Ligue des champions samedi soir<\/a>, dans lequel ils rendent hommage \u00e0 leur club.<\/p>\n<p class=\"fig-paragraph\">Peu apr\u00e8s le coup de sifflet final, le DJ fran\u00e7ais \u00e0 l&rsquo;aura internationale a publi\u00e9 sur YouTube le titre \u00abPSG Boyz Freestyle\u00bb, o\u00f9 Niska chante \u00abParis, ma ville, elle est magique\u00bb et reprend un slogan des supporters, tout en citant plusieurs joueurs de l&rsquo;\u00e9quipe. Les deux artistes ont ainsi c\u00e9l\u00e9br\u00e9 la victoire du club parisien face \u00e0 l&rsquo;Inter Milan 5 \u00e0 0, qui lui permet de remporter la premi\u00e8re Ligue des champions de son histoire.<\/p>\n<p class=\"fig-paragraph\">Dimanche, vers 13 heures, le titre totalisait plus de 160.000 vues sur YouTube. Ce morceau sort pr\u00e8s de 10 ans apr\u00e8s un premier clin d&rsquo;\u0153il au PSG de Niska, qui chantait en 2015 \u00abMatuidi Charo\u00bb, en r\u00e9f\u00e9rence \u00e0 l&rsquo;ancien milieu de terrain du club, Blaise Matuidi. DJ Snake, \u00abambassadeur non officiel\u00bb du club parisien selon ses propres mots, s&rsquo;\u00e9tait quant \u00e0 lui notamment produit en 2022 devant 60.000 personnes au Parc des Princes, o\u00f9 joue le Paris Saint-Germain.<\/p>\n","protected":false},"excerpt":{"rendered":"Dimanche, vers 13 heures, le titre diffus\u00e9 par le DJ fran\u00e7ais totalisait d\u00e9j\u00e0 plus de 160.000 vues sur&hellip;\n","protected":false},"author":2,"featured_media":144041,"comment_status":"","ping_status":"","sticky":false,"template":"","format":"standard","meta":{"footnotes":""},"categories":[1355],"tags":[4791,786,525,448,1981,1089,814,58,20128,59,2257,63,1011,27,2705,447,1307,3490,955,1361,873,4589,4789,93,4790,1980,455],"class_list":{"0":"post-144040","1":"post","2":"type-post","3":"status-publish","4":"format-standard","5":"has-post-thumbnail","7":"category-musique","8":"tag-barcelone","9":"tag-c1","10":"tag-calendrier","11":"tag-champions-league","12":"tag-classement","13":"tag-coupe-deurope","14":"tag-direct","15":"tag-divertissement","16":"tag-dj-snake","17":"tag-entertainment","18":"tag-foot","19":"tag-football","20":"tag-fr","21":"tag-france","22":"tag-groupe","23":"tag-ligue-des-champions","24":"tag-lille","25":"tag-liverpool","26":"tag-match","27":"tag-music","28":"tag-musique","29":"tag-phase-finale","30":"tag-poule","31":"tag-psg","32":"tag-real-madrid","33":"tag-resultats","34":"tag-uefa"},"share_on_mastodon":{"url":"https:\/\/pubeurope.com\/@fr\/114608143336783474","error":""},"_links":{"self":[{"href":"https:\/\/www.europesays.com\/fr\/wp-json\/wp\/v2\/posts\/144040","targetHints":{"allow":["GET"]}}],"collection":[{"href":"https:\/\/www.europesays.com\/fr\/wp-json\/wp\/v2\/posts"}],"about":[{"href":"https:\/\/www.europesays.com\/fr\/wp-json\/wp\/v2\/types\/post"}],"author":[{"embeddable":true,"href":"https:\/\/www.europesays.com\/fr\/wp-json\/wp\/v2\/users\/2"}],"replies":[{"embeddable":true,"href":"https:\/\/www.europesays.com\/fr\/wp-json\/wp\/v2\/comments?post=144040"}],"version-history":[{"count":0,"href":"https:\/\/www.europesays.com\/fr\/wp-json\/wp\/v2\/posts\/144040\/revisions"}],"wp:featuredmedia":[{"embeddable":true,"href":"https:\/\/www.europesays.com\/fr\/wp-json\/wp\/v2\/media\/144041"}],"wp:attachment":[{"href":"https:\/\/www.europesays.com\/fr\/wp-json\/wp\/v2\/media?parent=144040"}],"wp:term":[{"taxonomy":"category","embeddable":true,"href":"https:\/\/www.europesays.com\/fr\/wp-json\/wp\/v2\/categories?post=144040"},{"taxonomy":"post_tag","embeddable":true,"href":"https:\/\/www.europesays.com\/fr\/wp-json\/wp\/v2\/tags?post=144040"}],"curies":[{"name":"wp","href":"https:\/\/api.w.org\/{rel}","templated":true}]}}