{"id":144047,"date":"2025-06-01T12:40:08","date_gmt":"2025-06-01T12:40:08","guid":{"rendered":"https:\/\/www.europesays.com\/fr\/144047\/"},"modified":"2025-06-01T12:40:08","modified_gmt":"2025-06-01T12:40:08","slug":"je-dois-faire-honneur-a-mon-pere-les-confidences-du-fils-de-joe-dassin","status":"publish","type":"post","link":"https:\/\/www.europesays.com\/fr\/144047\/","title":{"rendered":"\u00ab\u00a0Je dois faire honneur \u00e0 mon p\u00e8re\u00a0\u00bb, les confidences du fils de Joe Dassin"},"content":{"rendered":"<p>\u00ab\u00a0Mon p\u00e8re est mort quand je n\u2019avais pas encore 2 ans, mes souvenirs ne sont pas tr\u00e8s clairs, entre ce qui rel\u00e8ve de ma m\u00e9moire et des histoires familiales.\u00a0\u00bb\u00a0Jonathan Dassin est le fils a\u00een\u00e9 de Joe Dassin, chanteur des mythiques tubes L\u2019\u00e9t\u00e9 indien, Et si tu n\u2019existais pas, <a href=\"https:\/\/www.laprovence.com\/article\/culture-loisirs\/1494036119544715\/retour-dans-le-tube-cathodique-des-annees-70-dimanche-11-mai-au-theatre-des-princes-dorange\" target=\"_blank\" rel=\"nofollow noopener\">Les Champs-\u00c9lys\u00e9es<\/a>, \u00c0 toi ou encore Les Yeux d\u2019\u00c9milie que tout fan de rugby conna\u00eet d\u00e9sormais par c\u0153ur dans les stades. Pour les 50\u00a0ans de L\u2019\u00e9t\u00e9 Indien, Jonathan a sorti une reprise pour rendre hommage \u00e0 son p\u00e8re. Musicien \u00e0 part enti\u00e8re, il joue depuis quelques ann\u00e9es en concert le r\u00e9pertoire de \u00ab\u00a0papa\u00a0\u00bb. Et ce qui est frappant, au-del\u00e0 d\u2019un air de famille indiscutable, c\u2019est la ressemblance des voix. Lors de notre conversation t\u00e9l\u00e9phonique, la tonalit\u00e9 de sa voix est troublante. On entend Joe Dassin. Mais surtout, on entend la fiert\u00e9 d\u2019un fils et la volont\u00e9 de mettre \u00e0 l\u2019honneur une figure populaire toujours aussi appr\u00e9ci\u00e9e, 45\u00a0ans apr\u00e8s sa disparition. Concerts, dont un sur <a href=\"https:\/\/www.laprovence.com\/article\/culture-loisirs\/50663010137320\/video-claude-francois-jr-la-nostalgie-n-a-jamais-eu-autant-d-avenir\" target=\"_blank\" rel=\"nofollow noopener\">la \u00ab\u00a0Croisi\u00e8re Claude Fran\u00e7ois\u00a0\u00bb \u00e0 l\u2019invitation du fils de ce dernier,<\/a> futur album, et m\u00eame un biopic\u00a0: Jonathan Dassin fait revivre la m\u00e9moire de son p\u00e8re et nous livre quelques confidences familiales et musicales.<\/p>\n<p><strong>Comment s\u2019attaque-t-on \u00e0 un monument comme L\u2019\u00e9t\u00e9 Indien, 50\u00a0ans apr\u00e8s et avec autant d\u2019affect\u00a0?<\/strong>&#13;\n<\/p>\n<p>Avec beaucoup d\u2019appr\u00e9hension\u00a0! Personne n\u2019a chant\u00e9 cette chanson apr\u00e8s mon p\u00e8re. Il l\u2019a incarn\u00e9e et port\u00e9e. Je suis son fils, je ne dois pas faire n\u2019importe quoi. Je dois faire honneur \u00e0 mon p\u00e8re et \u00e0 la chanson\u00a0! On a finalement d\u00e9samorc\u00e9 cette pression en la faisant chanter \u00e0 d\u2019autres personnes, je partage les versions sur mes r\u00e9seaux sociaux et tout le monde participe \u00e0 l\u2019hommage.<\/p>\n<p><strong>Quel \u00e9tait le but de votre version\u00a0?<\/strong>&#13;\n<\/p>\n<p>L\u2019id\u00e9e \u00e9tait de mettre la chanson dans notre temps mais d\u2019\u00e9voquer quand m\u00eame cette belle p\u00e9riode. C\u2019est un ami de 30\u00a0ans qui a r\u00e9alis\u00e9 ce titre donc j\u2019\u00e9tais en confiance. Elle est \u00e9l\u00e9gante, fid\u00e8le et modernis\u00e9e.<\/p>\n<p><strong>Vous sortez aussi un album avec les chansons de votre p\u00e8re\u2026<\/strong>&#13;\n<\/p>\n<p>Il y aura 28 chansons : celles de papa et les miennes. Ce sera sous la forme d\u2019un double album, pour le dernier trimestre 2025.<\/p>\n","protected":false},"excerpt":{"rendered":"\u00ab\u00a0Mon p\u00e8re est mort quand je n\u2019avais pas encore 2 ans, mes souvenirs ne sont pas tr\u00e8s clairs,&hellip;\n","protected":false},"author":2,"featured_media":144048,"comment_status":"","ping_status":"","sticky":false,"template":"","format":"standard","meta":{"footnotes":""},"categories":[8],"tags":[17,251,27240,58,27241,59,4560,1011,27,14472,757,14171,11078],"class_list":{"0":"post-144047","1":"post","2":"type-post","3":"status-publish","4":"format-standard","5":"has-post-thumbnail","7":"category-divertissement","8":"tag-17","9":"tag-culture","10":"tag-dassin","11":"tag-divertissement","12":"tag-dois","13":"tag-entertainment","14":"tag-faire","15":"tag-fr","16":"tag-france","17":"tag-honneur","18":"tag-je","19":"tag-jonathan","20":"tag-mon"},"share_on_mastodon":{"url":"https:\/\/pubeurope.com\/@fr\/114608159031752673","error":""},"_links":{"self":[{"href":"https:\/\/www.europesays.com\/fr\/wp-json\/wp\/v2\/posts\/144047","targetHints":{"allow":["GET"]}}],"collection":[{"href":"https:\/\/www.europesays.com\/fr\/wp-json\/wp\/v2\/posts"}],"about":[{"href":"https:\/\/www.europesays.com\/fr\/wp-json\/wp\/v2\/types\/post"}],"author":[{"embeddable":true,"href":"https:\/\/www.europesays.com\/fr\/wp-json\/wp\/v2\/users\/2"}],"replies":[{"embeddable":true,"href":"https:\/\/www.europesays.com\/fr\/wp-json\/wp\/v2\/comments?post=144047"}],"version-history":[{"count":0,"href":"https:\/\/www.europesays.com\/fr\/wp-json\/wp\/v2\/posts\/144047\/revisions"}],"wp:featuredmedia":[{"embeddable":true,"href":"https:\/\/www.europesays.com\/fr\/wp-json\/wp\/v2\/media\/144048"}],"wp:attachment":[{"href":"https:\/\/www.europesays.com\/fr\/wp-json\/wp\/v2\/media?parent=144047"}],"wp:term":[{"taxonomy":"category","embeddable":true,"href":"https:\/\/www.europesays.com\/fr\/wp-json\/wp\/v2\/categories?post=144047"},{"taxonomy":"post_tag","embeddable":true,"href":"https:\/\/www.europesays.com\/fr\/wp-json\/wp\/v2\/tags?post=144047"}],"curies":[{"name":"wp","href":"https:\/\/api.w.org\/{rel}","templated":true}]}}