{"id":144057,"date":"2025-06-01T12:45:08","date_gmt":"2025-06-01T12:45:08","guid":{"rendered":"https:\/\/www.europesays.com\/fr\/144057\/"},"modified":"2025-06-01T12:45:08","modified_gmt":"2025-06-01T12:45:08","slug":"la-presse-etrangere-acclame-le-psg-apres-son-triomphe-en-ligue-des-champions-liberation","status":"publish","type":"post","link":"https:\/\/www.europesays.com\/fr\/144057\/","title":{"rendered":"La presse \u00e9trang\u00e8re acclame le PSG apr\u00e8s son triomphe en Ligue des Champions \u2013 Lib\u00e9ration"},"content":{"rendered":"<p class=\"sc-ksZaOG ehjQrN text-element\">A Munich, le PSG <a href=\"https:\/\/www.liberation.fr\/sports\/football\/ligue-des-champions-le-psg-met-linter-a-terre-et-senvole-vers-son-etoile-20250531_JYLDR3EGFNHO5ALBOONJBAXRII\/\" target=\"_blank\" rel=\"noreferrer nofollow noopener\" title=\"https:\/\/www.liberation.fr\/sports\/football\/ligue-des-champions-le-psg-met-linter-a-terre-et-senvole-vers-son-etoile-20250531_JYLDR3EGFNHO5ALBOONJBAXRII\/\">a march\u00e9 sur l\u2019Inter Milan<\/a> en finale de la <a href=\"https:\/\/www.liberation.fr\/sports\/football\/victoire-du-psg-en-ligue-des-champions-294-interpellations-apres-des-debordements-a-paris-20250601_BKF3C4U6HJFATHD3F45XZSJNSY\/\" target=\"_blank\" rel=\"noreferrer nofollow noopener\" title=\"https:\/\/www.liberation.fr\/sports\/football\/victoire-du-psg-en-ligue-des-champions-294-interpellations-apres-des-debordements-a-paris-20250601_BKF3C4U6HJFATHD3F45XZSJNSY\/\">Ligue des champions<\/a> et r\u00e8gne d\u00e9sormais sur l\u2019Europe. Un ahurissant 5 \u00e0 0 qui a forc\u00e9ment impressionn\u00e9 la presse \u00e9trang\u00e8re. La plupart des unes parues ce dimanche 1er juin s\u2019enthousiasment pour l\u2019\u00e9quipe parisienne.<\/p>\n<p class=\"sc-ksZaOG ehjQrN text-element\">Deux Parisiens concentrent l\u2019essentiel des louanges : l\u2019entra\u00eeneur Luis Enrique et le milieu offensif D\u00e9sir\u00e9 Dou\u00e9, double buteur et auteur d\u2019une passe d\u00e9cisive en finale. La presse espagnole applaudit, \u00e0 commencer par <a href=\"https:\/\/www.marca.com\/futbol\/champions-league\/2025\/06\/01\/luis-enrique-iguala-guardiola-dos-tripletes-lugar-historia.html\" target=\"_blank\" rel=\"noreferrer nofollow noopener\" title=\"https:\/\/www.marca.com\/futbol\/champions-league\/2025\/06\/01\/luis-enrique-iguala-guardiola-dos-tripletes-lugar-historia.html\">Marca<\/a> : \u00abLuis Enrique signe son chef-d\u2019\u0153uvre et couronne le PSG de son premier titre en Ligue des champions\u00bb, avant d\u2019analyser : \u00abGagner la Ligue des champions n\u2019est pas la m\u00eame chose que de la gagner en tant que \u201cgrande \u00e9quipe\u201d. Et le PSG de Luis Enrique l\u2019a fait. Ils ont battu l\u2019Inter Milan \u00e0 Munich, l\u2019\u00e9liminant de la carte en seulement vingt minutes, et lui ont ensuite inflig\u00e9 une racl\u00e9e historique. D\u00e9sir\u00e9 Dou\u00e9, MVP [most valuable player, ndlr] de la finale avec deux buts et une passe d\u00e9cisive, a men\u00e9 le PSG \u00e0 son premier titre en Ligue des champions\u2026 et l\u2019Inter \u00e0 la plus grande d\u00e9route de l\u2019histoire d\u2019une finale de Coupe d\u2019Europe ou de Ligue des champions.\u00bb<\/p>\n<p class=\"sc-ksZaOG ehjQrN text-element\">M\u00eames compliments d\u2019<a href=\"https:\/\/www.mundodeportivo.com\/futbol\/champions-league\/20250530\/1002474598\/psg-gana-champions-inter-milan.html\" target=\"_blank\" rel=\"noreferrer nofollow noopener\" title=\"https:\/\/www.mundodeportivo.com\/futbol\/champions-league\/20250530\/1002474598\/psg-gana-champions-inter-milan.html\">El Mundo Deportivo<\/a>, qui fait la part belle \u00e0 \u00ab\u201cMonsieur\u201d Luis Enrique\u00bb qui \u00aboffre au PSG sa premi\u00e8re Ligue des champions\u00bb. \u00abLuis Enrique avait un plan et il l\u2019a ex\u00e9cut\u00e9 parfaitement pour atteindre l\u2019objectif qui ces derni\u00e8res ann\u00e9es \u00e9tait devenu une obsession pour le Paris Saint-Germain. Co\u00efncidant avec le d\u00e9part de Kylian Mbapp\u00e9 au Real Madrid, l\u2019entra\u00eeneur asturien a affirm\u00e9 que le PSG allait \u00eatre une meilleure \u00e9quipe cette saison qu\u2019il ne l\u2019avait \u00e9t\u00e9 jusqu\u2019alors. A peine dit que c\u2019\u00e9tait fait. Lucho a r\u00e9ussi \u00e0 mener l\u2019\u00e9quipe parisienne au premier titre de Ligue des champions de son histoire, et il l\u2019a fait en restant fid\u00e8le \u00e0 lui-m\u00eame \u00e0 tout moment\u00bb, f\u00e9licite l\u2019autre quotidien de sport.<\/p>\n<p class=\"sc-ksZaOG ehjQrN text-element\">Seul <a href=\"https:\/\/as.com\/noticias\/paris-saint-germain\/\" target=\"_blank\" rel=\"noreferrer nofollow noopener\" title=\"https:\/\/as.com\/noticias\/paris-saint-germain\/\">AS<\/a> se montre sarcastique, en titrant sur \u00abUne Ligue des champions d\u2019une valeur de 2,283 milliards d\u2019euros\u00bb. Le journal r\u00e9sume l\u2019affaire ainsi : \u00abPar une chaude nuit de mai, apr\u00e8s un excellent match, le football a accept\u00e9 le PSG pour toujours, la Ligue des champions a accueilli dans ses mains un nouveau champion, construit par le Qatar, qui a investi 2,283 milliards en recrutements en moins de quinze ans jusqu\u2019\u00e0 son couronnement. Il restera \u00e9galement \u00e9crit dans les annales que celui qui y est parvenu fut Luis Enrique, ce g\u00e9nie d\u00e9sapprouv\u00e9 dans la moiti\u00e9 de l\u2019Espagne mais idol\u00e2tr\u00e9 dans le reste du monde, cet entra\u00eeneur qui a fait comprendre \u00e0 l\u2019\u00e9mir et \u00e0 Al-Khela\u00effi que la gloire s\u2019obtient sur le banc, et non aupr\u00e8s des stars. Son projet, plus footballistique que m\u00e9diatique, a une fois de plus donn\u00e9 raison aux connaisseurs : dans ce sport, les strat\u00e8ges gagnent et les m\u00e9galomanes perdent. Toujours.\u00bb<\/p>\n<p class=\"sc-ksZaOG ehjQrN text-element\">Les m\u00e9dias italiens n\u2019ont \u00e9videmment pas \u00e9pargn\u00e9 l\u2019Inter. \u00abPas comme \u00e7a\u00bb rage ainsi <a href=\"https:\/\/www.corriere.it\/sport\/calcio\/champions-league\/25_giugno_01\/inzaghi-bivio-delusione-champions-vertice-inter-arabia-f317f2a6-4c7b-4ab2-b17e-3445002d3xlk.shtml?refresh_ce\" target=\"_blank\" rel=\"noreferrer nofollow noopener\" title=\"https:\/\/www.corriere.it\/sport\/calcio\/champions-league\/25_giugno_01\/inzaghi-bivio-delusione-champions-vertice-inter-arabia-f317f2a6-4c7b-4ab2-b17e-3445002d3xlk.shtml?refresh_ce\">la Gazzetta<\/a>, d\u00e9go\u00fbt\u00e9 par l\u2019humiliation subie par les Interistes. Le quotidien transalpin analyse : \u00abLe PSG exag\u00e8re. Une finale remport\u00e9e en dominant dans tous les domaines. On se demandera longtemps quelle \u00e9tait la kryptonite qui a paralys\u00e9 une Inter m\u00e9connaissable d\u00e8s les premiers dribbles du duo Kvara-Dou\u00e9. L\u2019arme tactique de Luis Enrique, Dou\u00e9 au nom pr\u00e9destin\u00e9, est le gar\u00e7on portant le num\u00e9ro 10, l\u2019alter ego de Mbapp\u00e9 sorti de l\u2019ombre apr\u00e8s ses adieux, alors que Demb\u00e9l\u00e9 \u2013 33 buts cette saison \u2013 avait re\u00e7u une consigne : mordre les pieds de Sommer, principal instigateur du jeu.\u00bb<\/p>\n<p class=\"sc-ksZaOG ehjQrN text-element\"><a href=\"https:\/\/www.tuttosport.com\/news\/calcio\/champions-league\/2025\/05\/31-141074571\/inter_umiliata_5-0_il_psg_campione_d_europa_triplete_luis_enrique\" target=\"_blank\" rel=\"noreferrer nofollow noopener\" title=\"https:\/\/www.tuttosport.com\/news\/calcio\/champions-league\/2025\/05\/31-141074571\/inter_umiliata_5-0_il_psg_campione_d_europa_triplete_luis_enrique\">Tuttosport<\/a> \u00e9gratigne lui aussi les Interistes, en titrant \u00abL\u2019Inter humili\u00e9e\u00bb. \u00abLes Nerazzurri d\u00e9bord\u00e9s, une finale \u00e0 sens unique. Dou\u00e9 rend fous Acerbi et ses co\u00e9quipiers, gloire aussi pour Kvaratskhelia\u00bb, pass\u00e9 par le club de Naples. Tuttosport ajoute : \u00abUne lourde d\u00e9faite qui restera dans l\u2019histoire\u00bb.<\/p>\n<p class=\"sc-ksZaOG ehjQrN text-element\">Du c\u00f4t\u00e9 de la presse allemande, <a href=\"https:\/\/www.bild.de\/sport\/fussball\/champions-league-inter-bricht-unter-den-hieben-der-pariser-zusammen-683bf4ab5f7a8d25a5bea3a7\" target=\"_blank\" rel=\"noreferrer nofollow noopener\" title=\"https:\/\/www.bild.de\/sport\/fussball\/champions-league-inter-bricht-unter-den-hieben-der-pariser-zusammen-683bf4ab5f7a8d25a5bea3a7\">Bild <\/a>s\u2019extasie : \u00abQuelle finale !\u00bb \u00abParis en \u00e9moi, l\u2019Inter en pleurs. Trop de rythme, trop de technique, trop de classe, cette \u00e9quipe du PSG \u00e9tait tout simplement trop bonne ! Pendant des ann\u00e9es, les dirigeants du club du cheikh ont mis\u00e9 sur des talents exceptionnels tels que Mbapp\u00e9, Neymar et Messi pour rapporter le troph\u00e9e en France. Cependant, cette victoire historique a \u00e9t\u00e9 remport\u00e9e par une \u00e9quipe sans superstar \u00e9vidente\u00bb.<\/p>\n<p class=\"sc-ksZaOG ehjQrN text-element\">Quant \u00e0 la <a href=\"https:\/\/www.bbc.com\/sport\/football\/articles\/c62xw76dyejo\" target=\"_blank\" rel=\"noreferrer nofollow noopener\" title=\"https:\/\/www.bbc.com\/sport\/football\/articles\/c62xw76dyejo\">BBC<\/a>, elle met elle aussi l\u2019accent sur Luis Enrique et D\u00e9sir\u00e9 Dou\u00e9 : \u00abLe PSG relook\u00e9 entre dans l\u2019histoire lors d\u2019une soir\u00e9e \u00e9mouvante pour Luis Enrique\u00bb, titre le m\u00e9dia anglais. \u00abLe brillant adolescent D\u00e9sir\u00e9 Dou\u00e9 a confirm\u00e9 son statut de moiti\u00e9 d\u2019un nouveau duo de jeunes superstars \u2013 aux c\u00f4t\u00e9s de Lamine Yamal de Barcelone \u2013 qui ont le g\u00e9nie de dominer le jeu pour les ann\u00e9es \u00e0 venir.\u00bb<\/p>\n<p class=\"sc-ksZaOG ehjQrN text-element\">Et en guise de bonus, comment ne pas citer la une de la Provence, maintenant que Marseille n\u2019est plus la seule \u00e9quipe fran\u00e7aise \u00e0 avoir soulever la coupe aux grandes oreilles ? \u00abA jamais les deuxi\u00e8mes\u00bb, titre ce dimanche le quotidien du Sud-Est, en r\u00e9f\u00e9rence \u00e0 l\u2019expression \u00abA jamais les premiers\u00bb r\u00e9p\u00e9t\u00e9e \u00e0 l\u2019envi par les Marseillais depuis 1993 et leur sacre inaugural contre le Milan AC.<\/p>\n","protected":false},"excerpt":{"rendered":"A Munich, le PSG a march\u00e9 sur l\u2019Inter Milan en finale de la Ligue des champions et r\u00e8gne&hellip;\n","protected":false},"author":2,"featured_media":144058,"comment_status":"","ping_status":"","sticky":false,"template":"","format":"standard","meta":{"footnotes":""},"categories":[2],"tags":[11,1011,27,447,12,93],"class_list":{"0":"post-144057","1":"post","2":"type-post","3":"status-publish","4":"format-standard","5":"has-post-thumbnail","7":"category-actualites","8":"tag-actualites","9":"tag-fr","10":"tag-france","11":"tag-ligue-des-champions","12":"tag-news","13":"tag-psg"},"share_on_mastodon":{"url":"https:\/\/pubeurope.com\/@fr\/114608178627476091","error":""},"_links":{"self":[{"href":"https:\/\/www.europesays.com\/fr\/wp-json\/wp\/v2\/posts\/144057","targetHints":{"allow":["GET"]}}],"collection":[{"href":"https:\/\/www.europesays.com\/fr\/wp-json\/wp\/v2\/posts"}],"about":[{"href":"https:\/\/www.europesays.com\/fr\/wp-json\/wp\/v2\/types\/post"}],"author":[{"embeddable":true,"href":"https:\/\/www.europesays.com\/fr\/wp-json\/wp\/v2\/users\/2"}],"replies":[{"embeddable":true,"href":"https:\/\/www.europesays.com\/fr\/wp-json\/wp\/v2\/comments?post=144057"}],"version-history":[{"count":0,"href":"https:\/\/www.europesays.com\/fr\/wp-json\/wp\/v2\/posts\/144057\/revisions"}],"wp:featuredmedia":[{"embeddable":true,"href":"https:\/\/www.europesays.com\/fr\/wp-json\/wp\/v2\/media\/144058"}],"wp:attachment":[{"href":"https:\/\/www.europesays.com\/fr\/wp-json\/wp\/v2\/media?parent=144057"}],"wp:term":[{"taxonomy":"category","embeddable":true,"href":"https:\/\/www.europesays.com\/fr\/wp-json\/wp\/v2\/categories?post=144057"},{"taxonomy":"post_tag","embeddable":true,"href":"https:\/\/www.europesays.com\/fr\/wp-json\/wp\/v2\/tags?post=144057"}],"curies":[{"name":"wp","href":"https:\/\/api.w.org\/{rel}","templated":true}]}}