{"id":144061,"date":"2025-06-01T12:48:11","date_gmt":"2025-06-01T12:48:11","guid":{"rendered":"https:\/\/www.europesays.com\/fr\/144061\/"},"modified":"2025-06-01T12:48:11","modified_gmt":"2025-06-01T12:48:11","slug":"meurthe-et-moselle-une-poussette-incendiee-au-parc-de-lembanie-a-heillecourt","status":"publish","type":"post","link":"https:\/\/www.europesays.com\/fr\/144061\/","title":{"rendered":"Meurthe-et-Moselle. Une poussette incendi\u00e9e au parc de l\u2019Embanie \u00e0 Heillecourt"},"content":{"rendered":"<p>Un triste spectacle \u2013 encore un \u2013 attendait les joueurs de p\u00e9tanque (qui n\u2019y sont pour rien) en ce premier dimanche de juin, \u00e0 proximit\u00e9 du boulodrome du parc de l\u2019Embanie, \u00e0 Heillecourt.<\/p>\n<p>Ce contenu est bloqu\u00e9 car vous n&rsquo;avez pas accept\u00e9 les cookies et autres traceurs.<\/p>\n<p>En cliquant sur \u00ab J\u2019accepte \u00bb, les cookies et autres traceurs seront d\u00e9pos\u00e9s et vous pourrez visualiser les contenus  (<a href=\"\" class=\"consentModule_policy\" target=\"_blank\" title=\"Consulter la politique de protection des donn\u00e9es du fournisseur\">plus d&rsquo;informations<\/a>).<\/p>\n<p>En cliquant sur \u00ab J\u2019accepte tous les cookies \u00bb, vous autorisez des d\u00e9p\u00f4ts de cookies et autres traceurs pour le stockage de vos donn\u00e9es sur nos sites et applications \u00e0 des fins de personnalisation et de ciblage publicitaire.<\/p>\n<p class=\"consentModule_secondaryText\">Vous gardez la possibilit\u00e9 de retirer votre consentement \u00e0 tout moment en consultant notre <a href=\"https:\/\/www.estrepublicain.fr\/protection-des-donnees\" target=\"_blank\" title=\"Consulter notre politique de protection des donn\u00e9es\" rel=\"noopener\">politique de protection des donn\u00e9es<\/a>. <br \/>&#13;<br \/>\n            <a href=\"https:\/\/www.estrepublicain.fr\/faits-divers-justice\/2025\/06\/01\/javascript:Didomi.notice.show()\" class=\"consentModule_cmp\" target=\"_blank\" rel=\"noopener\">G\u00e9rer mes choix<\/a>&#13;\n        <\/p>\n<p>&#13;<br \/>\n                        J&rsquo;accepte&#13;<br \/>\n            J&rsquo;accepte tous les cookies&#13;\n        <\/p>\n<p>Au milieu d\u2019un amas de d\u00e9tritus largement compos\u00e9 de bouteilles d\u2019alcool, on distinguait le ch\u00e2ssis et les roues de ce qui ressemblait \u00e0 une poussette.<\/p>\n<p>Le tout avait \u00e9t\u00e9 incendi\u00e9, probablement au cours de la nuit de samedi \u00e0 dimanche 1er \u00a0juin, dans la foul\u00e9e de l\u2019apr\u00e8s match de foot PSG &#8211; Milan.<\/p>\n<p>Le week-end dernier, ce sont des graffitis et autres tags, dont des croix gamm\u00e9es, qui \u00e9taient \u00e0 d\u00e9plorer sur le m\u00eame secteur. Alert\u00e9e, la police nationale s\u2019\u00e9tait d\u2019ailleurs d\u00e9plac\u00e9e pour effectuer les constatations et ouvrir une enqu\u00eate.<\/p>\n<p>Lors de l\u2019\u00e9dition de \u00ab\u00a0 <a href=\"https:\/\/www.estrepublicain.fr\/societe\/2025\/05\/17\/ma-ville-nature-commence-sous-le-soleil-se-poursuit-ce-dimanche\" target=\"_blank\" rel=\"noopener\">Heillecourt, ma ville nature<\/a> \u00a0\u00bb, les 17 et 18\u00a0mai, une manifestation familiale qui a attir\u00e9 quelque 3\u00a0000 personnes dans le parc, un pont en bois qui franchit le ruisseau \u00e0 proximit\u00e9 de l\u2019\u00e9tang, avait \u00e9t\u00e9 partiellement d\u00e9truit par un incendie criminel. Incendie qui avait n\u00e9cessit\u00e9 l\u2019intervention des pompiers.<\/p>\n<p>  Pas d\u2019interpellation<\/p>\n<p>Malgr\u00e9 les plaintes et signalements, incivilit\u00e9s et d\u00e9gradations s\u2019encha\u00eenent depuis pr\u00e8s d\u2019un mois au c\u0153ur de cet \u00e9crin de biodiversit\u00e9 tr\u00e8s pris\u00e9 des habitants de la commune et de la M\u00e9tropole. Pour l\u2019heure, les rondes al\u00e9atoires de la police municipale, y compris en soir\u00e9e, n\u2019y changent rien. La police nationale est, elle aussi, dans la boucle mais l\u00e0 encore, pas d\u2019interpellation de suspects.<\/p>\n<p>Le probl\u00e8me\u00a0a \u00e9t\u00e9 \u00e9voqu\u00e9 la semaine derni\u00e8re \u00e0 Ludres, lors de la r\u00e9union des acteurs du contrat local de s\u00e9curit\u00e9 intercommunal (CLSI). L\u2019\u00e9clairage du terrain de boules qui ne s\u2019\u00e9teint qu\u2019au petit matin car connect\u00e9 semble-t-il au r\u00e9seau public, inciterait \u00e0 des regroupements nocturnes de jeunes gens \u00e0 l\u2019origine de ces d\u00e9gradations.<\/p>\n","protected":false},"excerpt":{"rendered":"Un triste spectacle \u2013 encore un \u2013 attendait les joueurs de p\u00e9tanque (qui n\u2019y sont pour rien) en&hellip;\n","protected":false},"author":2,"featured_media":144062,"comment_status":"","ping_status":"","sticky":false,"template":"","format":"standard","meta":{"footnotes":""},"categories":[9635],"tags":[1111,11,271,272,1704,1777,674,274,1011,27,775,19913,1310,6364,3457,1702,12,25],"class_list":{"0":"post-144061","1":"post","2":"type-post","3":"status-publish","4":"format-standard","5":"has-post-thumbnail","7":"category-nancy","8":"tag-actu","9":"tag-actualites","10":"tag-crime","11":"tag-delit-et-contravention","12":"tag-edition-nancy-et-agglomeration","13":"tag-eu","14":"tag-europe","15":"tag-faits-divers-justice","16":"tag-fr","17":"tag-france","18":"tag-grand-est","19":"tag-heillecourt","20":"tag-incendie","21":"tag-metropole-du-grand-nancy-54b1","22":"tag-meurthe-et-moselle","23":"tag-nancy","24":"tag-news","25":"tag-republique-francaise"},"share_on_mastodon":{"url":"https:\/\/pubeurope.com\/@fr\/114608190572763758","error":""},"_links":{"self":[{"href":"https:\/\/www.europesays.com\/fr\/wp-json\/wp\/v2\/posts\/144061","targetHints":{"allow":["GET"]}}],"collection":[{"href":"https:\/\/www.europesays.com\/fr\/wp-json\/wp\/v2\/posts"}],"about":[{"href":"https:\/\/www.europesays.com\/fr\/wp-json\/wp\/v2\/types\/post"}],"author":[{"embeddable":true,"href":"https:\/\/www.europesays.com\/fr\/wp-json\/wp\/v2\/users\/2"}],"replies":[{"embeddable":true,"href":"https:\/\/www.europesays.com\/fr\/wp-json\/wp\/v2\/comments?post=144061"}],"version-history":[{"count":0,"href":"https:\/\/www.europesays.com\/fr\/wp-json\/wp\/v2\/posts\/144061\/revisions"}],"wp:featuredmedia":[{"embeddable":true,"href":"https:\/\/www.europesays.com\/fr\/wp-json\/wp\/v2\/media\/144062"}],"wp:attachment":[{"href":"https:\/\/www.europesays.com\/fr\/wp-json\/wp\/v2\/media?parent=144061"}],"wp:term":[{"taxonomy":"category","embeddable":true,"href":"https:\/\/www.europesays.com\/fr\/wp-json\/wp\/v2\/categories?post=144061"},{"taxonomy":"post_tag","embeddable":true,"href":"https:\/\/www.europesays.com\/fr\/wp-json\/wp\/v2\/tags?post=144061"}],"curies":[{"name":"wp","href":"https:\/\/api.w.org\/{rel}","templated":true}]}}