{"id":144073,"date":"2025-06-01T12:54:27","date_gmt":"2025-06-01T12:54:27","guid":{"rendered":"https:\/\/www.europesays.com\/fr\/144073\/"},"modified":"2025-06-01T12:54:27","modified_gmt":"2025-06-01T12:54:27","slug":"ou-chiner-ce-dimanche-voici-les-foires-a-tout-et-vide-greniers-annonces-en-seine-maritime","status":"publish","type":"post","link":"https:\/\/www.europesays.com\/fr\/144073\/","title":{"rendered":"O\u00f9 chiner ce dimanche ? Voici les foires \u00e0 tout et vide-greniers annonc\u00e9s en Seine-Maritime"},"content":{"rendered":"<p>            Par<br \/>\n        <strong><br \/>\n            <a href=\"https:\/\/actu.fr\/auteur\/yann-rivallan\" title=\"Consulter tous les articles de Yann Rivallan\" rel=\"nofollow noopener\" target=\"_blank\">Yann Rivallan<\/a><br \/>\n        <\/strong><\/p>\n<p>        Publi\u00e9 le<\/p>\n<p>            30 mai 2025 \u00e0 21h00<br \/>\n        ; mis \u00e0 jour le 31 mai 2025 \u00e0 17h37    <\/p>\n<p>Envie de profiter de ce week-end prolong\u00e9 (pour les plus chanceux) pour chiner\u2009? La r\u00e9daction de 76actu vous a concoct\u00e9, comme \u00e0 son habitude, une liste des diff\u00e9rentes <strong>foires \u00e0 tout et vide-greniers<\/strong> pr\u00e9vus dans l\u2019ensemble du d\u00e9partement de <a href=\"https:\/\/actu.fr\/normandie\/seine-maritime_76\" rel=\"nofollow noopener\" target=\"_blank\">Seine-Maritime<\/a>. Et avec le beau temps qui s\u2019annonce, les \u00e9v\u00e9nements seront nombreux pour ce week-end du 31 mai et 1er juin.<\/p>\n<p>Les foires \u00e0 tout du dimanche<\/p>\n<p class=\" wall-content\">\u2022 <strong>Auffay\u2009:<\/strong> foire \u00e0 tout au stade Municipal de 6h \u00e0 18h. Entre 100 et 200\u00a0exposants. Entr\u00e9e gratuite.<\/p>\n<p class=\" wall-content\">\u2022 <strong>Beauvoir-en-Lyons\u2009:<\/strong> foire \u00e0 tout dans le centre du village, de 7h \u00e0 18h. Entre 50 et 100\u00a0exposants. Entr\u00e9e gratuite.<\/p>\n<p class=\" wall-content\">\u2022 <strong>Belbeuf\u2009:<\/strong> foire \u00e0 tout \u00e0 la ZAC des Genetais, de 8h \u00e0 18h. Entre 100 et 200\u00a0exposants. Entr\u00e9e gratuite.<\/p>\n<p class=\" wall-content\">\u2022 <strong>Bolbec\u2009:<\/strong> grand vide-greniers sur le parking du Val-aux-Gr\u00e8s, de 7h \u00e0 17h. Entre 50 et 100\u00a0exposants. Entr\u00e9e\u2009: 1\u00a0euro.<\/p>\n<p class=\" wall-content\">\u2022 <strong>Bouville\u2009:<\/strong> foire \u00e0 tout au Stade Michel-Vautrot, de 7h \u00e0 18h. Entre 50 et 100\u00a0exposants. Entr\u00e9e gratuite.<\/p>\n<p>Vid\u00e9os : en ce moment sur Actu<\/p>\n<p class=\" wall-content\">\u2022 <strong>Dieppe\u2009:<\/strong> foire \u00e0 tout \u00e0 la salle Paul-Eluard, de 7h30 \u00e0 18h. Entre 50 et 100\u00a0exposants. Entr\u00e9e gratuite.<\/p>\n<p class=\" wall-content\">\u2022 <strong>\u00c9pinay-sur-Duclair\u2009:<\/strong> foire \u00e0 tout dans le bourg, de 9h \u00e0 18h. Moins de 50\u00a0exposants. Entr\u00e9e gratuite.<\/p>\n<p class=\" wall-content\">\u2022 <strong>Fontaine-le-Dun\u2009:<\/strong> foire \u00e0 tout sur la place des Hallettes, de 7h \u00e0 18h. Entre 50 et 100\u00a0exposants. Entr\u00e9e gratuite.<\/p>\n<p class=\" wall-content\">\u2022 <strong>Franqueville-Saint-Pierre\u2009:<\/strong> vide-greniers rue des Champs Fleuris, de 7h \u00e0 17h30. Plus de 300\u00a0exposants. Entr\u00e9e gratuite.<\/p>\n<p class=\" wall-content\">\u2022 <strong>Illois\u2009:<\/strong> foire \u00e0 tout dans le centre du village, de 6h30 \u00e0 18h. Entre 50 et 100\u00a0exposants. Entr\u00e9e gratuite.<\/p>\n<p class=\" wall-content\">\u2022 <strong>Incheville\u2009:<\/strong> vide-greniers sur la place de la mairie, de l\u2019\u00e9glise et du cin\u00e9ma, de 8h \u00e0 18h. Entr\u00e9e gratuite.<\/p>\n<p class=\" wall-content\">\u2022<strong> Lillebonne\u2009:<\/strong> grand vide-greniers sur la place de la mairie, de 7h \u00e0 19h. Entre 100 et 200\u00a0exposants. Entr\u00e9e\u2009: 1\u00a0euro.<\/p>\n<p class=\" wall-content\">\u2022 <strong>Octeville-sur-Mer\u2009:<\/strong> vide-greniers au stade Michel-Adam, de 7h \u00e0 18h. Entre 200 et 300\u00a0exposants. Entr\u00e9e\u2009: 1\u00a0euro.<\/p>\n<p class=\" wall-content\">\u2022 <strong>Ouville-l\u2019Abbaye\u2009:<\/strong> foire \u00e0 tout route de l\u2019Abbaye, de 8h \u00e0 17h. Moins de 50\u00a0exposants. Entr\u00e9e gratuite.<\/p>\n<p class=\" wall-content\">\u2022 <strong>Petit-Couronne\u2009:<\/strong> vide-greniers au stade Maurice-Ragot, de 6h \u00e0 18h. Entre 50 et 100\u00a0exposants. Entr\u00e9e gratuite.<\/p>\n<p class=\" wall-content\">\u2022 <strong>Rives-en-Seine\u2009:<\/strong> vide-greniers sur le quai Guilbaud, de 8h \u00e0 18h. Entr\u00e9e gratuite.<\/p>\n<p class=\" wall-content\">\u2022 <strong>Saint-\u00c9tienne-du-Rouvray\u2009:<\/strong> vide-greniers au 2 rue du Docteur Gallouen. Entre 50 et 100\u00a0exposants. Entr\u00e9e gratuite.<\/p>\n<p class=\" wall-content\">\u2022 <strong>Saint-Laurent-en-Caux\u2009:<\/strong> foire \u00e0 tout Place Jacques-Loutrel, de 8h \u00e0 18h. Entre 100 et 200\u00a0exposants. Entr\u00e9e gratuite.<\/p>\n<p class=\" wall-content\">\u2022 <strong>Saint-Ouen-du-Breuil\u2009:<\/strong> vide-greniers au stade Jean-Pierre-Orts, de 8h \u00e0 18h. Entre 50 et 100\u00a0exposants. Entr\u00e9e gratuite.<\/p>\n<p class=\" wall-content\">\u2022<strong> Saint-Romain-de-Colbosc\u2009:<\/strong> vide-greniers au Hyper U, de 8h \u00e0 18h. Entre 100 et 200\u00a0exposants. Entr\u00e9e\u2009: 1\u00a0euro.<\/p>\n<p class=\" wall-content\">\u2022 <strong>Sassetot-le-Mauconduit\u2009:<\/strong> foire \u00e0 tout au stade municipal. Entre 50 et 100\u00a0exposants. Entr\u00e9e\u2009: 1\u00a0euro.<\/p>\n<p class=\" wall-content\">\u2022 <strong>Sorquainville\u2009:<\/strong> foire \u00e0 tout sur la place de la mairie, de 8h \u00e0 17h. Moins de 50\u00a0exposants. Entr\u00e9e\u2009: 1\u00a0euro.<\/p>\n<p class=\" wall-content\">\u2022<strong> Sotteville-l\u00e8s-Rouen\u2009:<\/strong> foire \u00e0 tout place Pierre et Marie Curie, de 6h \u00e0 17h30. Entre 50 et 100\u00a0exposants. Entr\u00e9e gratuite.<\/p>\n<p class=\" wall-content\">\u2022 <strong>Valmont\u2009:<\/strong> vide-greniers au 16 place du Docteur Robert-Greverie, \u00e0 partir de 7h. Entre 50 et 100\u00a0exposants. Entr\u00e9e\u2009: 1\u00a0euro.<\/p>\n<p class=\" wall-content\">\u2022 <strong>Y\u00e9bleron\u2009:<\/strong> vide-greniers au stade de football. Entre 100 et 200\u00a0exposants. Entr\u00e9e\u2009: 1\u00a0euro.<\/p>\n<p class=\" wall-content\">\u2022 <strong>Yvetot\u2009:<\/strong> foire \u00e0 tout au champ de foire, de 6h \u00e0 18h. Entre 100 et 200\u00a0exposants. Entr\u00e9e gratuite.<\/p>\n<p>Vous souhaitez annoncer un \u00e9v\u00e9nement festif ou associatif, une initiative locale ? Rendez-vous sur notre plateforme <a href=\"https:\/\/www.infolocale.fr\/decouvrir\/actu\/\" rel=\"nofollow noopener\" target=\"_blank\">Infolocale<\/a>.<\/p>\n<p class=\" wall-content\">Suivez toute l\u2019actualit\u00e9 de vos villes et m\u00e9dias favoris en vous inscrivant \u00e0 <a href=\"https:\/\/moncompte.actu.fr\" title=\"D\u00e9couvez Mon Actu\" rel=\"nofollow noopener\" data-trk=\"{&quot;cta&quot;:{&quot;action&quot;:&quot;https:\\\/\\\/moncompte.actu.fr&quot;,&quot;category&quot;:&quot;mon compte&quot;,&quot;from&quot;:&quot;article footer&quot;,&quot;name&quot;:&quot;Mon actu&quot;,&quot;type&quot;:&quot;cta&quot;}}\" target=\"_blank\">Mon Actu<\/a>.<\/p>\n<ul class=\"ac-article-tag wall-content\">\n<li><a href=\"https:\/\/actu.fr\/tag\/foires-a-tout\" data-trk=\"{&quot;cta&quot;:{&quot;action&quot;:&quot;Foires \\u00e0 tout&quot;,&quot;category&quot;:&quot;tag&quot;,&quot;from&quot;:&quot;article footer&quot;,&quot;name&quot;:&quot;Foires \\u00e0 tout&quot;,&quot;type&quot;:&quot;cta&quot;}}\" rel=\"nofollow noopener\" target=\"_blank\">#Foires \u00e0 tout<\/a><\/li>\n<li><a href=\"https:\/\/actu.fr\/tag\/vide-greniers\" data-trk=\"{&quot;cta&quot;:{&quot;action&quot;:&quot;Vide-greniers&quot;,&quot;category&quot;:&quot;tag&quot;,&quot;from&quot;:&quot;article footer&quot;,&quot;name&quot;:&quot;Vide-greniers&quot;,&quot;type&quot;:&quot;cta&quot;}}\" rel=\"nofollow noopener\" target=\"_blank\">#Vide-greniers<\/a><\/li>\n<\/ul>\n","protected":false},"excerpt":{"rendered":"Par Yann Rivallan Publi\u00e9 le 30 mai 2025 \u00e0 21h00 ; mis \u00e0 jour le 31 mai 2025&hellip;\n","protected":false},"author":2,"featured_media":144074,"comment_status":"","ping_status":"","sticky":false,"template":"","format":"standard","meta":{"footnotes":""},"categories":[9587],"tags":[1111,11,1777,674,10087,1011,27,1652,12,5161,25,9590,3365],"class_list":{"0":"post-144073","1":"post","2":"type-post","3":"status-publish","4":"format-standard","5":"has-post-thumbnail","7":"category-rouen","8":"tag-actu","9":"tag-actualites","10":"tag-eu","11":"tag-europe","12":"tag-foires-a-tout","13":"tag-fr","14":"tag-france","15":"tag-loisirs-culture","16":"tag-news","17":"tag-normandie","18":"tag-republique-francaise","19":"tag-rouen","20":"tag-vide-greniers"},"share_on_mastodon":{"url":"https:\/\/pubeurope.com\/@fr\/114608214194610342","error":""},"_links":{"self":[{"href":"https:\/\/www.europesays.com\/fr\/wp-json\/wp\/v2\/posts\/144073","targetHints":{"allow":["GET"]}}],"collection":[{"href":"https:\/\/www.europesays.com\/fr\/wp-json\/wp\/v2\/posts"}],"about":[{"href":"https:\/\/www.europesays.com\/fr\/wp-json\/wp\/v2\/types\/post"}],"author":[{"embeddable":true,"href":"https:\/\/www.europesays.com\/fr\/wp-json\/wp\/v2\/users\/2"}],"replies":[{"embeddable":true,"href":"https:\/\/www.europesays.com\/fr\/wp-json\/wp\/v2\/comments?post=144073"}],"version-history":[{"count":0,"href":"https:\/\/www.europesays.com\/fr\/wp-json\/wp\/v2\/posts\/144073\/revisions"}],"wp:featuredmedia":[{"embeddable":true,"href":"https:\/\/www.europesays.com\/fr\/wp-json\/wp\/v2\/media\/144074"}],"wp:attachment":[{"href":"https:\/\/www.europesays.com\/fr\/wp-json\/wp\/v2\/media?parent=144073"}],"wp:term":[{"taxonomy":"category","embeddable":true,"href":"https:\/\/www.europesays.com\/fr\/wp-json\/wp\/v2\/categories?post=144073"},{"taxonomy":"post_tag","embeddable":true,"href":"https:\/\/www.europesays.com\/fr\/wp-json\/wp\/v2\/tags?post=144073"}],"curies":[{"name":"wp","href":"https:\/\/api.w.org\/{rel}","templated":true}]}}