{"id":144080,"date":"2025-06-01T12:59:16","date_gmt":"2025-06-01T12:59:16","guid":{"rendered":"https:\/\/www.europesays.com\/fr\/144080\/"},"modified":"2025-06-01T12:59:16","modified_gmt":"2025-06-01T12:59:16","slug":"incendie-dans-une-brocante-50-pompiers-mobilises-2","status":"publish","type":"post","link":"https:\/\/www.europesays.com\/fr\/144080\/","title":{"rendered":"Incendie dans une brocante, 50 pompiers mobilis\u00e9s"},"content":{"rendered":"<p>Samedi peu avant minuit, un <a href=\"https:\/\/www.20minutes.fr\/dossier\/incendie\" class=\"color-ultramarine c-link\" rel=\"nofollow noopener\" target=\"_blank\">incendie <\/a>s\u2019est d\u00e9clar\u00e9 dans une brocante situ\u00e9e au lieu-dit La Brohini\u00e8re, \u00e0 Montauban-de-Bretagne, pr\u00e8s de <a href=\"https:\/\/www.20minutes.fr\/rennes\/\" class=\"color-ultramarine c-link\" rel=\"nofollow noopener\" target=\"_blank\">Rennes<\/a>, rapporte <a href=\"https:\/\/www.ouest-france.fr\/faits-divers\/incendie\/un-spectaculaire-incendie-ravage-une-brocante-pres-de-rennes-90-pompiers-mobilises-bebe065c-3e81-11f0-9838-46aa9b466e5f\" target=\"_blank\" class=\"color-ultramarine c-link\" rel=\"nofollow noopener\">Ouest-France<\/a>. Le feu est attis\u00e9 par une importante quantit\u00e9 de meubles stock\u00e9s dans les locaux et des bouteilles de gaz, pr\u00e9sentes dans le logement du propri\u00e9taire, qui jouxte la brocante.<\/p>\n<p>Un d\u00e9part de feu accidentel<\/p>\n<p>Jusqu\u2019\u00e0 90 pompiers ont \u00e9t\u00e9 mobilis\u00e9s et 50 sont encore pr\u00e9sents sur place ce dimanche matin. Aucun bless\u00e9 n\u2019est \u00e0 d\u00e9plorer. Quatre maisons proches des entrep\u00f4ts de la brocante ont \u00e9t\u00e9 \u00e9vacu\u00e9es par pr\u00e9caution.<\/p>\n<p>Ce serait un proche du propri\u00e9taire qui aurait d\u00e9clench\u00e9 accidentellement l\u2019incendie en br\u00fblant des cartons dans un bidon.<\/p>\n","protected":false},"excerpt":{"rendered":"Samedi peu avant minuit, un incendie s\u2019est d\u00e9clar\u00e9 dans une brocante situ\u00e9e au lieu-dit La Brohini\u00e8re, \u00e0 Montauban-de-Bretagne,&hellip;\n","protected":false},"author":2,"featured_media":144081,"comment_status":"","ping_status":"","sticky":false,"template":"","format":"standard","meta":{"footnotes":""},"categories":[2821],"tags":[1111,47,11,829,1777,674,118,1011,27,848,1310,12,1311,584,25],"class_list":{"0":"post-144080","1":"post","2":"type-post","3":"status-publish","4":"format-standard","5":"has-post-thumbnail","7":"category-rennes","8":"tag-actu","9":"tag-actualite","10":"tag-actualites","11":"tag-bretagne","12":"tag-eu","13":"tag-europe","14":"tag-faits-divers","15":"tag-fr","16":"tag-france","17":"tag-ille-et-vilaine","18":"tag-incendie","19":"tag-news","20":"tag-pompiers","21":"tag-rennes","22":"tag-republique-francaise"},"share_on_mastodon":{"url":"https:\/\/pubeurope.com\/@fr\/114608233796468048","error":""},"_links":{"self":[{"href":"https:\/\/www.europesays.com\/fr\/wp-json\/wp\/v2\/posts\/144080","targetHints":{"allow":["GET"]}}],"collection":[{"href":"https:\/\/www.europesays.com\/fr\/wp-json\/wp\/v2\/posts"}],"about":[{"href":"https:\/\/www.europesays.com\/fr\/wp-json\/wp\/v2\/types\/post"}],"author":[{"embeddable":true,"href":"https:\/\/www.europesays.com\/fr\/wp-json\/wp\/v2\/users\/2"}],"replies":[{"embeddable":true,"href":"https:\/\/www.europesays.com\/fr\/wp-json\/wp\/v2\/comments?post=144080"}],"version-history":[{"count":0,"href":"https:\/\/www.europesays.com\/fr\/wp-json\/wp\/v2\/posts\/144080\/revisions"}],"wp:featuredmedia":[{"embeddable":true,"href":"https:\/\/www.europesays.com\/fr\/wp-json\/wp\/v2\/media\/144081"}],"wp:attachment":[{"href":"https:\/\/www.europesays.com\/fr\/wp-json\/wp\/v2\/media?parent=144080"}],"wp:term":[{"taxonomy":"category","embeddable":true,"href":"https:\/\/www.europesays.com\/fr\/wp-json\/wp\/v2\/categories?post=144080"},{"taxonomy":"post_tag","embeddable":true,"href":"https:\/\/www.europesays.com\/fr\/wp-json\/wp\/v2\/tags?post=144080"}],"curies":[{"name":"wp","href":"https:\/\/api.w.org\/{rel}","templated":true}]}}