{"id":144087,"date":"2025-06-01T13:04:38","date_gmt":"2025-06-01T13:04:38","guid":{"rendered":"https:\/\/www.europesays.com\/fr\/144087\/"},"modified":"2025-06-01T13:04:38","modified_gmt":"2025-06-01T13:04:38","slug":"les-eleves-du-theatre-populaire-nantais-se-jettent-dans-le-grand-bain-autour-de-la-sororite","status":"publish","type":"post","link":"https:\/\/www.europesays.com\/fr\/144087\/","title":{"rendered":"Les \u00e9l\u00e8ves du Th\u00e9\u00e2tre populaire nantais se jettent dans le Grand bain autour de la sororit\u00e9"},"content":{"rendered":"<p>Les \u00e9l\u00e8ves du Th\u00e9\u00e2tre populaire nantais vont plonger dans le Grand bain, du mardi\u00a03 au samedi 14\u00a0juin, au <a href=\"https:\/\/nantes.maville.com\/actu\/actudet_-au-theatre-de-la-rue-de-belleville-a-nantes-quatre-creations-devoilees-au-printemps-_8-6714513_actu.Htm\" target=\"_blank\" rel=\"noopener\">Th\u00e9\u00e2tre de la rue de Belleville<\/a>, non loin de la place Mellinet, \u00e0 Nantes (Loire-Atlantique). Apr\u00e8s trois\u00a0ann\u00e9es de formation, les aspirantes com\u00e9diennes, dramaturges ou metteuses en sc\u00e8ne vont montrer leur cr\u00e9ation au public.<\/p>\n<p>Ce festival se tient tous les ans, depuis 2017. Cette ann\u00e9e, une demi-douzaine de propositions ont \u00e9t\u00e9 retenues. Parmi celles-ci, Invincibles, une adaptation de L\u2019invisible \u00e9t\u00e9 de Liliana, de Cristina Rivera Garza (vendredi\u00a013 et samedi 14\u00a0juin, \u00e0 19\u00a0h). Cette pi\u00e8ce est la narration po\u00e9tique des souvenirs partag\u00e9s d\u2019une femme avec sa s\u0153ur morte par f\u00e9minicide.<\/p>\n<p>Des s\u0153urs au c\u0153ur des pi\u00e8ces<\/p>\n<p>Le public pourra aussi assister \u00e0 Cr\u00e8ve-c\u0153ur, de la jeune Andr\u00e9a Zitouni (mardi\u00a03 et mercredi 4\u00a0juin, \u00e0 20\u00a0h), un huis clos dramatique dans lequel deux s\u0153urs se d\u00e9m\u00e8nent pour exister. Sur un th\u00e8me commun, D\u00e9pendances, de Charif Ghattas (vendredi\u00a013 et samedi 14\u00a0juin, \u00e0 21\u00a0h), \u00e9voque le sort de deux s\u0153urs qui se retrouvent dans leur appartement d\u2019enfance pour d\u00e9cider de ce qu\u2019elles en font\u2026 Entre disputes et complicit\u00e9, vont se jouer et se nouer des rapports profonds, allant de l\u2019individuelle \u00e0 l\u2019universelle.<\/p>\n<p><strong>Du mardi\u00a03 au samedi 14\u00a0juin,<\/strong> au Th\u00e9\u00e2tre de la rue de Belleville, 19, rue de Belleville, \u00e0 Nantes, 12\u00a0\u20ac, reservation@ruedebelleville.net, t\u00e9l. 02\u00a040\u00a069\u00a062\u00a020, <a href=\"https:\/\/nantes.maville.com\/actu\/ruedebelleville.net\" target=\"_blank\" rel=\"noopener\">ruedebelleville.net<\/a>.<\/p>\n<p>\u00a0<\/p>\n","protected":false},"excerpt":{"rendered":"Les \u00e9l\u00e8ves du Th\u00e9\u00e2tre populaire nantais vont plonger dans le Grand bain, du mardi\u00a03 au samedi 14\u00a0juin, au&hellip;\n","protected":false},"author":2,"featured_media":144088,"comment_status":"","ping_status":"","sticky":false,"template":"","format":"standard","meta":{"footnotes":""},"categories":[2818],"tags":[1111,11,7051,27245,1121,1777,674,1011,27,2515,27244,4715,766,12,2636,11666,25,27246,1347],"class_list":{"0":"post-144087","1":"post","2":"type-post","3":"status-publish","4":"format-standard","5":"has-post-thumbnail","7":"category-nantes","8":"tag-actu","9":"tag-actualites","10":"tag-autour","11":"tag-bain","12":"tag-eleves","13":"tag-eu","14":"tag-europe","15":"tag-fr","16":"tag-france","17":"tag-grand","18":"tag-jettent","19":"tag-nantais","20":"tag-nantes","21":"tag-news","22":"tag-pays-de-la-loire","23":"tag-populaire","24":"tag-republique-francaise","25":"tag-sororite","26":"tag-theatre"},"share_on_mastodon":{"url":"https:\/\/pubeurope.com\/@fr\/114608254192642835","error":""},"_links":{"self":[{"href":"https:\/\/www.europesays.com\/fr\/wp-json\/wp\/v2\/posts\/144087","targetHints":{"allow":["GET"]}}],"collection":[{"href":"https:\/\/www.europesays.com\/fr\/wp-json\/wp\/v2\/posts"}],"about":[{"href":"https:\/\/www.europesays.com\/fr\/wp-json\/wp\/v2\/types\/post"}],"author":[{"embeddable":true,"href":"https:\/\/www.europesays.com\/fr\/wp-json\/wp\/v2\/users\/2"}],"replies":[{"embeddable":true,"href":"https:\/\/www.europesays.com\/fr\/wp-json\/wp\/v2\/comments?post=144087"}],"version-history":[{"count":0,"href":"https:\/\/www.europesays.com\/fr\/wp-json\/wp\/v2\/posts\/144087\/revisions"}],"wp:featuredmedia":[{"embeddable":true,"href":"https:\/\/www.europesays.com\/fr\/wp-json\/wp\/v2\/media\/144088"}],"wp:attachment":[{"href":"https:\/\/www.europesays.com\/fr\/wp-json\/wp\/v2\/media?parent=144087"}],"wp:term":[{"taxonomy":"category","embeddable":true,"href":"https:\/\/www.europesays.com\/fr\/wp-json\/wp\/v2\/categories?post=144087"},{"taxonomy":"post_tag","embeddable":true,"href":"https:\/\/www.europesays.com\/fr\/wp-json\/wp\/v2\/tags?post=144087"}],"curies":[{"name":"wp","href":"https:\/\/api.w.org\/{rel}","templated":true}]}}