{"id":144092,"date":"2025-06-01T13:07:10","date_gmt":"2025-06-01T13:07:10","guid":{"rendered":"https:\/\/www.europesays.com\/fr\/144092\/"},"modified":"2025-06-01T13:07:10","modified_gmt":"2025-06-01T13:07:10","slug":"bordeaux-annecy-en-direct-bord-terrain-avant-match-depuis-le-stade-sainte-germaine","status":"publish","type":"post","link":"https:\/\/www.europesays.com\/fr\/144092\/","title":{"rendered":"Bordeaux-Annecy en direct : bord terrain, avant match depuis le stade Sainte-Germaine"},"content":{"rendered":"<p>\n    01\/06 &#8211; 14:10 | Il y a<br \/>\n    57 minutes\n  <\/p>\n<p><strong>Nous faisons un point complet en direct du Stade Sainte-Germaine du Bouscat avant le coup d&rsquo;envoi du match entre les Girondins de Bordeaux et le FC Annecy, barrage aller d&rsquo;accession \u00e0 la Division 3 f\u00e9minine. Cette \u00e9mission d\u00e9marre \u00e0 14h25, le coup d&rsquo;envoi du match est \u00e0 15h.<\/strong><\/p>\n<p><img decoding=\"async\" src=\"https:\/\/www.europesays.com\/fr\/wp-content\/uploads\/2025\/06\/671_1a259407059cf727f6b4e6780e2064f5.png\" alt=\"Bordeaux-Annecy en direct : bord terrain, avant match depuis le stade Sainte-Germaine\" class=\"img-responsive mt-3\"\/><\/p>\n<p class=\"text-center mb-3\" style=\"font-size: 14px\">\u00a9 Iconsport<\/p>\n<p>Regardez cette \u00e9mission sur cette page ou sur la <a href=\"https:\/\/www.youtube.com\/watch?v=YkhWGQ7V5os\" target=\"_blank\" rel=\"noopener\">cha\u00eene YouTube de WebGirondins<\/a>.<\/p>\n<p>Ce navigateur ne supporte pas les iframes<\/p>\n<p>\u00a0<\/p>\n<p style=\"text-align: justify;\">\u00c0 lire aussi &gt;&gt; <strong><a href=\"https:\/\/www.webgirondins.com\/actualite-girondins-girondins-pour-oliver-kahn-c-est-une-course-contre-la-montre-129262\" target=\"_blank\" rel=\"noopener\">Girondins : \u00ab\u00a0Pour Oliver Kahn c&rsquo;est une course contre la montre\u201d<\/a><\/strong><\/p>\n<p style=\"text-align: justify;\">Notre podcast court \u00e0 \u00e9couter :<\/p>\n<p>\u00a0<\/p>\n<p>    <a href=\"https:\/\/www.webgirondins.com\/actualites-categorie-webgirondins-tv-12\" target=\"_blank\" rel=\"noopener\">#WebGirondins TV<\/a><\/p>\n<p>  COMMENTAIRES<br \/>\n  ()<\/p>\n","protected":false},"excerpt":{"rendered":"01\/06 &#8211; 14:10 | Il y a 57 minutes Nous faisons un point complet en direct du Stade&hellip;\n","protected":false},"author":2,"featured_media":144093,"comment_status":"","ping_status":"","sticky":false,"template":"","format":"standard","meta":{"footnotes":""},"categories":[2817],"tags":[8369,1111,11,7827,3853,3917,14760,3944,1997,27025,3949,3952,394,814,8374,2834,3953,1777,674,3947,1011,27,27024,1987,955,12,3946,2219,3948,25,21851,2858,3945],"class_list":{"0":"post-144092","1":"post","2":"type-post","3":"status-publish","4":"format-standard","5":"has-post-thumbnail","7":"category-bordeaux","8":"tag-accession","9":"tag-actu","10":"tag-actualites","11":"tag-aller","12":"tag-annecy","13":"tag-avant","14":"tag-barrage","15":"tag-bord","16":"tag-bordeaux","17":"tag-bouscat","18":"tag-complet","19":"tag-coup","20":"tag-depuis","21":"tag-direct","22":"tag-division","23":"tag-entre","24":"tag-envoi","25":"tag-eu","26":"tag-europe","27":"tag-faisons","28":"tag-fr","29":"tag-france","30":"tag-germaine","31":"tag-girondins","32":"tag-match","33":"tag-news","34":"tag-nous","35":"tag-nouvelle-aquitaine","36":"tag-point","37":"tag-republique-francaise","38":"tag-sainte","39":"tag-stade","40":"tag-terrain"},"share_on_mastodon":{"url":"https:\/\/pubeurope.com\/@fr\/114608265309843267","error":""},"_links":{"self":[{"href":"https:\/\/www.europesays.com\/fr\/wp-json\/wp\/v2\/posts\/144092","targetHints":{"allow":["GET"]}}],"collection":[{"href":"https:\/\/www.europesays.com\/fr\/wp-json\/wp\/v2\/posts"}],"about":[{"href":"https:\/\/www.europesays.com\/fr\/wp-json\/wp\/v2\/types\/post"}],"author":[{"embeddable":true,"href":"https:\/\/www.europesays.com\/fr\/wp-json\/wp\/v2\/users\/2"}],"replies":[{"embeddable":true,"href":"https:\/\/www.europesays.com\/fr\/wp-json\/wp\/v2\/comments?post=144092"}],"version-history":[{"count":0,"href":"https:\/\/www.europesays.com\/fr\/wp-json\/wp\/v2\/posts\/144092\/revisions"}],"wp:featuredmedia":[{"embeddable":true,"href":"https:\/\/www.europesays.com\/fr\/wp-json\/wp\/v2\/media\/144093"}],"wp:attachment":[{"href":"https:\/\/www.europesays.com\/fr\/wp-json\/wp\/v2\/media?parent=144092"}],"wp:term":[{"taxonomy":"category","embeddable":true,"href":"https:\/\/www.europesays.com\/fr\/wp-json\/wp\/v2\/categories?post=144092"},{"taxonomy":"post_tag","embeddable":true,"href":"https:\/\/www.europesays.com\/fr\/wp-json\/wp\/v2\/tags?post=144092"}],"curies":[{"name":"wp","href":"https:\/\/api.w.org\/{rel}","templated":true}]}}